{"id":61643,"date":"2025-11-21T11:13:38","date_gmt":"2025-11-21T14:13:38","guid":{"rendered":"https:\/\/radiorevelacionfm.cl\/?p=61643"},"modified":"2025-11-21T11:13:38","modified_gmt":"2025-11-21T14:13:38","slug":"turismo-lago-cochrane-impulsa-promocion-especial-para-personas-mayores-y-abre-la-temporada-invitando-a-conocer-el-rio-y-lago-cochrane","status":"publish","type":"post","link":"https:\/\/radiorevelacionfm.cl\/?p=61643","title":{"rendered":"Turismo Lago Cochrane impulsa promoci\u00f3n especial para personas mayores y abre la temporada invitando a conocer el r\u00edo y Lago Cochrane"},"content":{"rendered":"<div class=\"flex_column av_one_full  flex_column_div av-zero-column-padding first  avia-builder-el-0  el_before_av_one_full  avia-builder-el-first  \" style='border-radius:0px; '><div  class='avia-image-container  av-styling-    avia-builder-el-1  avia-builder-el-no-sibling  avia-align-center '  itemprop=\"image\" itemscope=\"itemscope\" itemtype=\"https:\/\/schema.org\/ImageObject\"  ><div class='avia-image-container-inner'><div class='avia-image-overlay-wrap'><img decoding=\"async\" class='wp-image-61644 avia-img-lazy-loading-not-61644 avia_image' src=\"https:\/\/radiorevelacionfm.cl\/wp-content\/uploads\/2025\/11\/paseo-personas-mayores-residentes-cochrane-5-1_optimized.jpg\" alt='' title='paseo-personas-mayores-residentes-cochrane-(5)-(1)_optimized' height=\"600\" width=\"900\"  itemprop=\"thumbnailUrl\" srcset=\"https:\/\/radiorevelacionfm.cl\/wp-content\/uploads\/2025\/11\/paseo-personas-mayores-residentes-cochrane-5-1_optimized.jpg 900w, https:\/\/radiorevelacionfm.cl\/wp-content\/uploads\/2025\/11\/paseo-personas-mayores-residentes-cochrane-5-1_optimized-300x200.jpg 300w, https:\/\/radiorevelacionfm.cl\/wp-content\/uploads\/2025\/11\/paseo-personas-mayores-residentes-cochrane-5-1_optimized-768x512.jpg 768w, https:\/\/radiorevelacionfm.cl\/wp-content\/uploads\/2025\/11\/paseo-personas-mayores-residentes-cochrane-5-1_optimized-705x470.jpg 705w, https:\/\/radiorevelacionfm.cl\/wp-content\/uploads\/2025\/11\/paseo-personas-mayores-residentes-cochrane-5-1_optimized-450x300.jpg 450w, https:\/\/radiorevelacionfm.cl\/wp-content\/uploads\/2025\/11\/paseo-personas-mayores-residentes-cochrane-5-1_optimized-600x400.jpg 600w\" sizes=\"(max-width: 900px) 100vw, 900px\" \/><\/div><\/div><\/div><\/div><div class=\"flex_column av_one_full  flex_column_div av-zero-column-padding first  avia-builder-el-2  el_after_av_one_full  el_before_av_one_full  column-top-margin\" style='border-radius:0px; '><section class=\"av_textblock_section \"  itemscope=\"itemscope\" itemtype=\"https:\/\/schema.org\/BlogPosting\" itemprop=\"blogPost\" ><div class='avia_textblock  '   itemprop=\"text\" ><p style=\"text-align: center;\"><strong><span style=\"font-size: 18pt;\">Turismo Lago Cochrane impulsa promoci\u00f3n especial para personas mayores y abre la temporada invitando a conocer el r\u00edo y Lago Cochrane<\/span><\/strong><\/p>\n<div id=\"gtx-trans\" style=\"position: absolute; left: -50px; top: 4.31534px;\">\n<div class=\"gtx-trans-icon\"><\/div>\n<\/div>\n<\/div><\/section><\/div><div class=\"flex_column av_one_full  flex_column_div av-zero-column-padding first  avia-builder-el-4  el_after_av_one_full  el_before_av_hr  column-top-margin\" style='border-radius:0px; '><section class=\"av_textblock_section \"  itemscope=\"itemscope\" itemtype=\"https:\/\/schema.org\/BlogPosting\" itemprop=\"blogPost\" ><div class='avia_textblock  '   itemprop=\"text\" ><p style=\"text-align: justify;\">Diez personas mayores de Cochrane vivieron una jornada inolvidable gracias a la iniciativa comunitaria de <strong>Turismo Lago Cochrane<\/strong>, emprendimiento liderado por <strong>Ismael Irquen<\/strong>, quien decidi\u00f3 abrir la temporada con una promoci\u00f3n especial dirigida exclusivamente a residentes de la comuna y que sean personas mayores, bastando solo con presentar c\u00e9dula de identidad que indique domicilio en Cochrane. La actividad consisti\u00f3 en un paseo gratuito por el R\u00edo y Lago Cochrane, conocido localmente como Lago Chico, y es parte de un esfuerzo por acercar estas experiencias a quienes han dedicado su vida al desarrollo de la comunidad.<\/p>\n<p style=\"text-align: justify;\">El recorrido comenz\u00f3 por el R\u00edo Cochrane, reconocido como uno de los r\u00edos m\u00e1s transparentes del mundo, lo que permiti\u00f3 a los participantes disfrutar paisajes \u00fanicos, de aguas pr\u00edstinas y entornos que reflejan la identidad natural de Cochrane. Para muchas de las personas invitadas, fue la <strong>primera vez<\/strong> navegando estos sectores, pese a toda una vida residiendo en la comuna.<\/p>\n<p style=\"text-align: justify;\">Ismael Irquen explic\u00f3 que esta acci\u00f3n nace desde su profundo arraigo territorial y el deseo de que las personas mayores puedan conocer, vivir y disfrutar estos lugares que tantas veces han visto desde lejos. La Municipalidad de Cochrane colabor\u00f3 en el traslado de los participantes, mientras Turismo Lago Cochrane dispuso la embarcaci\u00f3n, los equipos de navegaci\u00f3n y el acompa\u00f1amiento en terreno.<\/p>\n<p style=\"text-align: justify;\">Los testimonios de la jornada reflejan la emoci\u00f3n vivida.<br \/>\n<strong>Gavi Alvarado, presidenta de la Uni\u00f3n Comunal de Personas Mayores<\/strong>, destac\u00f3 que \u201cla naturaleza nos acompa\u00f1\u00f3 con un d\u00eda hermoso y lo pasamos incre\u00edble\u201d.<br \/>\n<strong>Margarita Baigorria<\/strong>, del sector R\u00edo Baker, valor\u00f3 la oportunidad se\u00f1alando que fue \u201cun lujo vivir esta experiencia, una que muchos de nuestros padres y abuelos tambi\u00e9n habr\u00edan querido disfrutar\u201d.<\/p>\n<p style=\"text-align: justify;\">En tanto, <strong>Elena Rial<\/strong>, del sector R\u00edo Neff, relat\u00f3 con emoci\u00f3n que nunca hab\u00eda navegado el Lago Cochrane y que este paseo signific\u00f3 para ella \u201caclarar la mente y reencontrarse con la belleza del lugar\u201d.<\/p>\n<p style=\"text-align: justify;\">Desde la <strong>Municipalidad de Cochrane, el encargado de Turismo, Javier Mu\u00f1oz Maldonado,<\/strong> agradeci\u00f3 la iniciativa, destacando que este tipo de acciones permiten promover las experiencias n\u00e1uticas locales y posicionar al R\u00edo y Lago Cochrane como un atractivo de calidad, accesible y disponible durante todo el a\u00f1o. A\u00f1adi\u00f3 que las navegaciones tur\u00edsticas que suelen extenderse entre dos y tres horas se han transformado en una alternativa segura, familiar y muy valorada tanto por vecinos como por visitantes. Para las salidas especiales son exclusivamente dirigidas a personas mayores, y reiter\u00f3 que el \u00fanico requisito es acreditar con su c\u00e9dula de identidad la residencia.<\/p>\n<p style=\"text-align: justify;\">Finalmente, la iniciativa sigue extendida para que clubes y organizaciones de personas mayores puedan coordinar una salida especial y sumarse a esta experiencia que combina naturaleza, turismo local y reconocimiento a quienes han construido la historia de Cochrane.<\/p>\n<p style=\"text-align: justify;\">Para consultas o reservas, las personas pueden contactar a Turismo Lago Cochrane en Instagram @turismo_lago_cochrane o al tel\u00e9fono +56 9 3432 8362.<\/p>\n<\/div><\/section><\/div><div  style='height:50px' class='hr hr-invisible   avia-builder-el-6  el_after_av_one_full  el_before_av_social_share '><span class='hr-inner ' ><span class='hr-inner-style'><\/span><\/span><\/div><\/p>\n<div  class='av-social-sharing-box  avia-builder-el-7  el_after_av_hr  el_before_av_hr  '><div class='av-share-box'><h5 class='av-share-link-description av-no-toc '>Compartir esta noticia<\/h5><ul class='av-share-box-list noLightbox'><li class='av-share-link av-social-link-facebook' ><a target=\"_blank\" aria-label=\"Compartir en Facebook\" href='https:\/\/www.facebook.com\/sharer.php?u=https:\/\/radiorevelacionfm.cl\/?p=61643&#038;t=Turismo%20Lago%20Cochrane%20impulsa%20promoci%C3%B3n%20especial%20para%20personas%20mayores%20y%20abre%20la%20temporada%20invitando%20a%20conocer%20el%20r%C3%ADo%20y%20Lago%20Cochrane' aria-hidden='false' data-av_icon='\ue8f3' data-av_iconfont='entypo-fontello' title='' data-avia-related-tooltip='Compartir en Facebook' rel=\"noopener\"><span class='avia_hidden_link_text'>Compartir en Facebook<\/span><\/a><\/li><li class='av-share-link av-social-link-twitter' ><a target=\"_blank\" aria-label=\"Compartir en Twitter\" href='https:\/\/twitter.com\/share?text=Turismo%20Lago%20Cochrane%20impulsa%20promoci%C3%B3n%20especial%20para%20personas%20mayores%20y%20abre%20la%20temporada%20invitando%20a%20conocer%20el%20r%C3%ADo%20y%20Lago%20Cochrane&#038;url=https:\/\/radiorevelacionfm.cl\/?p=61643' aria-hidden='false' data-av_icon='\ue8f1' data-av_iconfont='entypo-fontello' title='' data-avia-related-tooltip='Compartir en Twitter' rel=\"noopener\"><span class='avia_hidden_link_text'>Compartir en Twitter<\/span><\/a><\/li><li class='av-share-link av-social-link-whatsapp' ><a target=\"_blank\" aria-label=\"Compartir en Whatsapp\" href='https:\/\/api.whatsapp.com\/send?text=https:\/\/radiorevelacionfm.cl\/?p=61643' aria-hidden='false' data-av_icon='\uf232' data-av_iconfont='entypo-fontello' title='' data-avia-related-tooltip='Compartir en Whatsapp' rel=\"noopener\"><span class='avia_hidden_link_text'>Compartir en Whatsapp<\/span><\/a><\/li><li class='av-share-link av-social-link-linkedin' ><a target=\"_blank\" aria-label=\"Compartir en LinkedIn\" href='https:\/\/linkedin.com\/shareArticle?mini=true&#038;title=Turismo%20Lago%20Cochrane%20impulsa%20promoci%C3%B3n%20especial%20para%20personas%20mayores%20y%20abre%20la%20temporada%20invitando%20a%20conocer%20el%20r%C3%ADo%20y%20Lago%20Cochrane&#038;url=https:\/\/radiorevelacionfm.cl\/?p=61643' aria-hidden='false' data-av_icon='\ue8fc' data-av_iconfont='entypo-fontello' title='' data-avia-related-tooltip='Compartir en LinkedIn' rel=\"noopener\"><span class='avia_hidden_link_text'>Compartir en LinkedIn<\/span><\/a><\/li><li class='av-share-link av-social-link-mail' ><a  aria-label=\"Compartir por correo\" href='mailto:?subject=Turismo%20Lago%20Cochrane%20impulsa%20promoci%C3%B3n%20especial%20para%20personas%20mayores%20y%20abre%20la%20temporada%20invitando%20a%20conocer%20el%20r%C3%ADo%20y%20Lago%20Cochrane&#038;body=https:\/\/radiorevelacionfm.cl\/?p=61643' aria-hidden='false' data-av_icon='\ue805' data-av_iconfont='entypo-fontello' title='' data-avia-related-tooltip='Compartir por correo'><span class='avia_hidden_link_text'>Compartir por correo<\/span><\/a><\/li><\/ul><\/div><\/div>\n<div  style='height:50px' class='hr hr-invisible   avia-builder-el-8  el_after_av_social_share  el_before_av_comments_list '><span class='hr-inner ' ><span class='hr-inner-style'><\/span><\/span><\/div>\n<div  class='av-buildercomment  av-blog-meta-html-info-disabled av-blog-meta-tag-disabled  '><\/div>\n","protected":false},"excerpt":{"rendered":"","protected":false},"author":1,"featured_media":61644,"comment_status":"closed","ping_status":"closed","sticky":false,"template":"","format":"standard","meta":{"footnotes":""},"categories":[54],"tags":[],"class_list":["post-61643","post","type-post","status-publish","format-standard","has-post-thumbnail","hentry","category-turismo"],"jetpack_featured_media_url":"https:\/\/radiorevelacionfm.cl\/wp-content\/uploads\/2025\/11\/paseo-personas-mayores-residentes-cochrane-5-1_optimized.jpg","_links":{"self":[{"href":"https:\/\/radiorevelacionfm.cl\/index.php?rest_route=\/wp\/v2\/posts\/61643","targetHints":{"allow":["GET"]}}],"collection":[{"href":"https:\/\/radiorevelacionfm.cl\/index.php?rest_route=\/wp\/v2\/posts"}],"about":[{"href":"https:\/\/radiorevelacionfm.cl\/index.php?rest_route=\/wp\/v2\/types\/post"}],"author":[{"embeddable":true,"href":"https:\/\/radiorevelacionfm.cl\/index.php?rest_route=\/wp\/v2\/users\/1"}],"replies":[{"embeddable":true,"href":"https:\/\/radiorevelacionfm.cl\/index.php?rest_route=%2Fwp%2Fv2%2Fcomments&post=61643"}],"version-history":[{"count":2,"href":"https:\/\/radiorevelacionfm.cl\/index.php?rest_route=\/wp\/v2\/posts\/61643\/revisions"}],"predecessor-version":[{"id":61646,"href":"https:\/\/radiorevelacionfm.cl\/index.php?rest_route=\/wp\/v2\/posts\/61643\/revisions\/61646"}],"wp:featuredmedia":[{"embeddable":true,"href":"https:\/\/radiorevelacionfm.cl\/index.php?rest_route=\/wp\/v2\/media\/61644"}],"wp:attachment":[{"href":"https:\/\/radiorevelacionfm.cl\/index.php?rest_route=%2Fwp%2Fv2%2Fmedia&parent=61643"}],"wp:term":[{"taxonomy":"category","embeddable":true,"href":"https:\/\/radiorevelacionfm.cl\/index.php?rest_route=%2Fwp%2Fv2%2Fcategories&post=61643"},{"taxonomy":"post_tag","embeddable":true,"href":"https:\/\/radiorevelacionfm.cl\/index.php?rest_route=%2Fwp%2Fv2%2Ftags&post=61643"}],"curies":[{"name":"wp","href":"https:\/\/api.w.org\/{rel}","templated":true}]}}