{"id":61640,"date":"2025-11-21T10:41:18","date_gmt":"2025-11-21T13:41:18","guid":{"rendered":"https:\/\/radiorevelacionfm.cl\/?p=61640"},"modified":"2025-11-21T10:41:18","modified_gmt":"2025-11-21T13:41:18","slug":"parque-nacional-cerro-castillo-inicia-temporada-alta-2025-26-con-apertura-de-sendero-mirador-laguna","status":"publish","type":"post","link":"https:\/\/radiorevelacionfm.cl\/?p=61640","title":{"rendered":"Parque Nacional Cerro Castillo inicia temporada alta 2025-26 con apertura de Sendero Mirador Laguna"},"content":{"rendered":"<div class=\"flex_column av_one_full  flex_column_div av-zero-column-padding first  avia-builder-el-0  el_before_av_one_full  avia-builder-el-first  \" style='border-radius:0px; '><div  class='avia-image-container  av-styling-    avia-builder-el-1  avia-builder-el-no-sibling  avia-align-center '  itemprop=\"image\" itemscope=\"itemscope\" itemtype=\"https:\/\/schema.org\/ImageObject\"  ><div class='avia-image-container-inner'><div class='avia-image-overlay-wrap'><img decoding=\"async\" class='wp-image-23920 avia-img-lazy-loading-not-23920 avia_image' src=\"https:\/\/radiorevelacionfm.cl\/wp-content\/uploads\/2022\/11\/cerro-castillo-1024x671-1-1_optimized-1.jpg\" alt='' title='cerro-castillo-1024x671-(1)-(1)_optimized (1)' height=\"600\" width=\"916\"  itemprop=\"thumbnailUrl\" srcset=\"https:\/\/radiorevelacionfm.cl\/wp-content\/uploads\/2022\/11\/cerro-castillo-1024x671-1-1_optimized-1.jpg 916w, https:\/\/radiorevelacionfm.cl\/wp-content\/uploads\/2022\/11\/cerro-castillo-1024x671-1-1_optimized-1-300x197.jpg 300w, https:\/\/radiorevelacionfm.cl\/wp-content\/uploads\/2022\/11\/cerro-castillo-1024x671-1-1_optimized-1-768x503.jpg 768w, https:\/\/radiorevelacionfm.cl\/wp-content\/uploads\/2022\/11\/cerro-castillo-1024x671-1-1_optimized-1-705x462.jpg 705w, https:\/\/radiorevelacionfm.cl\/wp-content\/uploads\/2022\/11\/cerro-castillo-1024x671-1-1_optimized-1-600x393.jpg 600w\" sizes=\"(max-width: 916px) 100vw, 916px\" \/><\/div><\/div><\/div><\/div><div class=\"flex_column av_one_full  flex_column_div av-zero-column-padding first  avia-builder-el-2  el_after_av_one_full  el_before_av_one_full  column-top-margin\" style='border-radius:0px; '><section class=\"av_textblock_section \"  itemscope=\"itemscope\" itemtype=\"https:\/\/schema.org\/BlogPosting\" itemprop=\"blogPost\" ><div class='avia_textblock  '   itemprop=\"text\" ><p style=\"text-align: center;\"><strong><span style=\"font-size: 18pt;\">Parque Nacional Cerro Castillo inicia temporada alta 2025-26 con apertura de Sendero Mirador Laguna<\/span><\/strong><\/p>\n<div id=\"gtx-trans\" style=\"position: absolute; left: -50px; top: 4.31534px;\">\n<div class=\"gtx-trans-icon\"><\/div>\n<\/div>\n<\/div><\/section><\/div><div class=\"flex_column av_one_full  flex_column_div av-zero-column-padding first  avia-builder-el-4  el_after_av_one_full  el_before_av_hr  column-top-margin\" style='border-radius:0px; '><section class=\"av_textblock_section \"  itemscope=\"itemscope\" itemtype=\"https:\/\/schema.org\/BlogPosting\" itemprop=\"blogPost\" ><div class='avia_textblock  '   itemprop=\"text\" ><ul>\n<li style=\"text-align: justify;\"><em>Esto se suma a la habilitaci\u00f3n de Estero Parada desde octubre de este a\u00f1o y pr\u00f3ximamente se abrir\u00e1 el sector Las Horquetas. Adem\u00e1s, se lanz\u00f3 nuevo sitio web para compra de tickets e informarse sobre condiciones clim\u00e1ticas, horarios y recomendaciones.<\/em><\/li>\n<\/ul>\n<p style=\"text-align: justify;\">En un a\u00f1o marcado por la obtenci\u00f3n de la certificaci\u00f3n para ingresar a la Lista Verde de la Uni\u00f3n Internacional para la Conservaci\u00f3n de la Naturaleza (UICN), el Parque Nacional Cerro Castillo dio inicio oficial a su Temporada Alta 2025-26 con la apertura del Sendero Mirador Laguna, el circuito de mayor tr\u00e1nsito y el segundo en habilitarse tras la puesta en marcha de Estero Parada, disponible desde octubre con autoguiados. A ello se sumar\u00e1 pr\u00f3ximamente la habilitaci\u00f3n del sector Las Horquetas.<\/p>\n<p style=\"text-align: justify;\">Como parte de los hitos de este nuevo periodo estival, la Asociaci\u00f3n de Turismo del Parque Nacional y Villa Cerro Castillo -entidad permisionaria de los senderos del parque- lanz\u00f3 adem\u00e1s un nuevo portal web para que visitantes y turistas puedan comprar sus <em>tickets<\/em> y conocer con anticipaci\u00f3n el estado de los senderos, las condiciones clim\u00e1ticas y las recomendaciones de seguridad: <a href=\"http:\/\/www.senderospncc.cl\">www.senderospncc.cl<\/a>.<\/p>\n<p style=\"text-align: justify;\">En este sentido, el alcalde de la comuna de R\u00edo Ib\u00e1\u00f1ez, Marcelo J\u00e9lvez C\u00e1rdenas, se\u00f1al\u00f3 que \u201cel inicio de la temporada alta es un hito muy relevante para nuestra comuna, especialmente para Villa Cerro Castillo. Refleja el trabajo conjunto que hemos realizado para fortalecer la infraestructura, resguardar la seguridad y seguir consolidando al Parque Nacional Cerro Castillo como uno de los destinos m\u00e1s importantes de la Patagonia y la Regi\u00f3n de Ays\u00e9n. Invitamos a los visitantes a disfrutar del parque con responsabilidad y respeto por nuestro entorno natural\u201d.<\/p>\n<p style=\"text-align: justify;\"><strong>Mantenciones, mejoras y gesti\u00f3n de riesgos<\/strong><\/p>\n<p style=\"text-align: justify;\">Durante las semanas previas a este lanzamiento, el equipo de la asociaci\u00f3n ha desarrollado trabajos de mantenci\u00f3n y mejoramiento en terreno, lo que ha permitido habilitar los senderos en condiciones \u00f3ptimas. Estas labores contemplaron poda y despeje de rutas, reparaci\u00f3n y reforzamiento de pasarelas y puentes, adem\u00e1s de instalaci\u00f3n y actualizaci\u00f3n de se\u00f1al\u00e9tica, junto con tareas de limpieza y recuperaci\u00f3n de tramos afectados por las condiciones clim\u00e1ticas durante el a\u00f1o.<\/p>\n<p style=\"text-align: justify;\">En coordinaci\u00f3n con CONAF y con apoyo de la I. Municipalidad de R\u00edo Ib\u00e1\u00f1ez, tambi\u00e9n se actualizaron los protocolos de seguridad y operaci\u00f3n, fortaleciendo los procesos de registro y control de ingreso, la gesti\u00f3n de riesgos y los procedimientos de respuesta ante incidentes. Este trabajo forma parte del sistema general de funcionamiento del parque, que contempla lineamientos espec\u00edficos para temporadas de invierno y periodos de alta afluencia.<\/p>\n<p style=\"text-align: justify;\">\u201cHemos trabajado intensamente con nuestro equipo de <em>rangers<\/em> en terreno para mejorar los senderos y las infraestructuras necesarias. Adem\u00e1s, hemos reforzado nuestros protocolos internos para fortalecer la seguridad y la experiencia del visitante\u201d, se\u00f1al\u00f3 Benjam\u00edn Cort\u00e9s-Monrroy, director ejecutivo de la Asociaci\u00f3n de Turismo del Parque Nacional y Villa Cerro Castillo.<\/p>\n<p style=\"text-align: justify;\"><strong>Informaci\u00f3n para visitantes<\/strong><\/p>\n<p style=\"text-align: justify;\">A partir de esta temporada, el sitio web <a href=\"http:\/\/www.senderospncc.cl\">www.senderospncc.cl<\/a> permitir\u00e1 acceder a <em>tickets<\/em>, informaci\u00f3n actualizada sobre clima, horarios, restricciones, recomendaciones de seguridad y estado de rutas. La administraci\u00f3n del parque hace un llamado a quienes visiten el \u00e1rea protegida a respetar la se\u00f1al\u00e9tica, seguir las indicaciones del personal y utilizar equipamiento adecuado seg\u00fan la \u00e9poca del a\u00f1o.<\/p>\n<\/div><\/section><\/div><div  style='height:50px' class='hr hr-invisible   avia-builder-el-6  el_after_av_one_full  el_before_av_social_share '><span class='hr-inner ' ><span class='hr-inner-style'><\/span><\/span><\/div><\/p>\n<div  class='av-social-sharing-box  avia-builder-el-7  el_after_av_hr  el_before_av_hr  '><div class='av-share-box'><h5 class='av-share-link-description av-no-toc '>Compartir esta noticia<\/h5><ul class='av-share-box-list noLightbox'><li class='av-share-link av-social-link-facebook' ><a target=\"_blank\" aria-label=\"Compartir en Facebook\" href='https:\/\/www.facebook.com\/sharer.php?u=https:\/\/radiorevelacionfm.cl\/?p=61640&#038;t=Parque%20Nacional%20Cerro%20Castillo%20inicia%20temporada%20alta%202025-26%20con%20apertura%20de%20Sendero%20Mirador%20Laguna' aria-hidden='false' data-av_icon='\ue8f3' data-av_iconfont='entypo-fontello' title='' data-avia-related-tooltip='Compartir en Facebook' rel=\"noopener\"><span class='avia_hidden_link_text'>Compartir en Facebook<\/span><\/a><\/li><li class='av-share-link av-social-link-twitter' ><a target=\"_blank\" aria-label=\"Compartir en Twitter\" href='https:\/\/twitter.com\/share?text=Parque%20Nacional%20Cerro%20Castillo%20inicia%20temporada%20alta%202025-26%20con%20apertura%20de%20Sendero%20Mirador%20Laguna&#038;url=https:\/\/radiorevelacionfm.cl\/?p=61640' aria-hidden='false' data-av_icon='\ue8f1' data-av_iconfont='entypo-fontello' title='' data-avia-related-tooltip='Compartir en Twitter' rel=\"noopener\"><span class='avia_hidden_link_text'>Compartir en Twitter<\/span><\/a><\/li><li class='av-share-link av-social-link-whatsapp' ><a target=\"_blank\" aria-label=\"Compartir en Whatsapp\" href='https:\/\/api.whatsapp.com\/send?text=https:\/\/radiorevelacionfm.cl\/?p=61640' aria-hidden='false' data-av_icon='\uf232' data-av_iconfont='entypo-fontello' title='' data-avia-related-tooltip='Compartir en Whatsapp' rel=\"noopener\"><span class='avia_hidden_link_text'>Compartir en Whatsapp<\/span><\/a><\/li><li class='av-share-link av-social-link-linkedin' ><a target=\"_blank\" aria-label=\"Compartir en LinkedIn\" href='https:\/\/linkedin.com\/shareArticle?mini=true&#038;title=Parque%20Nacional%20Cerro%20Castillo%20inicia%20temporada%20alta%202025-26%20con%20apertura%20de%20Sendero%20Mirador%20Laguna&#038;url=https:\/\/radiorevelacionfm.cl\/?p=61640' aria-hidden='false' data-av_icon='\ue8fc' data-av_iconfont='entypo-fontello' title='' data-avia-related-tooltip='Compartir en LinkedIn' rel=\"noopener\"><span class='avia_hidden_link_text'>Compartir en LinkedIn<\/span><\/a><\/li><li class='av-share-link av-social-link-mail' ><a  aria-label=\"Compartir por correo\" href='mailto:?subject=Parque%20Nacional%20Cerro%20Castillo%20inicia%20temporada%20alta%202025-26%20con%20apertura%20de%20Sendero%20Mirador%20Laguna&#038;body=https:\/\/radiorevelacionfm.cl\/?p=61640' aria-hidden='false' data-av_icon='\ue805' data-av_iconfont='entypo-fontello' title='' data-avia-related-tooltip='Compartir por correo'><span class='avia_hidden_link_text'>Compartir por correo<\/span><\/a><\/li><\/ul><\/div><\/div>\n<div  style='height:50px' class='hr hr-invisible   avia-builder-el-8  el_after_av_social_share  el_before_av_comments_list '><span class='hr-inner ' ><span class='hr-inner-style'><\/span><\/span><\/div>\n<div  class='av-buildercomment  av-blog-meta-html-info-disabled av-blog-meta-tag-disabled  '><\/div>\n","protected":false},"excerpt":{"rendered":"","protected":false},"author":1,"featured_media":23920,"comment_status":"closed","ping_status":"closed","sticky":false,"template":"","format":"standard","meta":{"footnotes":""},"categories":[54],"tags":[],"class_list":["post-61640","post","type-post","status-publish","format-standard","has-post-thumbnail","hentry","category-turismo"],"jetpack_featured_media_url":"https:\/\/radiorevelacionfm.cl\/wp-content\/uploads\/2022\/11\/cerro-castillo-1024x671-1-1_optimized-1.jpg","_links":{"self":[{"href":"https:\/\/radiorevelacionfm.cl\/index.php?rest_route=\/wp\/v2\/posts\/61640","targetHints":{"allow":["GET"]}}],"collection":[{"href":"https:\/\/radiorevelacionfm.cl\/index.php?rest_route=\/wp\/v2\/posts"}],"about":[{"href":"https:\/\/radiorevelacionfm.cl\/index.php?rest_route=\/wp\/v2\/types\/post"}],"author":[{"embeddable":true,"href":"https:\/\/radiorevelacionfm.cl\/index.php?rest_route=\/wp\/v2\/users\/1"}],"replies":[{"embeddable":true,"href":"https:\/\/radiorevelacionfm.cl\/index.php?rest_route=%2Fwp%2Fv2%2Fcomments&post=61640"}],"version-history":[{"count":2,"href":"https:\/\/radiorevelacionfm.cl\/index.php?rest_route=\/wp\/v2\/posts\/61640\/revisions"}],"predecessor-version":[{"id":61642,"href":"https:\/\/radiorevelacionfm.cl\/index.php?rest_route=\/wp\/v2\/posts\/61640\/revisions\/61642"}],"wp:featuredmedia":[{"embeddable":true,"href":"https:\/\/radiorevelacionfm.cl\/index.php?rest_route=\/wp\/v2\/media\/23920"}],"wp:attachment":[{"href":"https:\/\/radiorevelacionfm.cl\/index.php?rest_route=%2Fwp%2Fv2%2Fmedia&parent=61640"}],"wp:term":[{"taxonomy":"category","embeddable":true,"href":"https:\/\/radiorevelacionfm.cl\/index.php?rest_route=%2Fwp%2Fv2%2Fcategories&post=61640"},{"taxonomy":"post_tag","embeddable":true,"href":"https:\/\/radiorevelacionfm.cl\/index.php?rest_route=%2Fwp%2Fv2%2Ftags&post=61640"}],"curies":[{"name":"wp","href":"https:\/\/api.w.org\/{rel}","templated":true}]}}