{"id":61636,"date":"2025-11-21T10:24:08","date_gmt":"2025-11-21T13:24:08","guid":{"rendered":"https:\/\/radiorevelacionfm.cl\/?p=61636"},"modified":"2025-11-21T10:24:08","modified_gmt":"2025-11-21T13:24:08","slug":"indap-aysen-reafirma-que-sus-programas-se-estan-ejecutando-plenamente-en-el-territorio-tras-ser-interpelado-por-el-gobierno-regional","status":"publish","type":"post","link":"https:\/\/radiorevelacionfm.cl\/?p=61636","title":{"rendered":"INDAP Ays\u00e9n reafirma que sus programas se est\u00e1n ejecutando plenamente en el territorio tras ser interpelado por el Gobierno Regional"},"content":{"rendered":"<div class=\"flex_column av_one_full  flex_column_div av-zero-column-padding first  avia-builder-el-0  el_before_av_one_full  avia-builder-el-first  \" style='border-radius:0px; '><div  class='avia-image-container  av-styling-    avia-builder-el-1  avia-builder-el-no-sibling  avia-align-center '  itemprop=\"image\" itemscope=\"itemscope\" itemtype=\"https:\/\/schema.org\/ImageObject\"  ><div class='avia-image-container-inner'><div class='avia-image-overlay-wrap'><img decoding=\"async\" class='wp-image-61637 avia-img-lazy-loading-not-61637 avia_image' src=\"https:\/\/radiorevelacionfm.cl\/wp-content\/uploads\/2025\/11\/programa-apicultura-regenerativa-gore-1-1_optimized.jpeg\" alt='' title='programa-apicultura-regenerativa-gore-1-(1)_optimized' height=\"600\" width=\"800\"  itemprop=\"thumbnailUrl\" srcset=\"https:\/\/radiorevelacionfm.cl\/wp-content\/uploads\/2025\/11\/programa-apicultura-regenerativa-gore-1-1_optimized.jpeg 800w, https:\/\/radiorevelacionfm.cl\/wp-content\/uploads\/2025\/11\/programa-apicultura-regenerativa-gore-1-1_optimized-300x225.jpeg 300w, https:\/\/radiorevelacionfm.cl\/wp-content\/uploads\/2025\/11\/programa-apicultura-regenerativa-gore-1-1_optimized-768x576.jpeg 768w, https:\/\/radiorevelacionfm.cl\/wp-content\/uploads\/2025\/11\/programa-apicultura-regenerativa-gore-1-1_optimized-705x529.jpeg 705w, https:\/\/radiorevelacionfm.cl\/wp-content\/uploads\/2025\/11\/programa-apicultura-regenerativa-gore-1-1_optimized-450x338.jpeg 450w, https:\/\/radiorevelacionfm.cl\/wp-content\/uploads\/2025\/11\/programa-apicultura-regenerativa-gore-1-1_optimized-600x450.jpeg 600w\" sizes=\"(max-width: 800px) 100vw, 800px\" \/><\/div><\/div><\/div><\/div><div class=\"flex_column av_one_full  flex_column_div av-zero-column-padding first  avia-builder-el-2  el_after_av_one_full  el_before_av_one_full  column-top-margin\" style='border-radius:0px; '><section class=\"av_textblock_section \"  itemscope=\"itemscope\" itemtype=\"https:\/\/schema.org\/BlogPosting\" itemprop=\"blogPost\" ><div class='avia_textblock  '   itemprop=\"text\" ><p style=\"text-align: center;\"><strong><span style=\"font-size: 18pt;\">INDAP Ays\u00e9n reafirma que sus programas se est\u00e1n ejecutando plenamente en el territorio tras ser interpelado por el Gobierno Regional<\/span><\/strong><\/p>\n<div id=\"gtx-trans\" style=\"position: absolute; left: -50px; top: 4.31534px;\">\n<div class=\"gtx-trans-icon\"><\/div>\n<\/div>\n<\/div><\/section><\/div><div class=\"flex_column av_one_full  flex_column_div av-zero-column-padding first  avia-builder-el-4  el_after_av_one_full  el_before_av_hr  column-top-margin\" style='border-radius:0px; '><section class=\"av_textblock_section \"  itemscope=\"itemscope\" itemtype=\"https:\/\/schema.org\/BlogPosting\" itemprop=\"blogPost\" ><div class='avia_textblock  '   itemprop=\"text\" ><p style=\"text-align: justify;\">Luego de que el Gobierno Regional de Ays\u00e9n interpelara a INDAP durante una sesi\u00f3n extraordinaria del Consejo Regional atribu\u00adyendo atrasos en la ejecuci\u00f3n de proyectos financiados por esa entidad, INDAP aclar\u00f3 que todos sus programas se encuentran en plena ejecuci\u00f3n en los territorios, cumpliendo con las actividades planificadas y beneficiando directamente a las familias campesinas de la regi\u00f3n.<\/p>\n<p style=\"text-align: justify;\">El servicio enfatiz\u00f3 que ha trabajado sin interrupciones, incluso en momentos cr\u00edticos como la emergencia clim\u00e1tica de octubre, donde sus equipos se desplegaron en terreno para acompa\u00f1ar a las familias afectadas entregando recursos adicionales espec\u00edficos para esta contingencia.<\/p>\n<p style=\"text-align: justify;\">Al respecto, la directora regional de INDAP, Yessica Lagos C\u00e1rdenas, indic\u00f3: \u201cnuestro foco est\u00e1 en las personas. INDAP Ays\u00e9n est\u00e1 trabajando d\u00eda a d\u00eda con los campesinos y campesinas, en sus predios, en sus organizaciones y en sus procesos productivos. Seguimos ejecutando, seguimos entregando apoyo y seguimos presentes en todo el territorio. Lo administrativo se avanza d\u00eda a d\u00eda en los tiempos requeridos. Mientras que el trabajo en los campos sigue en curso y avanzando, junto a los j\u00f3venes rurales, las mujeres y los campesinos de nuestra regi\u00f3n.\u201d INDAP reiter\u00f3 que cumple con todos los requisitos y obligaciones establecidas en los convenios con el Gobierno Regional, y que las observaciones emitidas no representan la realidad del trabajo en terreno ni la ejecuci\u00f3n de las actividades de los programas.<\/p>\n<p style=\"text-align: justify;\">La instituci\u00f3n se\u00f1al\u00f3 que una parte significativa de los aparentes retrasos administrativos que hoy se mencionan se explica por los tiempos de revisi\u00f3n del propio Gobierno Regional, cuyos equipos tardan en promedio 58 d\u00edas por cada rendici\u00f3n. Por lo tanto, la tramitaci\u00f3n presupuestaria no reflejan el trabajo real en los territorios, sino los tiempos de espera administrativos externos al servicio. Asimismo, INDAP aclar\u00f3 que la ejecuci\u00f3n real de los programas adjudicados est\u00e1n avanzando con normalidad. Programas muy conocidos para el campesinado tales como caminos intraprediales, apicultura natural regenerativa, valorizaci\u00f3n comercial del huevo de campo y otros convenios regionales, se encuentran en plena ejecuci\u00f3n con sus usuarios y usuarias.<\/p>\n<p style=\"text-align: justify;\">Finalmente, el servicio destac\u00f3 que en estos cuatro a\u00f1os ha incrementado sus presupuestos sectoriales y adem\u00e1s ejecuta los recursos provenientes del Gobierno Regional, lo que refleja su compromiso integral con las familias campesinas: la vocaci\u00f3n de INDAP es acompa\u00f1ar a quienes trabajan la tierra, independiente del origen de los fondos, y asegurar que el apoyo llegue oportunamente al territorio.<\/p>\n<\/div><\/section><\/div><div  style='height:50px' class='hr hr-invisible   avia-builder-el-6  el_after_av_one_full  el_before_av_social_share '><span class='hr-inner ' ><span class='hr-inner-style'><\/span><\/span><\/div><\/p>\n<div  class='av-social-sharing-box  avia-builder-el-7  el_after_av_hr  el_before_av_hr  '><div class='av-share-box'><h5 class='av-share-link-description av-no-toc '>Compartir esta noticia<\/h5><ul class='av-share-box-list noLightbox'><li class='av-share-link av-social-link-facebook' ><a target=\"_blank\" aria-label=\"Compartir en Facebook\" href='https:\/\/www.facebook.com\/sharer.php?u=https:\/\/radiorevelacionfm.cl\/?p=61636&#038;t=INDAP%20Ays%C3%A9n%20reafirma%20que%20sus%20programas%20se%20est%C3%A1n%20ejecutando%20plenamente%20en%20el%20territorio%20tras%20ser%20interpelado%20por%20el%20Gobierno%20Regional' aria-hidden='false' data-av_icon='\ue8f3' data-av_iconfont='entypo-fontello' title='' data-avia-related-tooltip='Compartir en Facebook' rel=\"noopener\"><span class='avia_hidden_link_text'>Compartir en Facebook<\/span><\/a><\/li><li class='av-share-link av-social-link-twitter' ><a target=\"_blank\" aria-label=\"Compartir en Twitter\" href='https:\/\/twitter.com\/share?text=INDAP%20Ays%C3%A9n%20reafirma%20que%20sus%20programas%20se%20est%C3%A1n%20ejecutando%20plenamente%20en%20el%20territorio%20tras%20ser%20interpelado%20por%20el%20Gobierno%20Regional&#038;url=https:\/\/radiorevelacionfm.cl\/?p=61636' aria-hidden='false' data-av_icon='\ue8f1' data-av_iconfont='entypo-fontello' title='' data-avia-related-tooltip='Compartir en Twitter' rel=\"noopener\"><span class='avia_hidden_link_text'>Compartir en Twitter<\/span><\/a><\/li><li class='av-share-link av-social-link-whatsapp' ><a target=\"_blank\" aria-label=\"Compartir en Whatsapp\" href='https:\/\/api.whatsapp.com\/send?text=https:\/\/radiorevelacionfm.cl\/?p=61636' aria-hidden='false' data-av_icon='\uf232' data-av_iconfont='entypo-fontello' title='' data-avia-related-tooltip='Compartir en Whatsapp' rel=\"noopener\"><span class='avia_hidden_link_text'>Compartir en Whatsapp<\/span><\/a><\/li><li class='av-share-link av-social-link-linkedin' ><a target=\"_blank\" aria-label=\"Compartir en LinkedIn\" href='https:\/\/linkedin.com\/shareArticle?mini=true&#038;title=INDAP%20Ays%C3%A9n%20reafirma%20que%20sus%20programas%20se%20est%C3%A1n%20ejecutando%20plenamente%20en%20el%20territorio%20tras%20ser%20interpelado%20por%20el%20Gobierno%20Regional&#038;url=https:\/\/radiorevelacionfm.cl\/?p=61636' aria-hidden='false' data-av_icon='\ue8fc' data-av_iconfont='entypo-fontello' title='' data-avia-related-tooltip='Compartir en LinkedIn' rel=\"noopener\"><span class='avia_hidden_link_text'>Compartir en LinkedIn<\/span><\/a><\/li><li class='av-share-link av-social-link-mail' ><a  aria-label=\"Compartir por correo\" href='mailto:?subject=INDAP%20Ays%C3%A9n%20reafirma%20que%20sus%20programas%20se%20est%C3%A1n%20ejecutando%20plenamente%20en%20el%20territorio%20tras%20ser%20interpelado%20por%20el%20Gobierno%20Regional&#038;body=https:\/\/radiorevelacionfm.cl\/?p=61636' aria-hidden='false' data-av_icon='\ue805' data-av_iconfont='entypo-fontello' title='' data-avia-related-tooltip='Compartir por correo'><span class='avia_hidden_link_text'>Compartir por correo<\/span><\/a><\/li><\/ul><\/div><\/div>\n<div  style='height:50px' class='hr hr-invisible   avia-builder-el-8  el_after_av_social_share  el_before_av_comments_list '><span class='hr-inner ' ><span class='hr-inner-style'><\/span><\/span><\/div>\n<div  class='av-buildercomment  av-blog-meta-html-info-disabled av-blog-meta-tag-disabled  '><\/div>\n","protected":false},"excerpt":{"rendered":"","protected":false},"author":1,"featured_media":61637,"comment_status":"closed","ping_status":"closed","sticky":false,"template":"","format":"standard","meta":{"footnotes":""},"categories":[38],"tags":[],"class_list":["post-61636","post","type-post","status-publish","format-standard","has-post-thumbnail","hentry","category-regional"],"jetpack_featured_media_url":"https:\/\/radiorevelacionfm.cl\/wp-content\/uploads\/2025\/11\/programa-apicultura-regenerativa-gore-1-1_optimized.jpeg","_links":{"self":[{"href":"https:\/\/radiorevelacionfm.cl\/index.php?rest_route=\/wp\/v2\/posts\/61636","targetHints":{"allow":["GET"]}}],"collection":[{"href":"https:\/\/radiorevelacionfm.cl\/index.php?rest_route=\/wp\/v2\/posts"}],"about":[{"href":"https:\/\/radiorevelacionfm.cl\/index.php?rest_route=\/wp\/v2\/types\/post"}],"author":[{"embeddable":true,"href":"https:\/\/radiorevelacionfm.cl\/index.php?rest_route=\/wp\/v2\/users\/1"}],"replies":[{"embeddable":true,"href":"https:\/\/radiorevelacionfm.cl\/index.php?rest_route=%2Fwp%2Fv2%2Fcomments&post=61636"}],"version-history":[{"count":2,"href":"https:\/\/radiorevelacionfm.cl\/index.php?rest_route=\/wp\/v2\/posts\/61636\/revisions"}],"predecessor-version":[{"id":61639,"href":"https:\/\/radiorevelacionfm.cl\/index.php?rest_route=\/wp\/v2\/posts\/61636\/revisions\/61639"}],"wp:featuredmedia":[{"embeddable":true,"href":"https:\/\/radiorevelacionfm.cl\/index.php?rest_route=\/wp\/v2\/media\/61637"}],"wp:attachment":[{"href":"https:\/\/radiorevelacionfm.cl\/index.php?rest_route=%2Fwp%2Fv2%2Fmedia&parent=61636"}],"wp:term":[{"taxonomy":"category","embeddable":true,"href":"https:\/\/radiorevelacionfm.cl\/index.php?rest_route=%2Fwp%2Fv2%2Fcategories&post=61636"},{"taxonomy":"post_tag","embeddable":true,"href":"https:\/\/radiorevelacionfm.cl\/index.php?rest_route=%2Fwp%2Fv2%2Ftags&post=61636"}],"curies":[{"name":"wp","href":"https:\/\/api.w.org\/{rel}","templated":true}]}}