{"id":61632,"date":"2025-11-21T10:12:37","date_gmt":"2025-11-21T13:12:37","guid":{"rendered":"https:\/\/radiorevelacionfm.cl\/?p=61632"},"modified":"2025-11-21T10:12:37","modified_gmt":"2025-11-21T13:12:37","slug":"region-de-aysen-ministra-mop-inspecciona-avance-de-mas-del-60-del-nuevo-aeropuerto-de-balmaceda","status":"publish","type":"post","link":"https:\/\/radiorevelacionfm.cl\/?p=61632","title":{"rendered":"Regi\u00f3n de Ays\u00e9n: ministra MOP inspecciona avance de m\u00e1s del 60% del nuevo Aeropuerto de Balmaceda"},"content":{"rendered":"<div class=\"flex_column av_one_full  flex_column_div av-zero-column-padding first  avia-builder-el-0  el_before_av_one_full  avia-builder-el-first  \" style='border-radius:0px; '><div  class='avia-image-container  av-styling-    avia-builder-el-1  avia-builder-el-no-sibling  avia-align-center '  itemprop=\"image\" itemscope=\"itemscope\" itemtype=\"https:\/\/schema.org\/ImageObject\"  ><div class='avia-image-container-inner'><div class='avia-image-overlay-wrap'><img decoding=\"async\" class='wp-image-61633 avia-img-lazy-loading-not-61633 avia_image' src=\"https:\/\/radiorevelacionfm.cl\/wp-content\/uploads\/2025\/11\/F-5-MIN-1-1.jpg\" alt='' title='F-5-MIN (1) (1)' height=\"600\" width=\"929\"  itemprop=\"thumbnailUrl\" srcset=\"https:\/\/radiorevelacionfm.cl\/wp-content\/uploads\/2025\/11\/F-5-MIN-1-1.jpg 929w, https:\/\/radiorevelacionfm.cl\/wp-content\/uploads\/2025\/11\/F-5-MIN-1-1-300x194.jpg 300w, https:\/\/radiorevelacionfm.cl\/wp-content\/uploads\/2025\/11\/F-5-MIN-1-1-768x496.jpg 768w, https:\/\/radiorevelacionfm.cl\/wp-content\/uploads\/2025\/11\/F-5-MIN-1-1-705x455.jpg 705w, https:\/\/radiorevelacionfm.cl\/wp-content\/uploads\/2025\/11\/F-5-MIN-1-1-450x291.jpg 450w, https:\/\/radiorevelacionfm.cl\/wp-content\/uploads\/2025\/11\/F-5-MIN-1-1-600x388.jpg 600w\" sizes=\"(max-width: 929px) 100vw, 929px\" \/><\/div><\/div><\/div><\/div><div class=\"flex_column av_one_full  flex_column_div av-zero-column-padding first  avia-builder-el-2  el_after_av_one_full  el_before_av_one_full  column-top-margin\" style='border-radius:0px; '><section class=\"av_textblock_section \"  itemscope=\"itemscope\" itemtype=\"https:\/\/schema.org\/BlogPosting\" itemprop=\"blogPost\" ><div class='avia_textblock  '   itemprop=\"text\" ><p style=\"text-align: center;\"><strong><span style=\"font-size: 18pt;\">Regi\u00f3n de Ays\u00e9n: ministra MOP inspecciona avance de m\u00e1s del 60% del nuevo Aeropuerto de Balmaceda<\/span><\/strong><\/p>\n<div id=\"gtx-trans\" style=\"position: absolute; left: -50px; top: 4.31534px;\">\n<div class=\"gtx-trans-icon\"><\/div>\n<\/div>\n<\/div><\/section><\/div><div class=\"flex_column av_one_full  flex_column_div av-zero-column-padding first  avia-builder-el-4  el_after_av_one_full  el_before_av_hr  column-top-margin\" style='border-radius:0px; '><section class=\"av_textblock_section \"  itemscope=\"itemscope\" itemtype=\"https:\/\/schema.org\/BlogPosting\" itemprop=\"blogPost\" ><div class='avia_textblock  '   itemprop=\"text\" ><p style=\"text-align: justify;\"><em>El proyecto, que permitir\u00e1 recibir hasta 1,2 millones de pasajeros al a\u00f1o, es la principal puerta de entrada a\u00e9rea para la zona y forma parte de la \u201cRed Aeroportuaria Austral\u201d, que incluye tambi\u00e9n la tercera concesi\u00f3n del Aeropuerto Presidente Carlos Ib\u00e1\u00f1ez del Campo en Punta Arenas.<\/em><\/p>\n<p style=\"text-align: justify;\">Esta ma\u00f1ana la ministra de Obras P\u00fablicas, Jessica L\u00f3pez, lleg\u00f3 a la Regi\u00f3n de Ays\u00e9n para realizar una visita inspectiva de los avances de las obras del nuevo Aeropuerto de Balmaceda, acompa\u00f1ada del delegado presidencial regional, Jorge D\u00edaz.<\/p>\n<p style=\"text-align: justify;\">El proyecto contempla la instalaci\u00f3n de 5 puentes de embarque, incluye la ampliaci\u00f3n del terminal desde los actuales 2.400 m2 a 12.391 m2 y de los estacionamientos de veh\u00edculos, que suman 99 nuevas plazas (en la actualidad cuenta con 173). Tambi\u00e9n se duplica el n\u00famero de estacionamientos para aeronaves comerciales, pasando de 3 a 6, y se dispondr\u00e1 de 13 nuevos estacionamientos para aviaci\u00f3n general.<\/p>\n<p style=\"text-align: justify;\">Las obras del nuevo terminal de pasajeros est\u00e1n en pleno desarrollo y presentan m\u00e1s de un 60% de avance. Incorporan una cantidad importante de nuevas tecnolog\u00edas que prestar\u00e1n servicios en l\u00ednea con la estrategia de desarrollo de la ciudad de Coyhaique y de Ays\u00e9n. Se espera un aumento significativo del n\u00famero de visitantes, acompa\u00f1ado de un desarrollo del turismo y fomento de bienes y servicios para la exportaci\u00f3n al mundo por parte de la regi\u00f3n.<\/p>\n<p style=\"text-align: justify;\">\u201cEsta nueva infraestructura permitir\u00e1 reducir la cantidad de vuelos que se suspenden por razones clim\u00e1ticas y, por otro lado, implica un salto enorme. El antiguo terminal se adaptar\u00e1 para ser un terminal de carga, consistente con la estrategia que el alcalde nos ha planteado respecto al desarrollo de los bienes y servicios de exportaci\u00f3n. Esta es una gran obra, un aeropuerto concesionado que est\u00e1 en pleno desarrollo y cuyos avances vamos a seguir paso a paso hasta su entrega total\u201d, subray\u00f3 la ministra L\u00f3pez.<\/p>\n<p style=\"text-align: justify;\">El delegado presidencial regional valor\u00f3 la visita de la ministra de Obras P\u00fablicas, que permiti\u00f3 revisar toda la cartera de proyectos del MOP, \u201cque son muchos ac\u00e1\u201d. Sobre los avances de las obras del nuevo Aeropuerto de Balmaceda se\u00f1al\u00f3 que es \u201cun hito para nuestra regi\u00f3n, porque as\u00ed tambi\u00e9n estamos demostrando que en esta alianza p\u00fablico-privada podemos avanzar m\u00e1s r\u00e1pido en los requerimientos de una regi\u00f3n nueva, pero pujante, y en funci\u00f3n del atractivo que tiene la Patagonia, necesit\u00e1bamos una infraestructura que respondiera, precisamente, a esa demanda\u201d.<\/p>\n<p style=\"text-align: justify;\">El nuevo Aeropuerto de Balmaceda entrar\u00e1 en servicio el primer semestre de 2027, convirti\u00e9ndose en la principal puerta de entrada a\u00e9rea para la zona austral y formando parte de la \u201cRed Aeroportuaria Austral\u201d, que incluye tambi\u00e9n la tercera concesi\u00f3n del Aeropuerto Presidente Carlos Ib\u00e1\u00f1ez del Campo en Punta Arenas, y contempla una inversi\u00f3n total de 116 mil millones de pesos.<\/p>\n<p style=\"text-align: justify;\">El actual terminal albergar\u00e1 el \u00e1rea de carga y las instalaciones aeron\u00e1uticas de la DGAC, y se ampliar\u00e1 la plataforma comercial para aeronaves hacia el oriente, con una nueva \u00e1rea de estacionamiento destinada a aeronaves comerciales. Esto se traducir\u00e1 en adaptaci\u00f3n y rehabilitaci\u00f3n de la actual plataforma comercial para la aviaci\u00f3n general, sumado a una nueva calle de rodaje, un helipuerto, sistemas de abastecimiento de agua potable y extinci\u00f3n de incendios, cierres perimetrales, se\u00f1al\u00e9tica y obras de paisajismo.<\/p>\n<p style=\"text-align: justify;\">Con este proyecto se busca garantizar condiciones de servicio y confort para pasajeros y aerol\u00edneas, reducir tiempos de espera y mejorar la imagen pa\u00eds para turistas que ingresan por la zona austral.<\/p>\n<p style=\"text-align: justify;\"><strong>Obras del \u00e1rea de movimiento<\/strong><\/p>\n<p style=\"text-align: justify;\">Adem\u00e1s, la ministra L\u00f3pez lider\u00f3 la ceremonia de la primera piedra de las obras de mejoramiento del \u00e1rea de movimiento del recinto aeroportuario. Con una inversi\u00f3n de 35 mil millones de pesos, la Direcci\u00f3n de Aeropuertos del MOP realizar\u00e1 trabajos que incluir\u00e1n la instalaci\u00f3n de un sistema instrumental para posibilitar aterrizajes con baja visibilidad y reducir los eventos que obliguen a la suspensi\u00f3n de vuelos por condiciones clim\u00e1ticas.<\/p>\n<p style=\"text-align: justify;\">Mediante estas faenas, que tambi\u00e9n implicar\u00e1n el desplazamiento de la pista en 300 metros hacia el oriente, se pretende que el principal recinto aeroportuario de la regi\u00f3n de Ays\u00e9n supere diversas brechas en relaci\u00f3n con la normativa de la Organizaci\u00f3n de Aviaci\u00f3n Civil Internacional (OACI).<\/p>\n<\/div><\/section><\/div><div  style='height:50px' class='hr hr-invisible   avia-builder-el-6  el_after_av_one_full  el_before_av_social_share '><span class='hr-inner ' ><span class='hr-inner-style'><\/span><\/span><\/div><\/p>\n<div  class='av-social-sharing-box  avia-builder-el-7  el_after_av_hr  el_before_av_hr  '><div class='av-share-box'><h5 class='av-share-link-description av-no-toc '>Compartir esta noticia<\/h5><ul class='av-share-box-list noLightbox'><li class='av-share-link av-social-link-facebook' ><a target=\"_blank\" aria-label=\"Compartir en Facebook\" href='https:\/\/www.facebook.com\/sharer.php?u=https:\/\/radiorevelacionfm.cl\/?p=61632&#038;t=Regi%C3%B3n%20de%20Ays%C3%A9n%3A%20ministra%20MOP%20inspecciona%20avance%20de%20m%C3%A1s%20del%2060%25%20del%20nuevo%20Aeropuerto%20de%20Balmaceda' aria-hidden='false' data-av_icon='\ue8f3' data-av_iconfont='entypo-fontello' title='' data-avia-related-tooltip='Compartir en Facebook' rel=\"noopener\"><span class='avia_hidden_link_text'>Compartir en Facebook<\/span><\/a><\/li><li class='av-share-link av-social-link-twitter' ><a target=\"_blank\" aria-label=\"Compartir en Twitter\" href='https:\/\/twitter.com\/share?text=Regi%C3%B3n%20de%20Ays%C3%A9n%3A%20ministra%20MOP%20inspecciona%20avance%20de%20m%C3%A1s%20del%2060%25%20del%20nuevo%20Aeropuerto%20de%20Balmaceda&#038;url=https:\/\/radiorevelacionfm.cl\/?p=61632' aria-hidden='false' data-av_icon='\ue8f1' data-av_iconfont='entypo-fontello' title='' data-avia-related-tooltip='Compartir en Twitter' rel=\"noopener\"><span class='avia_hidden_link_text'>Compartir en Twitter<\/span><\/a><\/li><li class='av-share-link av-social-link-whatsapp' ><a target=\"_blank\" aria-label=\"Compartir en Whatsapp\" href='https:\/\/api.whatsapp.com\/send?text=https:\/\/radiorevelacionfm.cl\/?p=61632' aria-hidden='false' data-av_icon='\uf232' data-av_iconfont='entypo-fontello' title='' data-avia-related-tooltip='Compartir en Whatsapp' rel=\"noopener\"><span class='avia_hidden_link_text'>Compartir en Whatsapp<\/span><\/a><\/li><li class='av-share-link av-social-link-linkedin' ><a target=\"_blank\" aria-label=\"Compartir en LinkedIn\" href='https:\/\/linkedin.com\/shareArticle?mini=true&#038;title=Regi%C3%B3n%20de%20Ays%C3%A9n%3A%20ministra%20MOP%20inspecciona%20avance%20de%20m%C3%A1s%20del%2060%25%20del%20nuevo%20Aeropuerto%20de%20Balmaceda&#038;url=https:\/\/radiorevelacionfm.cl\/?p=61632' aria-hidden='false' data-av_icon='\ue8fc' data-av_iconfont='entypo-fontello' title='' data-avia-related-tooltip='Compartir en LinkedIn' rel=\"noopener\"><span class='avia_hidden_link_text'>Compartir en LinkedIn<\/span><\/a><\/li><li class='av-share-link av-social-link-mail' ><a  aria-label=\"Compartir por correo\" href='mailto:?subject=Regi%C3%B3n%20de%20Ays%C3%A9n%3A%20ministra%20MOP%20inspecciona%20avance%20de%20m%C3%A1s%20del%2060%25%20del%20nuevo%20Aeropuerto%20de%20Balmaceda&#038;body=https:\/\/radiorevelacionfm.cl\/?p=61632' aria-hidden='false' data-av_icon='\ue805' data-av_iconfont='entypo-fontello' title='' data-avia-related-tooltip='Compartir por correo'><span class='avia_hidden_link_text'>Compartir por correo<\/span><\/a><\/li><\/ul><\/div><\/div>\n<div  style='height:50px' class='hr hr-invisible   avia-builder-el-8  el_after_av_social_share  el_before_av_comments_list '><span class='hr-inner ' ><span class='hr-inner-style'><\/span><\/span><\/div>\n<div  class='av-buildercomment  av-blog-meta-html-info-disabled av-blog-meta-tag-disabled  '><\/div>\n","protected":false},"excerpt":{"rendered":"","protected":false},"author":1,"featured_media":61633,"comment_status":"closed","ping_status":"closed","sticky":false,"template":"","format":"standard","meta":{"footnotes":""},"categories":[38],"tags":[],"class_list":["post-61632","post","type-post","status-publish","format-standard","has-post-thumbnail","hentry","category-regional"],"jetpack_featured_media_url":"https:\/\/radiorevelacionfm.cl\/wp-content\/uploads\/2025\/11\/F-5-MIN-1-1.jpg","_links":{"self":[{"href":"https:\/\/radiorevelacionfm.cl\/index.php?rest_route=\/wp\/v2\/posts\/61632","targetHints":{"allow":["GET"]}}],"collection":[{"href":"https:\/\/radiorevelacionfm.cl\/index.php?rest_route=\/wp\/v2\/posts"}],"about":[{"href":"https:\/\/radiorevelacionfm.cl\/index.php?rest_route=\/wp\/v2\/types\/post"}],"author":[{"embeddable":true,"href":"https:\/\/radiorevelacionfm.cl\/index.php?rest_route=\/wp\/v2\/users\/1"}],"replies":[{"embeddable":true,"href":"https:\/\/radiorevelacionfm.cl\/index.php?rest_route=%2Fwp%2Fv2%2Fcomments&post=61632"}],"version-history":[{"count":2,"href":"https:\/\/radiorevelacionfm.cl\/index.php?rest_route=\/wp\/v2\/posts\/61632\/revisions"}],"predecessor-version":[{"id":61635,"href":"https:\/\/radiorevelacionfm.cl\/index.php?rest_route=\/wp\/v2\/posts\/61632\/revisions\/61635"}],"wp:featuredmedia":[{"embeddable":true,"href":"https:\/\/radiorevelacionfm.cl\/index.php?rest_route=\/wp\/v2\/media\/61633"}],"wp:attachment":[{"href":"https:\/\/radiorevelacionfm.cl\/index.php?rest_route=%2Fwp%2Fv2%2Fmedia&parent=61632"}],"wp:term":[{"taxonomy":"category","embeddable":true,"href":"https:\/\/radiorevelacionfm.cl\/index.php?rest_route=%2Fwp%2Fv2%2Fcategories&post=61632"},{"taxonomy":"post_tag","embeddable":true,"href":"https:\/\/radiorevelacionfm.cl\/index.php?rest_route=%2Fwp%2Fv2%2Ftags&post=61632"}],"curies":[{"name":"wp","href":"https:\/\/api.w.org\/{rel}","templated":true}]}}