{"id":61629,"date":"2025-11-20T21:37:04","date_gmt":"2025-11-21T00:37:04","guid":{"rendered":"https:\/\/radiorevelacionfm.cl\/?p=61629"},"modified":"2025-11-20T21:37:04","modified_gmt":"2025-11-21T00:37:04","slug":"diputado-calisto-vota-en-contra-partidas-de-salud-y-educacion-exige-compromisos-concretos-en-oncologia-y-becas-regionales-para-aysen","status":"publish","type":"post","link":"https:\/\/radiorevelacionfm.cl\/?p=61629","title":{"rendered":"Diputado Calisto vota en contra partidas de salud y educaci\u00f3n: Exige compromisos concretos en oncolog\u00eda y becas regionales para Ays\u00e9n"},"content":{"rendered":"<div class=\"flex_column av_one_full  flex_column_div av-zero-column-padding first  avia-builder-el-0  el_before_av_one_full  avia-builder-el-first  \" style='border-radius:0px; '><div  class='avia-image-container  av-styling-    avia-builder-el-1  avia-builder-el-no-sibling  avia-align-center '  itemprop=\"image\" itemscope=\"itemscope\" itemtype=\"https:\/\/schema.org\/ImageObject\"  ><div class='avia-image-container-inner'><div class='avia-image-overlay-wrap'><img decoding=\"async\" class='wp-image-54855 avia-img-lazy-loading-not-54855 avia_image' src=\"https:\/\/radiorevelacionfm.cl\/wp-content\/uploads\/2025\/06\/FOTO-CALISTO-ARCHIVO-3-1-1.jpeg\" alt='' title='FOTO CALISTO ARCHIVO (3) (1) (1)' height=\"600\" width=\"900\"  itemprop=\"thumbnailUrl\" srcset=\"https:\/\/radiorevelacionfm.cl\/wp-content\/uploads\/2025\/06\/FOTO-CALISTO-ARCHIVO-3-1-1.jpeg 900w, https:\/\/radiorevelacionfm.cl\/wp-content\/uploads\/2025\/06\/FOTO-CALISTO-ARCHIVO-3-1-1-300x200.jpeg 300w, https:\/\/radiorevelacionfm.cl\/wp-content\/uploads\/2025\/06\/FOTO-CALISTO-ARCHIVO-3-1-1-768x512.jpeg 768w, https:\/\/radiorevelacionfm.cl\/wp-content\/uploads\/2025\/06\/FOTO-CALISTO-ARCHIVO-3-1-1-705x470.jpeg 705w, https:\/\/radiorevelacionfm.cl\/wp-content\/uploads\/2025\/06\/FOTO-CALISTO-ARCHIVO-3-1-1-450x300.jpeg 450w, https:\/\/radiorevelacionfm.cl\/wp-content\/uploads\/2025\/06\/FOTO-CALISTO-ARCHIVO-3-1-1-600x400.jpeg 600w\" sizes=\"(max-width: 900px) 100vw, 900px\" \/><\/div><\/div><\/div><\/div><div class=\"flex_column av_one_full  flex_column_div av-zero-column-padding first  avia-builder-el-2  el_after_av_one_full  el_before_av_one_full  column-top-margin\" style='border-radius:0px; '><section class=\"av_textblock_section \"  itemscope=\"itemscope\" itemtype=\"https:\/\/schema.org\/BlogPosting\" itemprop=\"blogPost\" ><div class='avia_textblock  '   itemprop=\"text\" ><p style=\"text-align: center;\"><span style=\"font-size: 18pt;\"><b>Calisto vota en contra partidas de salud y educaci\u00f3n: Exige compromisos concretos en oncolog\u00eda y becas regionales para Ays\u00e9n<\/b><\/span><\/p>\n<div id=\"gtx-trans\" style=\"position: absolute; left: -50px; top: 4.31534px;\">\n<div class=\"gtx-trans-icon\"><\/div>\n<\/div>\n<\/div><\/section><\/div><div class=\"flex_column av_one_full  flex_column_div av-zero-column-padding first  avia-builder-el-4  el_after_av_one_full  el_before_av_hr  column-top-margin\" style='border-radius:0px; '><section class=\"av_textblock_section \"  itemscope=\"itemscope\" itemtype=\"https:\/\/schema.org\/BlogPosting\" itemprop=\"blogPost\" ><div class='avia_textblock  '   itemprop=\"text\" ><p style=\"font-weight: 400; text-align: justify;\">El diputado y senador electo,\u00a0<strong>Miguel \u00c1ngel Calisto<\/strong>\u00a0vot\u00f3 en contra las partidas de Educaci\u00f3n y Salud del Proyecto de Ley de Presupuesto 2026 durante su discusi\u00f3n en la C\u00e1mara de Diputados, exigiendo al Gobierno la incorporaci\u00f3n de recursos y compromisos espec\u00edficos para la\u00a0<strong>Regi\u00f3n de Ays\u00e9n<\/strong>.<\/p>\n<p style=\"font-weight: 400; text-align: justify;\">En su intervenci\u00f3n en la partida de Salud, el diputado Calisto manifest\u00f3 su profunda preocupaci\u00f3n por la falta de inversi\u00f3n regional, haciendo hincapi\u00e9 en la cr\u00edtica situaci\u00f3n de la atenci\u00f3n oncol\u00f3gica en Ays\u00e9n.<\/p>\n<p style=\"font-weight: 400; text-align: justify;\">\u00abNo vemos los temas que son de\u00a0<strong>inter\u00e9s regional<\/strong>\u00a0expuestos ac\u00e1 en este presupuesto\u00bb, se\u00f1al\u00f3 el parlamentario, destacando el d\u00e9ficit de especialistas e infraestructura en su regi\u00f3n.<\/p>\n<p style=\"font-weight: 400; text-align: justify;\">El diputado cit\u00f3 la grave escasez de recursos y personal, declarando que \u00absomos una regi\u00f3n que tiene una extensi\u00f3n como de Santiago hasta Osorno, y\u00a0<strong>tenemos un onc\u00f3logo, cero radioterapeuta, cero especialistas certificados en cuidados paliativos, tenemos cero PET, cero TAC<\/strong>. Somos una regi\u00f3n desprovista absolutamente de la atenci\u00f3n del c\u00e1ncer, y hay un compromiso del gobierno y del gobierno anterior de un\u00a0<strong>centro oncol\u00f3gico para Ays\u00e9n<\/strong>. Y hoy d\u00eda yo no lo veo.\u00bb<\/p>\n<p style=\"font-weight: 400; text-align: justify;\">Ante esta omisi\u00f3n, Calisto fue enf\u00e1tico en su postura: \u00abPor lo tanto,\u00a0<strong>no puedo votar a favor este presupuesto<\/strong>\u00ab.<\/p>\n<p style=\"font-weight: 400; text-align: justify;\"><strong>Educaci\u00f3n: Ultim\u00e1tum por Aumento de Becas Regionales<\/strong><\/p>\n<p style=\"font-weight: 400; text-align: justify;\">Respecto a la partida de Educaci\u00f3n, el diputado Calisto hizo un llamado urgente a aumentar los montos y la cobertura de las becas regionales, esenciales para el desarrollo de los j\u00f3venes de Ays\u00e9n.<\/p>\n<p style=\"font-weight: 400; text-align: justify;\">\u00abQuiero solicitar al gobierno que ponga\u00a0<strong>especial atenci\u00f3n en esta partida de educaci\u00f3n<\/strong>\u00ab, inst\u00f3 el parlamentario, refiri\u00e9ndose a su indicaci\u00f3n -declarada inadmisible por involucrar recursos- que buscaba reforzar la\u00a0<strong>Beca Ays\u00e9n<\/strong>\u00a0y la\u00a0<strong>Beca Patagonia Ays\u00e9n<\/strong>.<\/p>\n<p style=\"font-weight: 400; text-align: justify;\">\u00abNosotros despu\u00e9s de\u00a0<strong>12 a\u00f1os<\/strong>\u00a0de la creaci\u00f3n de este instrumento que ha permitido\u00a0<strong>movilidad social, desarrollo para los j\u00f3venes de la regi\u00f3n de Ays\u00e9n<\/strong>. Este fue el \u00fanico a\u00f1o, el actual, en que quedaron becas pendientes.\u00bb<\/p>\n<p style=\"font-weight: 400; text-align: justify;\">El diputado Calisto cerr\u00f3 su intervenci\u00f3n con una clara advertencia al Ejecutivo. \u00abSi el gobierno no da una\u00a0<strong>se\u00f1al clara de aumento a las becas regionales en Ays\u00e9n<\/strong>, vamos a votar en contra la partida completa.\u00bb<\/p>\n<p style=\"font-weight: 400; text-align: justify;\">El diputado Calisto reiter\u00f3 que su voto final estar\u00e1 supeditado a la voluntad del Gobierno de\u00a0<strong>revisar y reasignar<\/strong>\u00a0recursos que aborden las necesidades m\u00e1s urgentes y los compromisos pendientes con la Regi\u00f3n de Ays\u00e9n, especialmente en materias de salud y oportunidades educativas para sus j\u00f3venes.<\/p>\n<\/div><\/section><\/div><div  style='height:50px' class='hr hr-invisible   avia-builder-el-6  el_after_av_one_full  el_before_av_social_share '><span class='hr-inner ' ><span class='hr-inner-style'><\/span><\/span><\/div><\/p>\n<div  class='av-social-sharing-box  avia-builder-el-7  el_after_av_hr  el_before_av_hr  '><div class='av-share-box'><h5 class='av-share-link-description av-no-toc '>Compartir esta noticia<\/h5><ul class='av-share-box-list noLightbox'><li class='av-share-link av-social-link-facebook' ><a target=\"_blank\" aria-label=\"Compartir en Facebook\" href='https:\/\/www.facebook.com\/sharer.php?u=https:\/\/radiorevelacionfm.cl\/?p=61629&#038;t=Diputado%20Calisto%20vota%20en%20contra%20partidas%20de%20salud%20y%20educaci%C3%B3n%3A%20Exige%20compromisos%20concretos%20en%20oncolog%C3%ADa%20y%20becas%20regionales%20para%20Ays%C3%A9n' aria-hidden='false' data-av_icon='\ue8f3' data-av_iconfont='entypo-fontello' title='' data-avia-related-tooltip='Compartir en Facebook' rel=\"noopener\"><span class='avia_hidden_link_text'>Compartir en Facebook<\/span><\/a><\/li><li class='av-share-link av-social-link-twitter' ><a target=\"_blank\" aria-label=\"Compartir en Twitter\" href='https:\/\/twitter.com\/share?text=Diputado%20Calisto%20vota%20en%20contra%20partidas%20de%20salud%20y%20educaci%C3%B3n%3A%20Exige%20compromisos%20concretos%20en%20oncolog%C3%ADa%20y%20becas%20regionales%20para%20Ays%C3%A9n&#038;url=https:\/\/radiorevelacionfm.cl\/?p=61629' aria-hidden='false' data-av_icon='\ue8f1' data-av_iconfont='entypo-fontello' title='' data-avia-related-tooltip='Compartir en Twitter' rel=\"noopener\"><span class='avia_hidden_link_text'>Compartir en Twitter<\/span><\/a><\/li><li class='av-share-link av-social-link-whatsapp' ><a target=\"_blank\" aria-label=\"Compartir en Whatsapp\" href='https:\/\/api.whatsapp.com\/send?text=https:\/\/radiorevelacionfm.cl\/?p=61629' aria-hidden='false' data-av_icon='\uf232' data-av_iconfont='entypo-fontello' title='' data-avia-related-tooltip='Compartir en Whatsapp' rel=\"noopener\"><span class='avia_hidden_link_text'>Compartir en Whatsapp<\/span><\/a><\/li><li class='av-share-link av-social-link-linkedin' ><a target=\"_blank\" aria-label=\"Compartir en LinkedIn\" href='https:\/\/linkedin.com\/shareArticle?mini=true&#038;title=Diputado%20Calisto%20vota%20en%20contra%20partidas%20de%20salud%20y%20educaci%C3%B3n%3A%20Exige%20compromisos%20concretos%20en%20oncolog%C3%ADa%20y%20becas%20regionales%20para%20Ays%C3%A9n&#038;url=https:\/\/radiorevelacionfm.cl\/?p=61629' aria-hidden='false' data-av_icon='\ue8fc' data-av_iconfont='entypo-fontello' title='' data-avia-related-tooltip='Compartir en LinkedIn' rel=\"noopener\"><span class='avia_hidden_link_text'>Compartir en LinkedIn<\/span><\/a><\/li><li class='av-share-link av-social-link-mail' ><a  aria-label=\"Compartir por correo\" href='mailto:?subject=Diputado%20Calisto%20vota%20en%20contra%20partidas%20de%20salud%20y%20educaci%C3%B3n%3A%20Exige%20compromisos%20concretos%20en%20oncolog%C3%ADa%20y%20becas%20regionales%20para%20Ays%C3%A9n&#038;body=https:\/\/radiorevelacionfm.cl\/?p=61629' aria-hidden='false' data-av_icon='\ue805' data-av_iconfont='entypo-fontello' title='' data-avia-related-tooltip='Compartir por correo'><span class='avia_hidden_link_text'>Compartir por correo<\/span><\/a><\/li><\/ul><\/div><\/div>\n<div  style='height:50px' class='hr hr-invisible   avia-builder-el-8  el_after_av_social_share  el_before_av_comments_list '><span class='hr-inner ' ><span class='hr-inner-style'><\/span><\/span><\/div>\n<div  class='av-buildercomment  av-blog-meta-html-info-disabled av-blog-meta-tag-disabled  '><\/div>\n","protected":false},"excerpt":{"rendered":"","protected":false},"author":1,"featured_media":54855,"comment_status":"closed","ping_status":"closed","sticky":false,"template":"","format":"standard","meta":{"footnotes":""},"categories":[35],"tags":[],"class_list":["post-61629","post","type-post","status-publish","format-standard","has-post-thumbnail","hentry","category-politica"],"jetpack_featured_media_url":"https:\/\/radiorevelacionfm.cl\/wp-content\/uploads\/2025\/06\/FOTO-CALISTO-ARCHIVO-3-1-1.jpeg","_links":{"self":[{"href":"https:\/\/radiorevelacionfm.cl\/index.php?rest_route=\/wp\/v2\/posts\/61629","targetHints":{"allow":["GET"]}}],"collection":[{"href":"https:\/\/radiorevelacionfm.cl\/index.php?rest_route=\/wp\/v2\/posts"}],"about":[{"href":"https:\/\/radiorevelacionfm.cl\/index.php?rest_route=\/wp\/v2\/types\/post"}],"author":[{"embeddable":true,"href":"https:\/\/radiorevelacionfm.cl\/index.php?rest_route=\/wp\/v2\/users\/1"}],"replies":[{"embeddable":true,"href":"https:\/\/radiorevelacionfm.cl\/index.php?rest_route=%2Fwp%2Fv2%2Fcomments&post=61629"}],"version-history":[{"count":2,"href":"https:\/\/radiorevelacionfm.cl\/index.php?rest_route=\/wp\/v2\/posts\/61629\/revisions"}],"predecessor-version":[{"id":61631,"href":"https:\/\/radiorevelacionfm.cl\/index.php?rest_route=\/wp\/v2\/posts\/61629\/revisions\/61631"}],"wp:featuredmedia":[{"embeddable":true,"href":"https:\/\/radiorevelacionfm.cl\/index.php?rest_route=\/wp\/v2\/media\/54855"}],"wp:attachment":[{"href":"https:\/\/radiorevelacionfm.cl\/index.php?rest_route=%2Fwp%2Fv2%2Fmedia&parent=61629"}],"wp:term":[{"taxonomy":"category","embeddable":true,"href":"https:\/\/radiorevelacionfm.cl\/index.php?rest_route=%2Fwp%2Fv2%2Fcategories&post=61629"},{"taxonomy":"post_tag","embeddable":true,"href":"https:\/\/radiorevelacionfm.cl\/index.php?rest_route=%2Fwp%2Fv2%2Ftags&post=61629"}],"curies":[{"name":"wp","href":"https:\/\/api.w.org\/{rel}","templated":true}]}}