{"id":61621,"date":"2025-11-20T21:03:19","date_gmt":"2025-11-21T00:03:19","guid":{"rendered":"https:\/\/radiorevelacionfm.cl\/?p=61621"},"modified":"2025-11-20T21:03:19","modified_gmt":"2025-11-21T00:03:19","slug":"diputada-electa-alejandra-valdebenito-nuestra-region-no-puede-seguir-esperando-soluciones-que-nunca-llegan","status":"publish","type":"post","link":"https:\/\/radiorevelacionfm.cl\/?p=61621","title":{"rendered":"Diputada electa Alejandra Valdebenito: \u201cNuestra regi\u00f3n no puede seguir esperando soluciones que nunca llegan\u201d"},"content":{"rendered":"<div class=\"flex_column av_one_full  flex_column_div av-zero-column-padding first  avia-builder-el-0  el_before_av_one_full  avia-builder-el-first  \" style='border-radius:0px; '><div  class='avia-image-container  av-styling-    avia-builder-el-1  avia-builder-el-no-sibling  avia-align-center '  itemprop=\"image\" itemscope=\"itemscope\" itemtype=\"https:\/\/schema.org\/ImageObject\"  ><div class='avia-image-container-inner'><div class='avia-image-overlay-wrap'><img decoding=\"async\" class='wp-image-61622 avia-img-lazy-loading-not-61622 avia_image' src=\"https:\/\/radiorevelacionfm.cl\/wp-content\/uploads\/2025\/11\/alejandra-valdebenito-1_optimized.jpg\" alt='' title='alejandra-valdebenito-(1)_optimized' height=\"730\" width=\"800\"  itemprop=\"thumbnailUrl\" srcset=\"https:\/\/radiorevelacionfm.cl\/wp-content\/uploads\/2025\/11\/alejandra-valdebenito-1_optimized.jpg 800w, https:\/\/radiorevelacionfm.cl\/wp-content\/uploads\/2025\/11\/alejandra-valdebenito-1_optimized-300x274.jpg 300w, https:\/\/radiorevelacionfm.cl\/wp-content\/uploads\/2025\/11\/alejandra-valdebenito-1_optimized-768x701.jpg 768w, https:\/\/radiorevelacionfm.cl\/wp-content\/uploads\/2025\/11\/alejandra-valdebenito-1_optimized-705x643.jpg 705w, https:\/\/radiorevelacionfm.cl\/wp-content\/uploads\/2025\/11\/alejandra-valdebenito-1_optimized-450x411.jpg 450w, https:\/\/radiorevelacionfm.cl\/wp-content\/uploads\/2025\/11\/alejandra-valdebenito-1_optimized-600x548.jpg 600w\" sizes=\"(max-width: 800px) 100vw, 800px\" \/><\/div><\/div><\/div><\/div><div class=\"flex_column av_one_full  flex_column_div av-zero-column-padding first  avia-builder-el-2  el_after_av_one_full  el_before_av_one_full  column-top-margin\" style='border-radius:0px; '><section class=\"av_textblock_section \"  itemscope=\"itemscope\" itemtype=\"https:\/\/schema.org\/BlogPosting\" itemprop=\"blogPost\" ><div class='avia_textblock  '   itemprop=\"text\" ><p style=\"text-align: center;\"><span style=\"font-size: 18pt;\"><strong>Diputada electa Alejandra Valdebenito: <\/strong><strong>\u201cNuestra regi\u00f3n no puede seguir esperando soluciones que nunca llegan\u201d<\/strong><\/span><\/p>\n<div id=\"gtx-trans\" style=\"position: absolute; left: -50px; top: 4.31534px;\">\n<div class=\"gtx-trans-icon\"><\/div>\n<\/div>\n<\/div><\/section><\/div><div class=\"flex_column av_one_full  flex_column_div av-zero-column-padding first  avia-builder-el-4  el_after_av_one_full  el_before_av_hr  column-top-margin\" style='border-radius:0px; '><section class=\"av_textblock_section \"  itemscope=\"itemscope\" itemtype=\"https:\/\/schema.org\/BlogPosting\" itemprop=\"blogPost\" ><div class='avia_textblock  '   itemprop=\"text\" ><p style=\"text-align: justify;\">\u201cDefender\u00e9 a Ays\u00e9n con firmeza\u201d. As\u00ed lo se\u00f1al\u00f3 la diputada electa por la regi\u00f3n de Ays\u00e9n, Alejandra Valdebenito, quien luego de su triunfo este fin de semana, afirm\u00f3 que impulsar\u00e1 un trabajo legislativo centrado en conseguir, desde el Estado, respuestas claras y concretas frente a las brechas hist\u00f3ricas en salud, conectividad y desarrollo que afectan a la zona.<\/p>\n<p style=\"text-align: justify;\">Valdebenito adelant\u00f3 que impulsar\u00e1 una agenda de proyectos que prioricen las urgencias de la regi\u00f3n, lo que desarrollar\u00e1 a trav\u00e9s de un trabajo coordinado que incorpore la mirada de actores locales y regionales. \u201cEn mi rol como matrona he podido conocer de cerca la realidad que viven muchas familias de nuestra regi\u00f3n y por eso no podemos seguir esperando soluciones. Hemos sido reiterativos en denunciar las deudas en salud, transporte y conectividad, pues son problemas estructurales que requieren decisiones pol\u00edticas claras, no m\u00e1s anuncios sin resultados. Son d\u00e9cadas de postergaci\u00f3n para nuestras familias y el Estado debe cumplir con Ays\u00e9n\u201d, recalc\u00f3.<\/p>\n<p style=\"text-align: justify;\">En esa l\u00ednea, enfatiz\u00f3 que la regi\u00f3n enfrenta dificultades que no se pueden normalizar. \u201cCuando una persona debe viajar cientos de kil\u00f3metros para recibir atenci\u00f3n m\u00e9dica, incluso dentro de la misma regi\u00f3n, eso no es mala gesti\u00f3n; eso es abandono del Estado. Y esa realidad la vamos a enfrentar con fuerza desde el Congreso\u201d, se\u00f1al\u00f3.<\/p>\n<p style=\"text-align: justify;\">En materia de conectividad, Valdebenito subray\u00f3 que estar\u00e1 atenta al avance de la pavimentaci\u00f3n de la Carretera Austral, recordando que el actual Gobierno no cumpli\u00f3 su compromiso de pavimentar 140 kil\u00f3metros durante esta administraci\u00f3n, logrando solo avanzar en licitaciones, adjudicaci\u00f3n de obras, pero muy poco en obras concretas. \u201cConectar Chile por Chile debe seguir siendo una prioridad, porque el desarrollo necesita una conectividad que mejore la calidad de vida de las comunidades\u201d, afirm\u00f3.<\/p>\n<p style=\"text-align: justify;\">Respecto al desarrollo econ\u00f3mico, indic\u00f3 que el objetivo es fortalecer a los emprendedores locales, la pesca artesanal, el turismo y las econom\u00edas familiares, asegurando que la regi\u00f3n tenga un trato justo en la asignaci\u00f3n de recursos. \u201cNuestro Gobernador Marcelo Santana ha sido claro y su gesti\u00f3n ha dado se\u00f1ales evidentes de crecimiento, haciendo realidad su compromiso de que Ays\u00e9n vuelva a crecer. Mi trabajo ser\u00e1 apoyar ese esfuerzo y aportar, desde mi rol en el Parlamento, al desarrollo de la regi\u00f3n\u201d, agreg\u00f3.<\/p>\n<p style=\"text-align: justify;\">Finalmente, la diputada electa asegur\u00f3 que su estilo de trabajo ser\u00e1 en terreno, con presencia constante en las localidades y con rendici\u00f3n de cuentas permanente. \u201cMi compromiso es con las personas de Ays\u00e9n\u201d, concluy\u00f3.<\/p>\n<\/div><\/section><\/div><div  style='height:50px' class='hr hr-invisible   avia-builder-el-6  el_after_av_one_full  el_before_av_social_share '><span class='hr-inner ' ><span class='hr-inner-style'><\/span><\/span><\/div><\/p>\n<div  class='av-social-sharing-box  avia-builder-el-7  el_after_av_hr  el_before_av_hr  '><div class='av-share-box'><h5 class='av-share-link-description av-no-toc '>Compartir esta noticia<\/h5><ul class='av-share-box-list noLightbox'><li class='av-share-link av-social-link-facebook' ><a target=\"_blank\" aria-label=\"Compartir en Facebook\" href='https:\/\/www.facebook.com\/sharer.php?u=https:\/\/radiorevelacionfm.cl\/?p=61621&#038;t=Diputada%20electa%20Alejandra%20Valdebenito%3A%20%E2%80%9CNuestra%20regi%C3%B3n%20no%20puede%20seguir%20esperando%20soluciones%20que%20nunca%20llegan%E2%80%9D' aria-hidden='false' data-av_icon='\ue8f3' data-av_iconfont='entypo-fontello' title='' data-avia-related-tooltip='Compartir en Facebook' rel=\"noopener\"><span class='avia_hidden_link_text'>Compartir en Facebook<\/span><\/a><\/li><li class='av-share-link av-social-link-twitter' ><a target=\"_blank\" aria-label=\"Compartir en Twitter\" href='https:\/\/twitter.com\/share?text=Diputada%20electa%20Alejandra%20Valdebenito%3A%20%E2%80%9CNuestra%20regi%C3%B3n%20no%20puede%20seguir%20esperando%20soluciones%20que%20nunca%20llegan%E2%80%9D&#038;url=https:\/\/radiorevelacionfm.cl\/?p=61621' aria-hidden='false' data-av_icon='\ue8f1' data-av_iconfont='entypo-fontello' title='' data-avia-related-tooltip='Compartir en Twitter' rel=\"noopener\"><span class='avia_hidden_link_text'>Compartir en Twitter<\/span><\/a><\/li><li class='av-share-link av-social-link-whatsapp' ><a target=\"_blank\" aria-label=\"Compartir en Whatsapp\" href='https:\/\/api.whatsapp.com\/send?text=https:\/\/radiorevelacionfm.cl\/?p=61621' aria-hidden='false' data-av_icon='\uf232' data-av_iconfont='entypo-fontello' title='' data-avia-related-tooltip='Compartir en Whatsapp' rel=\"noopener\"><span class='avia_hidden_link_text'>Compartir en Whatsapp<\/span><\/a><\/li><li class='av-share-link av-social-link-linkedin' ><a target=\"_blank\" aria-label=\"Compartir en LinkedIn\" href='https:\/\/linkedin.com\/shareArticle?mini=true&#038;title=Diputada%20electa%20Alejandra%20Valdebenito%3A%20%E2%80%9CNuestra%20regi%C3%B3n%20no%20puede%20seguir%20esperando%20soluciones%20que%20nunca%20llegan%E2%80%9D&#038;url=https:\/\/radiorevelacionfm.cl\/?p=61621' aria-hidden='false' data-av_icon='\ue8fc' data-av_iconfont='entypo-fontello' title='' data-avia-related-tooltip='Compartir en LinkedIn' rel=\"noopener\"><span class='avia_hidden_link_text'>Compartir en LinkedIn<\/span><\/a><\/li><li class='av-share-link av-social-link-mail' ><a  aria-label=\"Compartir por correo\" href='mailto:?subject=Diputada%20electa%20Alejandra%20Valdebenito%3A%20%E2%80%9CNuestra%20regi%C3%B3n%20no%20puede%20seguir%20esperando%20soluciones%20que%20nunca%20llegan%E2%80%9D&#038;body=https:\/\/radiorevelacionfm.cl\/?p=61621' aria-hidden='false' data-av_icon='\ue805' data-av_iconfont='entypo-fontello' title='' data-avia-related-tooltip='Compartir por correo'><span class='avia_hidden_link_text'>Compartir por correo<\/span><\/a><\/li><\/ul><\/div><\/div>\n<div  style='height:50px' class='hr hr-invisible   avia-builder-el-8  el_after_av_social_share  el_before_av_comments_list '><span class='hr-inner ' ><span class='hr-inner-style'><\/span><\/span><\/div>\n<div  class='av-buildercomment  av-blog-meta-html-info-disabled av-blog-meta-tag-disabled  '><\/div>\n","protected":false},"excerpt":{"rendered":"","protected":false},"author":1,"featured_media":61622,"comment_status":"closed","ping_status":"closed","sticky":false,"template":"","format":"standard","meta":{"footnotes":""},"categories":[35],"tags":[],"class_list":["post-61621","post","type-post","status-publish","format-standard","has-post-thumbnail","hentry","category-politica"],"jetpack_featured_media_url":"https:\/\/radiorevelacionfm.cl\/wp-content\/uploads\/2025\/11\/alejandra-valdebenito-1_optimized.jpg","_links":{"self":[{"href":"https:\/\/radiorevelacionfm.cl\/index.php?rest_route=\/wp\/v2\/posts\/61621","targetHints":{"allow":["GET"]}}],"collection":[{"href":"https:\/\/radiorevelacionfm.cl\/index.php?rest_route=\/wp\/v2\/posts"}],"about":[{"href":"https:\/\/radiorevelacionfm.cl\/index.php?rest_route=\/wp\/v2\/types\/post"}],"author":[{"embeddable":true,"href":"https:\/\/radiorevelacionfm.cl\/index.php?rest_route=\/wp\/v2\/users\/1"}],"replies":[{"embeddable":true,"href":"https:\/\/radiorevelacionfm.cl\/index.php?rest_route=%2Fwp%2Fv2%2Fcomments&post=61621"}],"version-history":[{"count":2,"href":"https:\/\/radiorevelacionfm.cl\/index.php?rest_route=\/wp\/v2\/posts\/61621\/revisions"}],"predecessor-version":[{"id":61624,"href":"https:\/\/radiorevelacionfm.cl\/index.php?rest_route=\/wp\/v2\/posts\/61621\/revisions\/61624"}],"wp:featuredmedia":[{"embeddable":true,"href":"https:\/\/radiorevelacionfm.cl\/index.php?rest_route=\/wp\/v2\/media\/61622"}],"wp:attachment":[{"href":"https:\/\/radiorevelacionfm.cl\/index.php?rest_route=%2Fwp%2Fv2%2Fmedia&parent=61621"}],"wp:term":[{"taxonomy":"category","embeddable":true,"href":"https:\/\/radiorevelacionfm.cl\/index.php?rest_route=%2Fwp%2Fv2%2Fcategories&post=61621"},{"taxonomy":"post_tag","embeddable":true,"href":"https:\/\/radiorevelacionfm.cl\/index.php?rest_route=%2Fwp%2Fv2%2Ftags&post=61621"}],"curies":[{"name":"wp","href":"https:\/\/api.w.org\/{rel}","templated":true}]}}