{"id":6162,"date":"2021-07-11T19:02:39","date_gmt":"2021-07-11T22:02:39","guid":{"rendered":"https:\/\/radiorevelacionfm.cl\/?p=6162"},"modified":"2021-07-11T19:02:39","modified_gmt":"2021-07-11T22:02:39","slug":"comite-soberania-de-villa-la-tapera-valora-avances-de-proyecto-habitacional","status":"publish","type":"post","link":"https:\/\/radiorevelacionfm.cl\/?p=6162","title":{"rendered":"Comit\u00e9 \u201cSoberan\u00eda\u201d de Villa La Tapera valora avances de proyecto habitacional"},"content":{"rendered":"<div class=\"flex_column av_one_full  flex_column_div av-zero-column-padding first  avia-builder-el-0  el_before_av_one_full  avia-builder-el-first  \" style='border-radius:0px; '><div  class='avia-image-container  av-styling-    avia-builder-el-1  avia-builder-el-no-sibling  avia-align-center '  itemprop=\"image\" itemscope=\"itemscope\" itemtype=\"https:\/\/schema.org\/ImageObject\"  ><div class='avia-image-container-inner'><div class='avia-image-overlay-wrap'><img decoding=\"async\" class='wp-image-6163 avia-img-lazy-loading-not-6163 avia_image' src=\"https:\/\/radiorevelacionfm.cl\/wp-content\/uploads\/2021\/07\/COMITE-SOBERANIA-1-1.jpeg\" alt='' title='COMITE SOBERANIA 1 (1)' height=\"600\" width=\"800\"  itemprop=\"thumbnailUrl\" srcset=\"https:\/\/radiorevelacionfm.cl\/wp-content\/uploads\/2021\/07\/COMITE-SOBERANIA-1-1.jpeg 800w, https:\/\/radiorevelacionfm.cl\/wp-content\/uploads\/2021\/07\/COMITE-SOBERANIA-1-1-300x225.jpeg 300w, https:\/\/radiorevelacionfm.cl\/wp-content\/uploads\/2021\/07\/COMITE-SOBERANIA-1-1-768x576.jpeg 768w, https:\/\/radiorevelacionfm.cl\/wp-content\/uploads\/2021\/07\/COMITE-SOBERANIA-1-1-705x529.jpeg 705w, https:\/\/radiorevelacionfm.cl\/wp-content\/uploads\/2021\/07\/COMITE-SOBERANIA-1-1-600x450.jpeg 600w\" sizes=\"(max-width: 800px) 100vw, 800px\" \/><\/div><\/div><\/div><\/div><div class=\"flex_column av_one_full  flex_column_div av-zero-column-padding first  avia-builder-el-2  el_after_av_one_full  el_before_av_one_full  column-top-margin\" style='border-radius:0px; '><section class=\"av_textblock_section \"  itemscope=\"itemscope\" itemtype=\"https:\/\/schema.org\/BlogPosting\" itemprop=\"blogPost\" ><div class='avia_textblock  '   itemprop=\"text\" ><p style=\"text-align: center;\"><strong><span style=\"font-size: 18pt;\">Comit\u00e9 \u201cSoberan\u00eda\u201d de Villa La Tapera valora avances de proyecto habitacional <\/span><\/strong><\/p>\n<div id=\"gtx-trans\" style=\"position: absolute; left: -50px; top: 4.31534px;\">\n<div class=\"gtx-trans-icon\"><\/div>\n<\/div>\n<\/div><\/section><\/div><div class=\"flex_column av_one_full  flex_column_div av-zero-column-padding first  avia-builder-el-4  el_after_av_one_full  el_before_av_hr  column-top-margin\" style='border-radius:0px; '><section class=\"av_textblock_section \"  itemscope=\"itemscope\" itemtype=\"https:\/\/schema.org\/BlogPosting\" itemprop=\"blogPost\" ><div class='avia_textblock  '   itemprop=\"text\" ><p style=\"text-align: justify;\">Las 24 familias del Comit\u00e9 \u201cSoberan\u00eda\u201d de Villa La Tapera, participaron de una reuni\u00f3n junto al Alcalde Nelson Opazo, los Concejales de la comuna, el \u00e1rea de Secplan y la empresa consultora a cargo de trabajar el ante proyecto de loteo y el dise\u00f1o de las viviendas para este complejo habitacional.<\/p>\n<p style=\"text-align: justify;\">Fue un encuentro muy grato, donde la idea es ir avanzando de manera seria y responsable, que le permita a cada grupo familiar de este comit\u00e9 llegar a lograr la anhelada casa propia. Tal como lo manifest\u00f3 la m\u00e1xima autoridad de la comuna de Lago Verde, Nelson Opazo.<\/p>\n<p style=\"text-align: justify;\">\u201cLa verdad este es un avance que se visualiza, que se genera, que se puede constatar con la comunidad y con el comit\u00e9 Soberan\u00eda en este caso de Villa La Tapera, por ello, es importante, es valioso. De esta manera, vamos por buen camino en t\u00e9rminos de concretar este anhelo tan relevante como es la casa propia para las familias de mi querido Tapera. Muy satisfecho, muy contento de poder seguir trabajando en conjunto con el Concejo en pleno, con la participaci\u00f3n de los seis Concejales en esta reuni\u00f3n que claramente es un tema muy relevante para los habitantes de nuestra comuna\u201d.<\/p>\n<p style=\"text-align: justify;\">Gina Tiller\u00eda, es profesional de la consultora que lleva adelante el ante proyecto de loteo y el dise\u00f1o de las viviendas para el comit\u00e9 \u201cSoberan\u00eda\u201d de Villa La Tapera. Seg\u00fan pudo rescatar luego de finalizar la reuni\u00f3n, los integrantes del comit\u00e9 quedaron de acuerdo con ambas propuesta, resalt\u00f3 Tiller\u00eda. \u201cEstuvimos en esta reuni\u00f3n presentando el ante proyecto de loteo y el ante proyecto de vivienda. Me voy muy satisfecha porque ambas propuestas han sido recibidas satisfactoriamente por las familias, as\u00ed es que, seguimos trabajando en esta iniciativa\u201d.<\/p>\n<p style=\"text-align: justify;\">En tanto, la presidenta del Comit\u00e9 de Vivienda \u201cSoberan\u00eda\u201d de Tapera, Perla Concha, junto con valorar la presencia del Alcalde y todos los Concejales en esta reuni\u00f3n, se\u00f1al\u00f3 que hasta este minuto todo se ha efectuado correctamente. \u201cHoy tuvimos la reuni\u00f3n donde la se\u00f1orita Gina nos vino a exponer el ante proyecto del loteo y modelo de las casas. Gracias a Dios ahora vamos a avanzar otro poquito, as\u00ed es que, todo bien, todos contentos, todos felices\u201d.<\/p>\n<p style=\"text-align: justify;\">La dirigenta agreg\u00f3 que esperan continuar avanzando para llegar a cumplir el sue\u00f1o de la casa propia para las 24 familias del Comit\u00e9 \u201cSoberan\u00eda\u201d de Villa La Tapera. Compromiso que la autoridad comunal, Alcalde Nelson Opazo, estableci\u00f3 para que junto al equipo profesional y t\u00e9cnico del Municipio m\u00e1s la Consultora, se cumplan todas las etapas que lleven a concretar esta importante iniciativa social.<\/p>\n<\/div><\/section><\/div><div  style='height:50px' class='hr hr-invisible   avia-builder-el-6  el_after_av_one_full  el_before_av_social_share '><span class='hr-inner ' ><span class='hr-inner-style'><\/span><\/span><\/div><\/p>\n<div  class='av-social-sharing-box  avia-builder-el-7  el_after_av_hr  el_before_av_hr  '><div class='av-share-box'><h5 class='av-share-link-description av-no-toc '>Compartir esta noticia<\/h5><ul class='av-share-box-list noLightbox'><li class='av-share-link av-social-link-facebook' ><a target=\"_blank\" aria-label=\"Compartir en Facebook\" href='https:\/\/www.facebook.com\/sharer.php?u=https:\/\/radiorevelacionfm.cl\/?p=6162&#038;t=Comit%C3%A9%20%E2%80%9CSoberan%C3%ADa%E2%80%9D%20de%20Villa%20La%20Tapera%20valora%20avances%20de%20proyecto%20habitacional' aria-hidden='false' data-av_icon='\ue8f3' data-av_iconfont='entypo-fontello' title='' data-avia-related-tooltip='Compartir en Facebook' rel=\"noopener\"><span class='avia_hidden_link_text'>Compartir en Facebook<\/span><\/a><\/li><li class='av-share-link av-social-link-twitter' ><a target=\"_blank\" aria-label=\"Compartir en Twitter\" href='https:\/\/twitter.com\/share?text=Comit%C3%A9%20%E2%80%9CSoberan%C3%ADa%E2%80%9D%20de%20Villa%20La%20Tapera%20valora%20avances%20de%20proyecto%20habitacional&#038;url=https:\/\/radiorevelacionfm.cl\/?p=6162' aria-hidden='false' data-av_icon='\ue8f1' data-av_iconfont='entypo-fontello' title='' data-avia-related-tooltip='Compartir en Twitter' rel=\"noopener\"><span class='avia_hidden_link_text'>Compartir en Twitter<\/span><\/a><\/li><li class='av-share-link av-social-link-whatsapp' ><a target=\"_blank\" aria-label=\"Compartir en Whatsapp\" href='https:\/\/api.whatsapp.com\/send?text=https:\/\/radiorevelacionfm.cl\/?p=6162' aria-hidden='false' data-av_icon='\uf232' data-av_iconfont='entypo-fontello' title='' data-avia-related-tooltip='Compartir en Whatsapp' rel=\"noopener\"><span class='avia_hidden_link_text'>Compartir en Whatsapp<\/span><\/a><\/li><li class='av-share-link av-social-link-linkedin' ><a target=\"_blank\" aria-label=\"Compartir en LinkedIn\" href='https:\/\/linkedin.com\/shareArticle?mini=true&#038;title=Comit%C3%A9%20%E2%80%9CSoberan%C3%ADa%E2%80%9D%20de%20Villa%20La%20Tapera%20valora%20avances%20de%20proyecto%20habitacional&#038;url=https:\/\/radiorevelacionfm.cl\/?p=6162' aria-hidden='false' data-av_icon='\ue8fc' data-av_iconfont='entypo-fontello' title='' data-avia-related-tooltip='Compartir en LinkedIn' rel=\"noopener\"><span class='avia_hidden_link_text'>Compartir en LinkedIn<\/span><\/a><\/li><li class='av-share-link av-social-link-mail' ><a  aria-label=\"Compartir por correo\" href='mailto:?subject=Comit%C3%A9%20%E2%80%9CSoberan%C3%ADa%E2%80%9D%20de%20Villa%20La%20Tapera%20valora%20avances%20de%20proyecto%20habitacional&#038;body=https:\/\/radiorevelacionfm.cl\/?p=6162' aria-hidden='false' data-av_icon='\ue805' data-av_iconfont='entypo-fontello' title='' data-avia-related-tooltip='Compartir por correo'><span class='avia_hidden_link_text'>Compartir por correo<\/span><\/a><\/li><\/ul><\/div><\/div>\n<div  style='height:50px' class='hr hr-invisible   avia-builder-el-8  el_after_av_social_share  el_before_av_comments_list '><span class='hr-inner ' ><span class='hr-inner-style'><\/span><\/span><\/div>\n<div  class='av-buildercomment  av-blog-meta-html-info-disabled av-blog-meta-tag-disabled  '><\/div>\n","protected":false},"excerpt":{"rendered":"","protected":false},"author":1,"featured_media":6163,"comment_status":"open","ping_status":"open","sticky":false,"template":"","format":"standard","meta":{"footnotes":""},"categories":[38],"tags":[],"class_list":["post-6162","post","type-post","status-publish","format-standard","has-post-thumbnail","hentry","category-regional"],"jetpack_featured_media_url":"https:\/\/radiorevelacionfm.cl\/wp-content\/uploads\/2021\/07\/COMITE-SOBERANIA-1-1.jpeg","_links":{"self":[{"href":"https:\/\/radiorevelacionfm.cl\/index.php?rest_route=\/wp\/v2\/posts\/6162","targetHints":{"allow":["GET"]}}],"collection":[{"href":"https:\/\/radiorevelacionfm.cl\/index.php?rest_route=\/wp\/v2\/posts"}],"about":[{"href":"https:\/\/radiorevelacionfm.cl\/index.php?rest_route=\/wp\/v2\/types\/post"}],"author":[{"embeddable":true,"href":"https:\/\/radiorevelacionfm.cl\/index.php?rest_route=\/wp\/v2\/users\/1"}],"replies":[{"embeddable":true,"href":"https:\/\/radiorevelacionfm.cl\/index.php?rest_route=%2Fwp%2Fv2%2Fcomments&post=6162"}],"version-history":[{"count":1,"href":"https:\/\/radiorevelacionfm.cl\/index.php?rest_route=\/wp\/v2\/posts\/6162\/revisions"}],"predecessor-version":[{"id":6164,"href":"https:\/\/radiorevelacionfm.cl\/index.php?rest_route=\/wp\/v2\/posts\/6162\/revisions\/6164"}],"wp:featuredmedia":[{"embeddable":true,"href":"https:\/\/radiorevelacionfm.cl\/index.php?rest_route=\/wp\/v2\/media\/6163"}],"wp:attachment":[{"href":"https:\/\/radiorevelacionfm.cl\/index.php?rest_route=%2Fwp%2Fv2%2Fmedia&parent=6162"}],"wp:term":[{"taxonomy":"category","embeddable":true,"href":"https:\/\/radiorevelacionfm.cl\/index.php?rest_route=%2Fwp%2Fv2%2Fcategories&post=6162"},{"taxonomy":"post_tag","embeddable":true,"href":"https:\/\/radiorevelacionfm.cl\/index.php?rest_route=%2Fwp%2Fv2%2Ftags&post=6162"}],"curies":[{"name":"wp","href":"https:\/\/api.w.org\/{rel}","templated":true}]}}