{"id":61612,"date":"2025-11-20T20:26:01","date_gmt":"2025-11-20T23:26:01","guid":{"rendered":"https:\/\/radiorevelacionfm.cl\/?p=61612"},"modified":"2025-11-20T20:26:49","modified_gmt":"2025-11-20T23:26:49","slug":"en-el-marco-del-dia-mundial-del-sida-stand-educativos-y-espacios-de-dialogo-marcaran-jornada-preventiva-por-el-vih","status":"publish","type":"post","link":"https:\/\/radiorevelacionfm.cl\/?p=61612","title":{"rendered":"En el marco del D\u00eda Mundial del SIDA: Stand educativos y espacios de di\u00e1logo marcar\u00e1n jornada preventiva por el VIH"},"content":{"rendered":"<div class=\"flex_column av_one_full  flex_column_div av-zero-column-padding first  avia-builder-el-0  el_before_av_one_full  avia-builder-el-first  \" style='border-radius:0px; '><div  class='avia-image-container  av-styling-    avia-builder-el-1  avia-builder-el-no-sibling  avia-align-center '  itemprop=\"image\" itemscope=\"itemscope\" itemtype=\"https:\/\/schema.org\/ImageObject\"  ><div class='avia-image-container-inner'><div class='avia-image-overlay-wrap'><img decoding=\"async\" class='wp-image-61613 avia-img-lazy-loading-not-61613 avia_image' src=\"https:\/\/radiorevelacionfm.cl\/wp-content\/uploads\/2025\/11\/promocion-autotes-vih-1-1.jpg\" alt='' title='promoci\u00f3n autotes vih (1) (1)' height=\"600\" width=\"800\"  itemprop=\"thumbnailUrl\" srcset=\"https:\/\/radiorevelacionfm.cl\/wp-content\/uploads\/2025\/11\/promocion-autotes-vih-1-1.jpg 800w, https:\/\/radiorevelacionfm.cl\/wp-content\/uploads\/2025\/11\/promocion-autotes-vih-1-1-300x225.jpg 300w, https:\/\/radiorevelacionfm.cl\/wp-content\/uploads\/2025\/11\/promocion-autotes-vih-1-1-768x576.jpg 768w, https:\/\/radiorevelacionfm.cl\/wp-content\/uploads\/2025\/11\/promocion-autotes-vih-1-1-705x529.jpg 705w, https:\/\/radiorevelacionfm.cl\/wp-content\/uploads\/2025\/11\/promocion-autotes-vih-1-1-450x338.jpg 450w, https:\/\/radiorevelacionfm.cl\/wp-content\/uploads\/2025\/11\/promocion-autotes-vih-1-1-600x450.jpg 600w\" sizes=\"(max-width: 800px) 100vw, 800px\" \/><\/div><\/div><\/div><\/div>\n<div class=\"flex_column av_one_full  flex_column_div av-zero-column-padding first  avia-builder-el-2  el_after_av_one_full  el_before_av_one_full  column-top-margin\" style='border-radius:0px; '><section class=\"av_textblock_section \"  itemscope=\"itemscope\" itemtype=\"https:\/\/schema.org\/BlogPosting\" itemprop=\"blogPost\" ><div class='avia_textblock  '   itemprop=\"text\" ><p style=\"text-align: center;\"><strong><span style=\"font-size: 18pt;\">En el marco del D\u00eda Mundial del SIDA: Stand educativos y espacios de di\u00e1logo marcar\u00e1n jornada preventiva por el VIH<\/span><\/strong><\/p>\n<div id=\"gtx-trans\" style=\"position: absolute; left: -50px; top: 4.31534px;\">\n<div class=\"gtx-trans-icon\"><\/div>\n<\/div>\n<\/div><\/section><\/div><div class=\"flex_column av_one_full  flex_column_div av-zero-column-padding first  avia-builder-el-4  el_after_av_one_full  el_before_av_hr  column-top-margin\" style='border-radius:0px; '><section class=\"av_textblock_section \"  itemscope=\"itemscope\" itemtype=\"https:\/\/schema.org\/BlogPosting\" itemprop=\"blogPost\" ><div class='avia_textblock  '   itemprop=\"text\" ><p style=\"text-align: justify;\">Diversas son las actividades que se han organizado para este viernes 21 de noviembre para conmemorar el D\u00eda Mundial del VIH\/SIDA en Ays\u00e9n, siendo el Centro Cultural de Coyhaique el lugar escogido para desarrollar un cineforo denominado \u201cHablemos Positivo\u201d donde a trav\u00e9s del cine y stand educativos se busca reflexionar sobre el VIH y sus medidas preventivas.<\/p>\n<p style=\"text-align: justify;\">Las actividades se inician este viernes, a partir de las 18hrs., con la proyecci\u00f3n de un documental, para dar paso a compartir opiniones y generar reflexiones sobre estos temas. Esta actividad adem\u00e1s contempla stands educativos en materias de salud sexual con concursos y entrega de informaci\u00f3n. En este contexto, la Seremi de Salud, Gloria \u00c1guila Schmeisser, hizo un llamado a la comunidad a participar de esta jornada. \u201cVisibilizar e instalar en el discurso sobre el VIH, el SIDA y las Infecciones de Transmisi\u00f3n Sexual, respecto a la importancia de la prevenci\u00f3n es parte de lo que buscamos reforzar con estas actividades, donde quiero invitar a la comunidad a ser parte de esta jornada, porque el VIH es una enfermedad que est\u00e1 presente a nivel pa\u00eds y en la regi\u00f3n de Ays\u00e9n, donde el autocuidado es la principal herramienta que existe para evitar el aumento de contagios entre la poblaci\u00f3n. Otro aspecto relevante para mencionar, son los esfuerzos que realiza el MINSAL para el diagn\u00f3stico oportuno el cual es gratuito en el sistema p\u00fablico de salud y su tratamiento que forma parte de las Garant\u00edas Expl\u00edcitas de Salud (GES)\u201d.<\/p>\n<p style=\"text-align: justify;\"><strong>VIH en Ays\u00e9n<\/strong><\/p>\n<p style=\"text-align: justify;\">A nivel regional, durante el a\u00f1o 2024 se diagnosticaron 22 nuevos casos de VIH, concentr\u00e1ndose el 86% de los diagn\u00f3sticos en hombres. Uno de los datos m\u00e1s preocupantes para el sector salud es que el 41% de los casos fueron detectados en etapa SIDA, la fase m\u00e1s avanzada de la enfermedad, lo que implica que estas personas llevaban en promedio entre 8 a 10 a\u00f1os sin saber que ten\u00edan el virus, lo que aumenta el riesgo de haberlo transmitido durante este per\u00edodo.<\/p>\n<p style=\"text-align: justify;\">La referente del Programa de VIH de la Seremi de Salud, Nayaret Oyarz\u00fan, explic\u00f3 que durante el a\u00f1o pasado se confirmaron tres casos en menores de edad. \u201cDurante el a\u00f1o 2024, se registraron tres casos confirmados de VIH en menores, cuyas edades fluctuaban entre los 16 y 17 a\u00f1os. Esta situaci\u00f3n nos preocupa como autoridad sanitaria, considerando que el inicio de la actividad sexual en nuestra regi\u00f3n, seg\u00fan los datos aportados por la encuesta ENSSEX, ocurre en promedio, a los 16 a\u00f1os. Adem\u00e1s, la motivaci\u00f3n principal para usar preservativo sigue siendo evitar un embarazo, por lo que muchas veces se deja de utilizar cuando la pareja recurre a otros m\u00e9todos como las pastillas anticonceptivas\u201d.<\/p>\n<p style=\"text-align: justify;\">Asimismo, explic\u00f3 la profesional de salud, el rango etario con mayor cantidad de diagn\u00f3sticos corresponde a personas entre los 25 y 29 a\u00f1os. \u201cA medida que aumenta la edad, la adherencia al uso del preservativo disminuye y se instala una falsa sensaci\u00f3n de seguridad\u201d, sostuvo.<\/p>\n<p style=\"text-align: justify;\">La funcionaria de salud enfatiz\u00f3 que el foco est\u00e1 puesto en el autocuidado y en la realizaci\u00f3n peri\u00f3dica de ex\u00e1menes preventivos. \u201cIndependiente de si se tiene o no una pareja estable, es fundamental realizarse los ex\u00e1menes de VIH y VDRL (para detecci\u00f3n de s\u00edfilis) al menos una vez al a\u00f1o. Y si la persona forma parte de un grupo de mayor riesgo, entonces debe hacerlo dos veces al a\u00f1o\u201d. Estos ex\u00e1menes pueden solicitarse durante el EMPA o en cualquier control de salud con matrona.<\/p>\n<p style=\"text-align: justify;\">Hasta el mes de octubre de este 2025, ya se contabilizan 10 casos de VIH en la regi\u00f3n, cuyas edades van desde los 29 a los 62 a\u00f1os de edad.<\/p>\n<p style=\"text-align: justify;\">Actualmente, en la regi\u00f3n de Ays\u00e9n, desde el a\u00f1o 2014 a octubre del 2025 existen 197 personas diagnosticadas con VIH, los cuales est\u00e1n siendo monitoreados y tratados por la red asistencial.<\/p>\n<p style=\"text-align: justify;\"><strong>Medidas Preventivas<\/strong><\/p>\n<ul style=\"text-align: justify;\">\n<li>Uso correcto y consistente de cond\u00f3n en cada relaci\u00f3n sexual.<\/li>\n<li>Realizaci\u00f3n del examen VIH.<\/li>\n<li>Vinculaci\u00f3n a la atenci\u00f3n, control y tratamiento de las personas que viven con VIH\/SIDA.<\/li>\n<li>Prevenci\u00f3n y tratamiento de otras infecciones de transmisi\u00f3n sexual.<\/li>\n<li>Prevenci\u00f3n de la transmisi\u00f3n vertical del VIH\/SIDA (madre al hijo\/a).<\/li>\n<\/ul>\n<p style=\"text-align: justify;\"><strong>PREP<\/strong><\/p>\n<p style=\"text-align: justify;\">La PREP es un tratamiento preventivo y de preexposici\u00f3n al VIH y consiste en la toma de un medicamento para reducir el riesgo de adquirirlo, sin embargo, esta no previene otras infecciones de transmisi\u00f3n sexual.<\/p>\n<p style=\"text-align: justify;\">\u00bfA qui\u00e9n est\u00e1 destinado?:<\/p>\n<ul style=\"text-align: justify;\">\n<li>Personas de 18 a\u00f1os o m\u00e1s con conductas sexuales de riesgo.<\/li>\n<li>Personas adherentes al f\u00e1rmaco, es decir, que respetan la dosis y horarios indicados.<\/li>\n<\/ul>\n<\/div><\/section><\/div><\/p>\n<div  style='height:50px' class='hr hr-invisible   avia-builder-el-6  el_after_av_one_full  el_before_av_social_share '><span class='hr-inner ' ><span class='hr-inner-style'><\/span><\/span><\/div>\n<div  class='av-social-sharing-box  avia-builder-el-7  el_after_av_hr  el_before_av_hr  '><div class='av-share-box'><h5 class='av-share-link-description av-no-toc '>Compartir esta noticia<\/h5><ul class='av-share-box-list noLightbox'><li class='av-share-link av-social-link-facebook' ><a target=\"_blank\" aria-label=\"Compartir en Facebook\" href='https:\/\/www.facebook.com\/sharer.php?u=https:\/\/radiorevelacionfm.cl\/?p=61612&#038;t=En%20el%20marco%20del%20D%C3%ADa%20Mundial%20del%20SIDA%3A%20Stand%20educativos%20y%20espacios%20de%20di%C3%A1logo%20marcar%C3%A1n%20jornada%20preventiva%20por%20el%20VIH' aria-hidden='false' data-av_icon='\ue8f3' data-av_iconfont='entypo-fontello' title='' data-avia-related-tooltip='Compartir en Facebook' rel=\"noopener\"><span class='avia_hidden_link_text'>Compartir en Facebook<\/span><\/a><\/li><li class='av-share-link av-social-link-twitter' ><a target=\"_blank\" aria-label=\"Compartir en Twitter\" href='https:\/\/twitter.com\/share?text=En%20el%20marco%20del%20D%C3%ADa%20Mundial%20del%20SIDA%3A%20Stand%20educativos%20y%20espacios%20de%20di%C3%A1logo%20marcar%C3%A1n%20jornada%20preventiva%20por%20el%20VIH&#038;url=https:\/\/radiorevelacionfm.cl\/?p=61612' aria-hidden='false' data-av_icon='\ue8f1' data-av_iconfont='entypo-fontello' title='' data-avia-related-tooltip='Compartir en Twitter' rel=\"noopener\"><span class='avia_hidden_link_text'>Compartir en Twitter<\/span><\/a><\/li><li class='av-share-link av-social-link-whatsapp' ><a target=\"_blank\" aria-label=\"Compartir en Whatsapp\" href='https:\/\/api.whatsapp.com\/send?text=https:\/\/radiorevelacionfm.cl\/?p=61612' aria-hidden='false' data-av_icon='\uf232' data-av_iconfont='entypo-fontello' title='' data-avia-related-tooltip='Compartir en Whatsapp' rel=\"noopener\"><span class='avia_hidden_link_text'>Compartir en Whatsapp<\/span><\/a><\/li><li class='av-share-link av-social-link-linkedin' ><a target=\"_blank\" aria-label=\"Compartir en LinkedIn\" href='https:\/\/linkedin.com\/shareArticle?mini=true&#038;title=En%20el%20marco%20del%20D%C3%ADa%20Mundial%20del%20SIDA%3A%20Stand%20educativos%20y%20espacios%20de%20di%C3%A1logo%20marcar%C3%A1n%20jornada%20preventiva%20por%20el%20VIH&#038;url=https:\/\/radiorevelacionfm.cl\/?p=61612' aria-hidden='false' data-av_icon='\ue8fc' data-av_iconfont='entypo-fontello' title='' data-avia-related-tooltip='Compartir en LinkedIn' rel=\"noopener\"><span class='avia_hidden_link_text'>Compartir en LinkedIn<\/span><\/a><\/li><li class='av-share-link av-social-link-mail' ><a  aria-label=\"Compartir por correo\" href='mailto:?subject=En%20el%20marco%20del%20D%C3%ADa%20Mundial%20del%20SIDA%3A%20Stand%20educativos%20y%20espacios%20de%20di%C3%A1logo%20marcar%C3%A1n%20jornada%20preventiva%20por%20el%20VIH&#038;body=https:\/\/radiorevelacionfm.cl\/?p=61612' aria-hidden='false' data-av_icon='\ue805' data-av_iconfont='entypo-fontello' title='' data-avia-related-tooltip='Compartir por correo'><span class='avia_hidden_link_text'>Compartir por correo<\/span><\/a><\/li><\/ul><\/div><\/div>\n<div  style='height:50px' class='hr hr-invisible   avia-builder-el-8  el_after_av_social_share  el_before_av_comments_list '><span class='hr-inner ' ><span class='hr-inner-style'><\/span><\/span><\/div>\n<div  class='av-buildercomment  av-blog-meta-html-info-disabled av-blog-meta-tag-disabled  '><\/div>\n","protected":false},"excerpt":{"rendered":"","protected":false},"author":1,"featured_media":61613,"comment_status":"closed","ping_status":"closed","sticky":false,"template":"","format":"standard","meta":{"footnotes":""},"categories":[46],"tags":[],"class_list":["post-61612","post","type-post","status-publish","format-standard","has-post-thumbnail","hentry","category-salud"],"jetpack_featured_media_url":"https:\/\/radiorevelacionfm.cl\/wp-content\/uploads\/2025\/11\/promocion-autotes-vih-1-1.jpg","_links":{"self":[{"href":"https:\/\/radiorevelacionfm.cl\/index.php?rest_route=\/wp\/v2\/posts\/61612","targetHints":{"allow":["GET"]}}],"collection":[{"href":"https:\/\/radiorevelacionfm.cl\/index.php?rest_route=\/wp\/v2\/posts"}],"about":[{"href":"https:\/\/radiorevelacionfm.cl\/index.php?rest_route=\/wp\/v2\/types\/post"}],"author":[{"embeddable":true,"href":"https:\/\/radiorevelacionfm.cl\/index.php?rest_route=\/wp\/v2\/users\/1"}],"replies":[{"embeddable":true,"href":"https:\/\/radiorevelacionfm.cl\/index.php?rest_route=%2Fwp%2Fv2%2Fcomments&post=61612"}],"version-history":[{"count":3,"href":"https:\/\/radiorevelacionfm.cl\/index.php?rest_route=\/wp\/v2\/posts\/61612\/revisions"}],"predecessor-version":[{"id":61615,"href":"https:\/\/radiorevelacionfm.cl\/index.php?rest_route=\/wp\/v2\/posts\/61612\/revisions\/61615"}],"wp:featuredmedia":[{"embeddable":true,"href":"https:\/\/radiorevelacionfm.cl\/index.php?rest_route=\/wp\/v2\/media\/61613"}],"wp:attachment":[{"href":"https:\/\/radiorevelacionfm.cl\/index.php?rest_route=%2Fwp%2Fv2%2Fmedia&parent=61612"}],"wp:term":[{"taxonomy":"category","embeddable":true,"href":"https:\/\/radiorevelacionfm.cl\/index.php?rest_route=%2Fwp%2Fv2%2Fcategories&post=61612"},{"taxonomy":"post_tag","embeddable":true,"href":"https:\/\/radiorevelacionfm.cl\/index.php?rest_route=%2Fwp%2Fv2%2Ftags&post=61612"}],"curies":[{"name":"wp","href":"https:\/\/api.w.org\/{rel}","templated":true}]}}