{"id":61604,"date":"2025-11-20T20:17:50","date_gmt":"2025-11-20T23:17:50","guid":{"rendered":"https:\/\/radiorevelacionfm.cl\/?p=61604"},"modified":"2025-11-20T20:17:50","modified_gmt":"2025-11-20T23:17:50","slug":"estudiantes-de-cochrane-y-coyhaique-representaron-a-la-region-en-el-congreso-nacional-explora","status":"publish","type":"post","link":"https:\/\/radiorevelacionfm.cl\/?p=61604","title":{"rendered":"Estudiantes de Cochrane y Coyhaique representaron a la regi\u00f3n en el Congreso Nacional Explora"},"content":{"rendered":"<div class=\"flex_column av_one_full  flex_column_div av-zero-column-padding first  avia-builder-el-0  el_before_av_one_full  avia-builder-el-first  \" style='border-radius:0px; '><div  class='avia-image-container  av-styling-    avia-builder-el-1  avia-builder-el-no-sibling  avia-align-center '  itemprop=\"image\" itemscope=\"itemscope\" itemtype=\"https:\/\/schema.org\/ImageObject\"  ><div class='avia-image-container-inner'><div class='avia-image-overlay-wrap'><img decoding=\"async\" class='wp-image-61605 avia-img-lazy-loading-not-61605 avia_image' src=\"https:\/\/radiorevelacionfm.cl\/wp-content\/uploads\/2025\/11\/Congreso-Explora-1-1.jpeg\" alt='' title='Congreso Explora (1) (1)' height=\"600\" width=\"800\"  itemprop=\"thumbnailUrl\" srcset=\"https:\/\/radiorevelacionfm.cl\/wp-content\/uploads\/2025\/11\/Congreso-Explora-1-1.jpeg 800w, https:\/\/radiorevelacionfm.cl\/wp-content\/uploads\/2025\/11\/Congreso-Explora-1-1-300x225.jpeg 300w, https:\/\/radiorevelacionfm.cl\/wp-content\/uploads\/2025\/11\/Congreso-Explora-1-1-768x576.jpeg 768w, https:\/\/radiorevelacionfm.cl\/wp-content\/uploads\/2025\/11\/Congreso-Explora-1-1-705x529.jpeg 705w, https:\/\/radiorevelacionfm.cl\/wp-content\/uploads\/2025\/11\/Congreso-Explora-1-1-450x338.jpeg 450w, https:\/\/radiorevelacionfm.cl\/wp-content\/uploads\/2025\/11\/Congreso-Explora-1-1-600x450.jpeg 600w\" sizes=\"(max-width: 800px) 100vw, 800px\" \/><\/div><\/div><\/div><\/div><div class=\"flex_column av_one_full  flex_column_div av-zero-column-padding first  avia-builder-el-2  el_after_av_one_full  el_before_av_one_full  column-top-margin\" style='border-radius:0px; '><section class=\"av_textblock_section \"  itemscope=\"itemscope\" itemtype=\"https:\/\/schema.org\/BlogPosting\" itemprop=\"blogPost\" ><div class='avia_textblock  '   itemprop=\"text\" ><p style=\"text-align: center;\"><span style=\"font-size: 18pt;\"><strong>Estudiantes de Cochrane y Coyhaique representaron a la regi\u00f3n en el Congreso Nacional Explora <\/strong><\/span><\/p>\n<div id=\"gtx-trans\" style=\"position: absolute; left: -50px; top: 4.31534px;\">\n<div class=\"gtx-trans-icon\"><\/div>\n<\/div>\n<\/div><\/section><\/div><div class=\"flex_column av_one_full  flex_column_div av-zero-column-padding first  avia-builder-el-4  el_after_av_one_full  el_before_av_hr  column-top-margin\" style='border-radius:0px; '><section class=\"av_textblock_section \"  itemscope=\"itemscope\" itemtype=\"https:\/\/schema.org\/BlogPosting\" itemprop=\"blogPost\" ><div class='avia_textblock  '   itemprop=\"text\" ><p style=\"text-align: justify;\"><em>Los d\u00edas 28, 29 y 30 de octubre, equipos escolares de la Escuela V\u00edctor Domingo Silva y del Liceo Bicentenario Austral Lord Cochrane viajaron a Santiago para representar a la regi\u00f3n de Ays\u00e9n en el Congreso Nacional Explora de Investigaci\u00f3n e Innovaci\u00f3n Escolar 2025. <\/em><\/p>\n<p style=\"text-align: justify;\">Los dos equipos participantes forman parte del Programa de Investigaci\u00f3n e Innovaci\u00f3n Escolar del Proyecto Explora Ays\u00e9n, perteneciente al Ministerio de Ciencia, Tecnolog\u00eda, Conocimiento e Innovaci\u00f3n, y ejecutado por el Campus Patagonia de la Universidad Austral de Chile, cuyo objetivo es promover la socializaci\u00f3n del conocimiento en la comunidad educativa.<\/p>\n<p style=\"text-align: justify;\">Las y los representantes de Ays\u00e9n se unieron a 41 equipos nacionales e internacionales de investigaci\u00f3n e innovaci\u00f3n escolar para presentar sus proyectos, compartir aprendizajes y socializar experiencias que buscan comprender fen\u00f3menos y proponer soluciones a los desaf\u00edos actuales de sus territorios.<\/p>\n<p style=\"text-align: justify;\"><strong>\u00a0<\/strong><\/p>\n<p style=\"text-align: justify;\"><strong>Experiencias cient\u00edficas a partir de desaf\u00edos locales<\/strong><\/p>\n<p style=\"text-align: justify;\">Desde la Escuela V\u00edctor Domingo Silva, el equipo \u201cConexi\u00f3n Fungi\u201d present\u00f3 su investigaci\u00f3n, la cual busca descubrir si al agregar suelo de bosque con hongo micorricico se puede cultivar mejores hortalizas, gracias a la relaci\u00f3n beneficiosa entre hongos y ra\u00edces de las plantas, produciendo plantas de una forma m\u00e1s sustentable<\/p>\n<p style=\"text-align: justify;\">Por su parte, el equipo \u201cCochrane en l\u00ednea con su patrimonio\u201d, del Liceo Bicentenario Austral Lord Cochrane, dio a conocer su proyecto, el cual busca valorar y preservar el patrimonio natural y cultural de Cochrane, integrando saberes ancestrales sobre hierbas, hongos y frutos silvestres con la tecnolog\u00eda y la innovaci\u00f3n, para fortalecer la identidad local, promover la sostenibilidad ambiental y generar oportunidades educativas, tur\u00edsticas y econ\u00f3micas para su comunidad.<\/p>\n<p style=\"text-align: justify;\">Sobre su participaci\u00f3n en el Congreso, el docente gu\u00eda del equipo \u201cConexi\u00f3n Fungi\u201d, Patricio Mu\u00f1oz concluy\u00f3: \u201cPara nuestro equipo fue una tremenda experiencia y un gran orgullo representar a la Regi\u00f3n. Las estudiantes compartieron con ni\u00f1os y ni\u00f1as de todo Chile, conociendo interesantes proyectos\u201d.<\/p>\n<p style=\"text-align: justify;\"><strong>Historias de la ciencia, inteligencia artificial y educaci\u00f3n <\/strong><\/p>\n<p style=\"text-align: justify;\">Durante el Congreso, las y los estudiantes tambi\u00e9n participaron en actividades que despertaron el asombro, la curiosidad cient\u00edfica e integraci\u00f3n en el Parque Metropolitano y el Museo Interactivo Mirador, y charlas sobre historias de ciencia, inteligencia artificial y educaci\u00f3n. Adem\u00e1s, fueron parte del lanzamiento oficial de Copuchat, la plataforma que impulsar\u00e1 el primer modelo de lenguaje latinoamericano: LatamGPT.<\/p>\n<p style=\"text-align: justify;\">El cierre de las tres jornadas incluy\u00f3 una ceremonia de reconocimiento a los equipos de investigaci\u00f3n e innovaci\u00f3n, con la presencia de autoridades del Ministerio de Ciencia y de los Proyectos Asociativos Regionales Explora. La actividad concluy\u00f3 con la gala que celebr\u00f3 los 30 a\u00f1os del Programa Explora.<\/p>\n<\/div><\/section><\/div><div  style='height:50px' class='hr hr-invisible   avia-builder-el-6  el_after_av_one_full  el_before_av_social_share '><span class='hr-inner ' ><span class='hr-inner-style'><\/span><\/span><\/div><\/p>\n<div  class='av-social-sharing-box  avia-builder-el-7  el_after_av_hr  el_before_av_hr  '><div class='av-share-box'><h5 class='av-share-link-description av-no-toc '>Compartir esta noticia<\/h5><ul class='av-share-box-list noLightbox'><li class='av-share-link av-social-link-facebook' ><a target=\"_blank\" aria-label=\"Compartir en Facebook\" href='https:\/\/www.facebook.com\/sharer.php?u=https:\/\/radiorevelacionfm.cl\/?p=61604&#038;t=Estudiantes%20de%20Cochrane%20y%20Coyhaique%20representaron%20a%20la%20regi%C3%B3n%20en%20el%20Congreso%20Nacional%20Explora' aria-hidden='false' data-av_icon='\ue8f3' data-av_iconfont='entypo-fontello' title='' data-avia-related-tooltip='Compartir en Facebook' rel=\"noopener\"><span class='avia_hidden_link_text'>Compartir en Facebook<\/span><\/a><\/li><li class='av-share-link av-social-link-twitter' ><a target=\"_blank\" aria-label=\"Compartir en Twitter\" href='https:\/\/twitter.com\/share?text=Estudiantes%20de%20Cochrane%20y%20Coyhaique%20representaron%20a%20la%20regi%C3%B3n%20en%20el%20Congreso%20Nacional%20Explora&#038;url=https:\/\/radiorevelacionfm.cl\/?p=61604' aria-hidden='false' data-av_icon='\ue8f1' data-av_iconfont='entypo-fontello' title='' data-avia-related-tooltip='Compartir en Twitter' rel=\"noopener\"><span class='avia_hidden_link_text'>Compartir en Twitter<\/span><\/a><\/li><li class='av-share-link av-social-link-whatsapp' ><a target=\"_blank\" aria-label=\"Compartir en Whatsapp\" href='https:\/\/api.whatsapp.com\/send?text=https:\/\/radiorevelacionfm.cl\/?p=61604' aria-hidden='false' data-av_icon='\uf232' data-av_iconfont='entypo-fontello' title='' data-avia-related-tooltip='Compartir en Whatsapp' rel=\"noopener\"><span class='avia_hidden_link_text'>Compartir en Whatsapp<\/span><\/a><\/li><li class='av-share-link av-social-link-linkedin' ><a target=\"_blank\" aria-label=\"Compartir en LinkedIn\" href='https:\/\/linkedin.com\/shareArticle?mini=true&#038;title=Estudiantes%20de%20Cochrane%20y%20Coyhaique%20representaron%20a%20la%20regi%C3%B3n%20en%20el%20Congreso%20Nacional%20Explora&#038;url=https:\/\/radiorevelacionfm.cl\/?p=61604' aria-hidden='false' data-av_icon='\ue8fc' data-av_iconfont='entypo-fontello' title='' data-avia-related-tooltip='Compartir en LinkedIn' rel=\"noopener\"><span class='avia_hidden_link_text'>Compartir en LinkedIn<\/span><\/a><\/li><li class='av-share-link av-social-link-mail' ><a  aria-label=\"Compartir por correo\" href='mailto:?subject=Estudiantes%20de%20Cochrane%20y%20Coyhaique%20representaron%20a%20la%20regi%C3%B3n%20en%20el%20Congreso%20Nacional%20Explora&#038;body=https:\/\/radiorevelacionfm.cl\/?p=61604' aria-hidden='false' data-av_icon='\ue805' data-av_iconfont='entypo-fontello' title='' data-avia-related-tooltip='Compartir por correo'><span class='avia_hidden_link_text'>Compartir por correo<\/span><\/a><\/li><\/ul><\/div><\/div>\n<div  style='height:50px' class='hr hr-invisible   avia-builder-el-8  el_after_av_social_share  el_before_av_comments_list '><span class='hr-inner ' ><span class='hr-inner-style'><\/span><\/span><\/div>\n<div  class='av-buildercomment  av-blog-meta-html-info-disabled av-blog-meta-tag-disabled  '><\/div>\n","protected":false},"excerpt":{"rendered":"","protected":false},"author":1,"featured_media":61605,"comment_status":"closed","ping_status":"closed","sticky":false,"template":"","format":"standard","meta":{"footnotes":""},"categories":[49],"tags":[],"class_list":["post-61604","post","type-post","status-publish","format-standard","has-post-thumbnail","hentry","category-educacion"],"jetpack_featured_media_url":"https:\/\/radiorevelacionfm.cl\/wp-content\/uploads\/2025\/11\/Congreso-Explora-1-1.jpeg","_links":{"self":[{"href":"https:\/\/radiorevelacionfm.cl\/index.php?rest_route=\/wp\/v2\/posts\/61604","targetHints":{"allow":["GET"]}}],"collection":[{"href":"https:\/\/radiorevelacionfm.cl\/index.php?rest_route=\/wp\/v2\/posts"}],"about":[{"href":"https:\/\/radiorevelacionfm.cl\/index.php?rest_route=\/wp\/v2\/types\/post"}],"author":[{"embeddable":true,"href":"https:\/\/radiorevelacionfm.cl\/index.php?rest_route=\/wp\/v2\/users\/1"}],"replies":[{"embeddable":true,"href":"https:\/\/radiorevelacionfm.cl\/index.php?rest_route=%2Fwp%2Fv2%2Fcomments&post=61604"}],"version-history":[{"count":2,"href":"https:\/\/radiorevelacionfm.cl\/index.php?rest_route=\/wp\/v2\/posts\/61604\/revisions"}],"predecessor-version":[{"id":61611,"href":"https:\/\/radiorevelacionfm.cl\/index.php?rest_route=\/wp\/v2\/posts\/61604\/revisions\/61611"}],"wp:featuredmedia":[{"embeddable":true,"href":"https:\/\/radiorevelacionfm.cl\/index.php?rest_route=\/wp\/v2\/media\/61605"}],"wp:attachment":[{"href":"https:\/\/radiorevelacionfm.cl\/index.php?rest_route=%2Fwp%2Fv2%2Fmedia&parent=61604"}],"wp:term":[{"taxonomy":"category","embeddable":true,"href":"https:\/\/radiorevelacionfm.cl\/index.php?rest_route=%2Fwp%2Fv2%2Fcategories&post=61604"},{"taxonomy":"post_tag","embeddable":true,"href":"https:\/\/radiorevelacionfm.cl\/index.php?rest_route=%2Fwp%2Fv2%2Ftags&post=61604"}],"curies":[{"name":"wp","href":"https:\/\/api.w.org\/{rel}","templated":true}]}}