{"id":61596,"date":"2025-11-20T14:39:16","date_gmt":"2025-11-20T17:39:16","guid":{"rendered":"https:\/\/radiorevelacionfm.cl\/?p=61596"},"modified":"2025-11-20T14:39:16","modified_gmt":"2025-11-20T17:39:16","slug":"juzgado-de-garantia-de-coyhaique-decreta-el-arraigo-de-imputado-por-malversacion-de-caudales-publicos","status":"publish","type":"post","link":"https:\/\/radiorevelacionfm.cl\/?p=61596","title":{"rendered":"Juzgado de Garant\u00eda de Coyhaique decreta el arraigo de imputado por malversaci\u00f3n de caudales p\u00fablicos"},"content":{"rendered":"<div class=\"flex_column av_one_full  flex_column_div av-zero-column-padding first  avia-builder-el-0  el_before_av_one_full  avia-builder-el-first  \" style='border-radius:0px; '><div  class='avia-image-container  av-styling-    avia-builder-el-1  avia-builder-el-no-sibling  avia-align-center '  itemprop=\"image\" itemscope=\"itemscope\" itemtype=\"https:\/\/schema.org\/ImageObject\"  ><div class='avia-image-container-inner'><div class='avia-image-overlay-wrap'><img decoding=\"async\" class='wp-image-10391 avia-img-lazy-loading-not-10391 avia_image' src=\"https:\/\/radiorevelacionfm.cl\/wp-content\/uploads\/2021\/11\/Juzgado-Garantia-Coyhaique-1-1-1.jpg\" alt='' title='Juzgado Garantia Coyhaique (1) (1) (1)' height=\"600\" width=\"1297\"  itemprop=\"thumbnailUrl\" srcset=\"https:\/\/radiorevelacionfm.cl\/wp-content\/uploads\/2021\/11\/Juzgado-Garantia-Coyhaique-1-1-1.jpg 1297w, https:\/\/radiorevelacionfm.cl\/wp-content\/uploads\/2021\/11\/Juzgado-Garantia-Coyhaique-1-1-1-300x139.jpg 300w, https:\/\/radiorevelacionfm.cl\/wp-content\/uploads\/2021\/11\/Juzgado-Garantia-Coyhaique-1-1-1-1030x476.jpg 1030w, https:\/\/radiorevelacionfm.cl\/wp-content\/uploads\/2021\/11\/Juzgado-Garantia-Coyhaique-1-1-1-768x355.jpg 768w, https:\/\/radiorevelacionfm.cl\/wp-content\/uploads\/2021\/11\/Juzgado-Garantia-Coyhaique-1-1-1-705x326.jpg 705w, https:\/\/radiorevelacionfm.cl\/wp-content\/uploads\/2021\/11\/Juzgado-Garantia-Coyhaique-1-1-1-600x278.jpg 600w\" sizes=\"(max-width: 1297px) 100vw, 1297px\" \/><\/div><\/div><\/div><\/div><div class=\"flex_column av_one_full  flex_column_div av-zero-column-padding first  avia-builder-el-2  el_after_av_one_full  el_before_av_one_full  column-top-margin\" style='border-radius:0px; '><section class=\"av_textblock_section \"  itemscope=\"itemscope\" itemtype=\"https:\/\/schema.org\/BlogPosting\" itemprop=\"blogPost\" ><div class='avia_textblock  '   itemprop=\"text\" ><p style=\"text-align: center;\"><span style=\"font-size: 18pt;\"><b>Juzgado de Garant\u00eda de Coyhaique decreta el arraigo de imputado por malversaci\u00f3n de caudales p\u00fablicos<\/b><\/span><\/p>\n<div id=\"gtx-trans\" style=\"position: absolute; left: -50px; top: 4.31534px;\">\n<div class=\"gtx-trans-icon\"><\/div>\n<\/div>\n<\/div><\/section><\/div><div class=\"flex_column av_one_full  flex_column_div av-zero-column-padding first  avia-builder-el-4  el_after_av_one_full  el_before_av_hr  column-top-margin\" style='border-radius:0px; '><section class=\"av_textblock_section \"  itemscope=\"itemscope\" itemtype=\"https:\/\/schema.org\/BlogPosting\" itemprop=\"blogPost\" ><div class='avia_textblock  '   itemprop=\"text\" ><p style=\"font-weight: 400; text-align: justify;\">El Juzgado de Garant\u00eda\u00a0de Coyhaique\u00a0dej\u00f3 hoy \u2013jueves 20 de noviembre\u2013 sujeto a la medida cautelar de arraigo nacional al exconcejal de la Municipalidad de Coyhaique Franklin Robinson Hern\u00e1ndez de Rays, imputado por el Ministerio P\u00fablico como autor del delito de malversaci\u00f3n de caudales p\u00fablicos.<\/p>\n<p style=\"font-weight: 400; text-align: justify;\">En la audiencia de formalizaci\u00f3n (causa rol 2.112-2021), el magistrado Mario Devaud Ojeda acogi\u00f3 la cautelar solicitada por el Ministerio P\u00fablico y el allanamiento de los querellantes Consejo de Defensa del Estado y Municipalidad de Coyhaique, por considerarla apropiada y proporcional a los fines del procedimiento. Adem\u00e1s, fij\u00f3 en 120 d\u00edas el plazo de investigaci\u00f3n.<\/p>\n<p style=\"font-weight: 400; text-align: justify;\">Seg\u00fan el ente persecutor, entre 2018 y 2023, el municipio de Coyhaique aprob\u00f3 el pago de bonos a asistentes de la educaci\u00f3n, pese a que la Contralor\u00eda General de la Rep\u00fablica hab\u00eda determinado que la bonificaci\u00f3n compensatoria, prevista en la Ley 20.717, no correspond\u00eda a los asistentes de la educaci\u00f3n afectos al C\u00f3digo del Trabajo.<\/p>\n<p style=\"font-weight: 400; text-align: justify;\">No obstante, autoridades y funcionarios municipales promovieron demandas laborales y avenimientos para reconocer dicho pago como una \u201ccl\u00e1usula t\u00e1cita\u201d, lo que se concret\u00f3 mediante acuerdos del Concejo Municipal, decretos de alcald\u00eda y pagos con cargo a recursos p\u00fablicos, incluso despu\u00e9s de oficios de la Contralor\u00eda Regional (2020), que reiteraron la improcedencia de las bonificaciones, que alcanzaron a la cifra de $395.772.304.<\/p>\n<p style=\"font-weight: 400; text-align: justify;\">En septiembre pasado, en la causa se formaliz\u00f3 investigaci\u00f3n por malversaci\u00f3n de caudales p\u00fablicos en contra del alcalde de la comuna a la \u00e9poca de los hechos,\u00a0Alejandro Huala Canum\u00e1n, y de\u00a0los exconcejales\u00a0Ximena Carrasco Hauenstein,\u00a0Patricio Adio Ojeda\u00a0y\u00a0Georgina Calisto Villarroel; el actual concejal\u00a0Ricardo Alejandro Cant\u00edn Beyer\u00a0y el exasesor jur\u00eddico municipal\u00a0Waldemar Sanhueza Quiniyao,\u00a0imputados por el Ministerio P\u00fablico como autores del delito, y quienes tambi\u00e9n quedaron con la medida cautelar de arraigo nacional.<\/p>\n<\/div><\/section><\/div><div  style='height:50px' class='hr hr-invisible   avia-builder-el-6  el_after_av_one_full  el_before_av_social_share '><span class='hr-inner ' ><span class='hr-inner-style'><\/span><\/span><\/div><\/p>\n<div  class='av-social-sharing-box  avia-builder-el-7  el_after_av_hr  el_before_av_hr  '><div class='av-share-box'><h5 class='av-share-link-description av-no-toc '>Compartir esta noticia<\/h5><ul class='av-share-box-list noLightbox'><li class='av-share-link av-social-link-facebook' ><a target=\"_blank\" aria-label=\"Compartir en Facebook\" href='https:\/\/www.facebook.com\/sharer.php?u=https:\/\/radiorevelacionfm.cl\/?p=61596&#038;t=Juzgado%20de%20Garant%C3%ADa%20de%20Coyhaique%20decreta%20el%20arraigo%20de%20imputado%20por%20malversaci%C3%B3n%20de%20caudales%20p%C3%BAblicos' aria-hidden='false' data-av_icon='\ue8f3' data-av_iconfont='entypo-fontello' title='' data-avia-related-tooltip='Compartir en Facebook' rel=\"noopener\"><span class='avia_hidden_link_text'>Compartir en Facebook<\/span><\/a><\/li><li class='av-share-link av-social-link-twitter' ><a target=\"_blank\" aria-label=\"Compartir en Twitter\" href='https:\/\/twitter.com\/share?text=Juzgado%20de%20Garant%C3%ADa%20de%20Coyhaique%20decreta%20el%20arraigo%20de%20imputado%20por%20malversaci%C3%B3n%20de%20caudales%20p%C3%BAblicos&#038;url=https:\/\/radiorevelacionfm.cl\/?p=61596' aria-hidden='false' data-av_icon='\ue8f1' data-av_iconfont='entypo-fontello' title='' data-avia-related-tooltip='Compartir en Twitter' rel=\"noopener\"><span class='avia_hidden_link_text'>Compartir en Twitter<\/span><\/a><\/li><li class='av-share-link av-social-link-whatsapp' ><a target=\"_blank\" aria-label=\"Compartir en Whatsapp\" href='https:\/\/api.whatsapp.com\/send?text=https:\/\/radiorevelacionfm.cl\/?p=61596' aria-hidden='false' data-av_icon='\uf232' data-av_iconfont='entypo-fontello' title='' data-avia-related-tooltip='Compartir en Whatsapp' rel=\"noopener\"><span class='avia_hidden_link_text'>Compartir en Whatsapp<\/span><\/a><\/li><li class='av-share-link av-social-link-linkedin' ><a target=\"_blank\" aria-label=\"Compartir en LinkedIn\" href='https:\/\/linkedin.com\/shareArticle?mini=true&#038;title=Juzgado%20de%20Garant%C3%ADa%20de%20Coyhaique%20decreta%20el%20arraigo%20de%20imputado%20por%20malversaci%C3%B3n%20de%20caudales%20p%C3%BAblicos&#038;url=https:\/\/radiorevelacionfm.cl\/?p=61596' aria-hidden='false' data-av_icon='\ue8fc' data-av_iconfont='entypo-fontello' title='' data-avia-related-tooltip='Compartir en LinkedIn' rel=\"noopener\"><span class='avia_hidden_link_text'>Compartir en LinkedIn<\/span><\/a><\/li><li class='av-share-link av-social-link-mail' ><a  aria-label=\"Compartir por correo\" href='mailto:?subject=Juzgado%20de%20Garant%C3%ADa%20de%20Coyhaique%20decreta%20el%20arraigo%20de%20imputado%20por%20malversaci%C3%B3n%20de%20caudales%20p%C3%BAblicos&#038;body=https:\/\/radiorevelacionfm.cl\/?p=61596' aria-hidden='false' data-av_icon='\ue805' data-av_iconfont='entypo-fontello' title='' data-avia-related-tooltip='Compartir por correo'><span class='avia_hidden_link_text'>Compartir por correo<\/span><\/a><\/li><\/ul><\/div><\/div>\n<div  style='height:50px' class='hr hr-invisible   avia-builder-el-8  el_after_av_social_share  el_before_av_comments_list '><span class='hr-inner ' ><span class='hr-inner-style'><\/span><\/span><\/div>\n<div  class='av-buildercomment  av-blog-meta-html-info-disabled av-blog-meta-tag-disabled  '><\/div>\n","protected":false},"excerpt":{"rendered":"","protected":false},"author":1,"featured_media":10391,"comment_status":"closed","ping_status":"closed","sticky":false,"template":"","format":"standard","meta":{"footnotes":""},"categories":[55],"tags":[],"class_list":["post-61596","post","type-post","status-publish","format-standard","has-post-thumbnail","hentry","category-justicia"],"jetpack_featured_media_url":"https:\/\/radiorevelacionfm.cl\/wp-content\/uploads\/2021\/11\/Juzgado-Garantia-Coyhaique-1-1-1.jpg","_links":{"self":[{"href":"https:\/\/radiorevelacionfm.cl\/index.php?rest_route=\/wp\/v2\/posts\/61596","targetHints":{"allow":["GET"]}}],"collection":[{"href":"https:\/\/radiorevelacionfm.cl\/index.php?rest_route=\/wp\/v2\/posts"}],"about":[{"href":"https:\/\/radiorevelacionfm.cl\/index.php?rest_route=\/wp\/v2\/types\/post"}],"author":[{"embeddable":true,"href":"https:\/\/radiorevelacionfm.cl\/index.php?rest_route=\/wp\/v2\/users\/1"}],"replies":[{"embeddable":true,"href":"https:\/\/radiorevelacionfm.cl\/index.php?rest_route=%2Fwp%2Fv2%2Fcomments&post=61596"}],"version-history":[{"count":2,"href":"https:\/\/radiorevelacionfm.cl\/index.php?rest_route=\/wp\/v2\/posts\/61596\/revisions"}],"predecessor-version":[{"id":61598,"href":"https:\/\/radiorevelacionfm.cl\/index.php?rest_route=\/wp\/v2\/posts\/61596\/revisions\/61598"}],"wp:featuredmedia":[{"embeddable":true,"href":"https:\/\/radiorevelacionfm.cl\/index.php?rest_route=\/wp\/v2\/media\/10391"}],"wp:attachment":[{"href":"https:\/\/radiorevelacionfm.cl\/index.php?rest_route=%2Fwp%2Fv2%2Fmedia&parent=61596"}],"wp:term":[{"taxonomy":"category","embeddable":true,"href":"https:\/\/radiorevelacionfm.cl\/index.php?rest_route=%2Fwp%2Fv2%2Fcategories&post=61596"},{"taxonomy":"post_tag","embeddable":true,"href":"https:\/\/radiorevelacionfm.cl\/index.php?rest_route=%2Fwp%2Fv2%2Ftags&post=61596"}],"curies":[{"name":"wp","href":"https:\/\/api.w.org\/{rel}","templated":true}]}}