{"id":61593,"date":"2025-11-20T16:34:29","date_gmt":"2025-11-20T19:34:29","guid":{"rendered":"https:\/\/radiorevelacionfm.cl\/?p=61593"},"modified":"2025-11-20T19:33:11","modified_gmt":"2025-11-20T22:33:11","slug":"en-el-dia-de-la-eliminacion-de-la-violencia-contra-la-mujer-cochrane-releva-la-labor-del-caevg-y-llama-a-utilizar-sus-servicios","status":"publish","type":"post","link":"https:\/\/radiorevelacionfm.cl\/?p=61593","title":{"rendered":"En el D\u00eda de la Eliminaci\u00f3n de la Violencia Contra la Mujer, Cochrane releva la labor del CAEVG y llama a utilizar sus servicios"},"content":{"rendered":"<div class=\"flex_column av_one_full  flex_column_div av-zero-column-padding first  avia-builder-el-0  el_before_av_one_full  avia-builder-el-first  \" style='border-radius:0px; '><div  class='avia-image-container  av-styling-    avia-builder-el-1  avia-builder-el-no-sibling  avia-align-center '  itemprop=\"image\" itemscope=\"itemscope\" itemtype=\"https:\/\/schema.org\/ImageObject\"  ><div class='avia-image-container-inner'><div class='avia-image-overlay-wrap'><img decoding=\"async\" class='wp-image-61594 avia-img-lazy-loading-not-61594 avia_image' src=\"https:\/\/radiorevelacionfm.cl\/wp-content\/uploads\/2025\/11\/CAEVG-COCHRANE-25-NOV-4-1-1.jpg\" alt='' title='CAEVG COCHRANE 25 NOV (4) (1) (1)' height=\"600\" width=\"900\"  itemprop=\"thumbnailUrl\" srcset=\"https:\/\/radiorevelacionfm.cl\/wp-content\/uploads\/2025\/11\/CAEVG-COCHRANE-25-NOV-4-1-1.jpg 900w, https:\/\/radiorevelacionfm.cl\/wp-content\/uploads\/2025\/11\/CAEVG-COCHRANE-25-NOV-4-1-1-300x200.jpg 300w, https:\/\/radiorevelacionfm.cl\/wp-content\/uploads\/2025\/11\/CAEVG-COCHRANE-25-NOV-4-1-1-768x512.jpg 768w, https:\/\/radiorevelacionfm.cl\/wp-content\/uploads\/2025\/11\/CAEVG-COCHRANE-25-NOV-4-1-1-705x470.jpg 705w, https:\/\/radiorevelacionfm.cl\/wp-content\/uploads\/2025\/11\/CAEVG-COCHRANE-25-NOV-4-1-1-450x300.jpg 450w, https:\/\/radiorevelacionfm.cl\/wp-content\/uploads\/2025\/11\/CAEVG-COCHRANE-25-NOV-4-1-1-600x400.jpg 600w\" sizes=\"(max-width: 900px) 100vw, 900px\" \/><\/div><\/div><\/div><\/div><div class=\"flex_column av_one_full  flex_column_div av-zero-column-padding first  avia-builder-el-2  el_after_av_one_full  el_before_av_one_full  column-top-margin\" style='border-radius:0px; '><section class=\"av_textblock_section \"  itemscope=\"itemscope\" itemtype=\"https:\/\/schema.org\/BlogPosting\" itemprop=\"blogPost\" ><div class='avia_textblock  '   itemprop=\"text\" ><p style=\"text-align: center;\"><strong><span style=\"font-size: 18pt;\">En el D\u00eda de la Eliminaci\u00f3n de la Violencia Contra la Mujer, Cochrane releva la labor del CAEVG y llama a utilizar sus servicios<\/span><\/strong><\/p>\n<div id=\"gtx-trans\" style=\"position: absolute; left: -50px; top: 4.31534px;\">\n<div class=\"gtx-trans-icon\"><\/div>\n<\/div>\n<\/div><\/section><\/div><div class=\"flex_column av_one_full  flex_column_div av-zero-column-padding first  avia-builder-el-4  el_after_av_one_full  el_before_av_hr  column-top-margin\" style='border-radius:0px; '><section class=\"av_textblock_section \"  itemscope=\"itemscope\" itemtype=\"https:\/\/schema.org\/BlogPosting\" itemprop=\"blogPost\" ><div class='avia_textblock  '   itemprop=\"text\" ><div style=\"text-align: justify;\">La Municipalidad de Cochrane este martes 25 de noviembre refuerza el llamado a la comunidad a informarse y utilizar los servicios del Centro de Atenci\u00f3n Especializada en Violencia de G\u00e9nero (CAEVG), dispositivo que se encuentra plenamente operativo para apoyar, orientar y acompa\u00f1ar a mujeres que viven situaciones de violencia en la provincia Capit\u00e1n Prat. El centro, que atiende a mujeres de Cochrane, Villa O\u2019Higgins, Tortel y Chile Chico, funciona con un equipo de profesionales mujeres que entregan atenci\u00f3n psicosocial y jur\u00eddica de manera confidencial, gratuita y oportuna, constituy\u00e9ndose en un espacio fundamental para el acceso a la justicia y la protecci\u00f3n en el territorio.<\/div>\n<div style=\"text-align: justify;\">En el marco del D\u00eda Internacional de la Eliminaci\u00f3n de la Violencia contra la Mujer, la\u00a0<b>directora regional de SERNAMEG, Mar\u00eda Patricia Baeza Cabezas,<\/b>\u00a0destac\u00f3 la relevancia de contar con este servicio especializado en la provincia. Se\u00f1al\u00f3 que el CAEVG Cochrane permite fortalecer la red de atenci\u00f3n y protecci\u00f3n, asegurando que las mujeres puedan recibir acompa\u00f1amiento profesional cercano y adaptado a la realidad local. Agreg\u00f3 que disponer de un equipo instalado en el territorio representa un avance concreto en la prevenci\u00f3n, erradicaci\u00f3n y abordaje integral de la violencia de g\u00e9nero, especialmente en zonas aisladas donde la presencia del Estado resulta clave.<\/div>\n<div style=\"text-align: justify;\">El\u00a0<b>alcalde de Cochrane, Patricio Ulloa Georgia,<\/b>\u00a0subray\u00f3 el compromiso del municipio con esta labor y valor\u00f3 el trabajo que desarrollan las profesionales del centro. Indic\u00f3 que el CAEVG constituye un apoyo esencial para las mujeres que enfrentan situaciones de violencia y reafirm\u00f3 la voluntad de la administraci\u00f3n comunal de seguir fortaleciendo la articulaci\u00f3n interinstitucional con SERNAMEG y los distintos servicios p\u00fablicos asociados. Asimismo, hizo un llamado a las mujeres y\/o vecinas acercarse al centro ante cualquier situaci\u00f3n de violencia o duda, recalcando que la atenci\u00f3n es espont\u00e1nea y no requiere denuncia previa.<\/div>\n<div style=\"text-align: justify;\">El Centro de Atenci\u00f3n Especializada en Violencia de G\u00e9nero de Cochrane atiende de lunes a jueves entre 08:00 y 13:00 horas y de 14:00 a 17:15 horas, y los viernes entre 08:00 y 13:00 horas y de 14:00 a 16:00 horas. Para consultas, orientaci\u00f3n o derivaciones, se encuentran disponibles el correo\u00a0<a href=\"mailto:coordinacioncaevg@municochrane.cl\" target=\"_blank\" rel=\"noopener\">coordinacioncaevg@<wbr \/>municochrane.cl<\/a>\u00a0y el n\u00famero +56 9 3916 3155.<\/div>\n<div style=\"text-align: justify;\">La Municipalidad reiter\u00f3 que contar con este dispositivo permite avanzar en la protecci\u00f3n, prevenci\u00f3n y erradicaci\u00f3n de la violencia contra las mujeres, reforzando el compromiso institucional con una vida libre de violencia en toda la provincia.<\/div>\n<\/div><\/section><\/div><div  style='height:50px' class='hr hr-invisible   avia-builder-el-6  el_after_av_one_full  el_before_av_social_share '><span class='hr-inner ' ><span class='hr-inner-style'><\/span><\/span><\/div><\/p>\n<div  class='av-social-sharing-box  avia-builder-el-7  el_after_av_hr  el_before_av_hr  '><div class='av-share-box'><h5 class='av-share-link-description av-no-toc '>Compartir esta noticia<\/h5><ul class='av-share-box-list noLightbox'><li class='av-share-link av-social-link-facebook' ><a target=\"_blank\" aria-label=\"Compartir en Facebook\" href='https:\/\/www.facebook.com\/sharer.php?u=https:\/\/radiorevelacionfm.cl\/?p=61593&#038;t=En%20el%20D%C3%ADa%20de%20la%20Eliminaci%C3%B3n%20de%20la%20Violencia%20Contra%20la%20Mujer%2C%20Cochrane%20releva%20la%20labor%20del%20CAEVG%20y%20llama%20a%20utilizar%20sus%20servicios' aria-hidden='false' data-av_icon='\ue8f3' data-av_iconfont='entypo-fontello' title='' data-avia-related-tooltip='Compartir en Facebook' rel=\"noopener\"><span class='avia_hidden_link_text'>Compartir en Facebook<\/span><\/a><\/li><li class='av-share-link av-social-link-twitter' ><a target=\"_blank\" aria-label=\"Compartir en Twitter\" href='https:\/\/twitter.com\/share?text=En%20el%20D%C3%ADa%20de%20la%20Eliminaci%C3%B3n%20de%20la%20Violencia%20Contra%20la%20Mujer%2C%20Cochrane%20releva%20la%20labor%20del%20CAEVG%20y%20llama%20a%20utilizar%20sus%20servicios&#038;url=https:\/\/radiorevelacionfm.cl\/?p=61593' aria-hidden='false' data-av_icon='\ue8f1' data-av_iconfont='entypo-fontello' title='' data-avia-related-tooltip='Compartir en Twitter' rel=\"noopener\"><span class='avia_hidden_link_text'>Compartir en Twitter<\/span><\/a><\/li><li class='av-share-link av-social-link-whatsapp' ><a target=\"_blank\" aria-label=\"Compartir en Whatsapp\" href='https:\/\/api.whatsapp.com\/send?text=https:\/\/radiorevelacionfm.cl\/?p=61593' aria-hidden='false' data-av_icon='\uf232' data-av_iconfont='entypo-fontello' title='' data-avia-related-tooltip='Compartir en Whatsapp' rel=\"noopener\"><span class='avia_hidden_link_text'>Compartir en Whatsapp<\/span><\/a><\/li><li class='av-share-link av-social-link-linkedin' ><a target=\"_blank\" aria-label=\"Compartir en LinkedIn\" href='https:\/\/linkedin.com\/shareArticle?mini=true&#038;title=En%20el%20D%C3%ADa%20de%20la%20Eliminaci%C3%B3n%20de%20la%20Violencia%20Contra%20la%20Mujer%2C%20Cochrane%20releva%20la%20labor%20del%20CAEVG%20y%20llama%20a%20utilizar%20sus%20servicios&#038;url=https:\/\/radiorevelacionfm.cl\/?p=61593' aria-hidden='false' data-av_icon='\ue8fc' data-av_iconfont='entypo-fontello' title='' data-avia-related-tooltip='Compartir en LinkedIn' rel=\"noopener\"><span class='avia_hidden_link_text'>Compartir en LinkedIn<\/span><\/a><\/li><li class='av-share-link av-social-link-mail' ><a  aria-label=\"Compartir por correo\" href='mailto:?subject=En%20el%20D%C3%ADa%20de%20la%20Eliminaci%C3%B3n%20de%20la%20Violencia%20Contra%20la%20Mujer%2C%20Cochrane%20releva%20la%20labor%20del%20CAEVG%20y%20llama%20a%20utilizar%20sus%20servicios&#038;body=https:\/\/radiorevelacionfm.cl\/?p=61593' aria-hidden='false' data-av_icon='\ue805' data-av_iconfont='entypo-fontello' title='' data-avia-related-tooltip='Compartir por correo'><span class='avia_hidden_link_text'>Compartir por correo<\/span><\/a><\/li><\/ul><\/div><\/div>\n<div  style='height:50px' class='hr hr-invisible   avia-builder-el-8  el_after_av_social_share  el_before_av_comments_list '><span class='hr-inner ' ><span class='hr-inner-style'><\/span><\/span><\/div>\n<div  class='av-buildercomment  av-blog-meta-html-info-disabled av-blog-meta-tag-disabled  '><\/div>\n","protected":false},"excerpt":{"rendered":"","protected":false},"author":1,"featured_media":61594,"comment_status":"closed","ping_status":"closed","sticky":false,"template":"","format":"standard","meta":{"footnotes":""},"categories":[38],"tags":[],"class_list":["post-61593","post","type-post","status-publish","format-standard","has-post-thumbnail","hentry","category-regional"],"jetpack_featured_media_url":"https:\/\/radiorevelacionfm.cl\/wp-content\/uploads\/2025\/11\/CAEVG-COCHRANE-25-NOV-4-1-1.jpg","_links":{"self":[{"href":"https:\/\/radiorevelacionfm.cl\/index.php?rest_route=\/wp\/v2\/posts\/61593","targetHints":{"allow":["GET"]}}],"collection":[{"href":"https:\/\/radiorevelacionfm.cl\/index.php?rest_route=\/wp\/v2\/posts"}],"about":[{"href":"https:\/\/radiorevelacionfm.cl\/index.php?rest_route=\/wp\/v2\/types\/post"}],"author":[{"embeddable":true,"href":"https:\/\/radiorevelacionfm.cl\/index.php?rest_route=\/wp\/v2\/users\/1"}],"replies":[{"embeddable":true,"href":"https:\/\/radiorevelacionfm.cl\/index.php?rest_route=%2Fwp%2Fv2%2Fcomments&post=61593"}],"version-history":[{"count":2,"href":"https:\/\/radiorevelacionfm.cl\/index.php?rest_route=\/wp\/v2\/posts\/61593\/revisions"}],"predecessor-version":[{"id":61608,"href":"https:\/\/radiorevelacionfm.cl\/index.php?rest_route=\/wp\/v2\/posts\/61593\/revisions\/61608"}],"wp:featuredmedia":[{"embeddable":true,"href":"https:\/\/radiorevelacionfm.cl\/index.php?rest_route=\/wp\/v2\/media\/61594"}],"wp:attachment":[{"href":"https:\/\/radiorevelacionfm.cl\/index.php?rest_route=%2Fwp%2Fv2%2Fmedia&parent=61593"}],"wp:term":[{"taxonomy":"category","embeddable":true,"href":"https:\/\/radiorevelacionfm.cl\/index.php?rest_route=%2Fwp%2Fv2%2Fcategories&post=61593"},{"taxonomy":"post_tag","embeddable":true,"href":"https:\/\/radiorevelacionfm.cl\/index.php?rest_route=%2Fwp%2Fv2%2Ftags&post=61593"}],"curies":[{"name":"wp","href":"https:\/\/api.w.org\/{rel}","templated":true}]}}