{"id":61586,"date":"2025-11-20T15:16:16","date_gmt":"2025-11-20T18:16:16","guid":{"rendered":"https:\/\/radiorevelacionfm.cl\/?p=61586"},"modified":"2025-11-20T15:16:16","modified_gmt":"2025-11-20T18:16:16","slug":"el-telon-cae-entre-aplausos-y-emociones-festival-de-teatro-patagonia-en-escena-cerro-con-exito-su-14a-edicion","status":"publish","type":"post","link":"https:\/\/radiorevelacionfm.cl\/?p=61586","title":{"rendered":"El tel\u00f3n cae entre aplausos y emociones:  Festival de Teatro Patagonia en Escena cerr\u00f3 con \u00e9xito su 14\u00aa edici\u00f3n"},"content":{"rendered":"<div class=\"flex_column av_one_full  flex_column_div av-zero-column-padding first  avia-builder-el-0  el_before_av_one_full  avia-builder-el-first  \" style='border-radius:0px; '><div  class='avia-image-container  av-styling-    avia-builder-el-1  avia-builder-el-no-sibling  avia-align-center '  itemprop=\"image\" itemscope=\"itemscope\" itemtype=\"https:\/\/schema.org\/ImageObject\"  ><div class='avia-image-container-inner'><div class='avia-image-overlay-wrap'><img decoding=\"async\" class='wp-image-61587 avia-img-lazy-loading-not-61587 avia_image' src=\"https:\/\/radiorevelacionfm.cl\/wp-content\/uploads\/2025\/11\/cierre-patagonia-en-escena-2025-1_optimized.jpg\" alt='' title='cierre-patagonia-en-escena-2025-(1)_optimized' height=\"600\" width=\"855\"  itemprop=\"thumbnailUrl\" srcset=\"https:\/\/radiorevelacionfm.cl\/wp-content\/uploads\/2025\/11\/cierre-patagonia-en-escena-2025-1_optimized.jpg 855w, https:\/\/radiorevelacionfm.cl\/wp-content\/uploads\/2025\/11\/cierre-patagonia-en-escena-2025-1_optimized-300x211.jpg 300w, https:\/\/radiorevelacionfm.cl\/wp-content\/uploads\/2025\/11\/cierre-patagonia-en-escena-2025-1_optimized-768x539.jpg 768w, https:\/\/radiorevelacionfm.cl\/wp-content\/uploads\/2025\/11\/cierre-patagonia-en-escena-2025-1_optimized-705x495.jpg 705w, https:\/\/radiorevelacionfm.cl\/wp-content\/uploads\/2025\/11\/cierre-patagonia-en-escena-2025-1_optimized-450x316.jpg 450w, https:\/\/radiorevelacionfm.cl\/wp-content\/uploads\/2025\/11\/cierre-patagonia-en-escena-2025-1_optimized-600x421.jpg 600w\" sizes=\"(max-width: 855px) 100vw, 855px\" \/><\/div><\/div><\/div><\/div><div class=\"flex_column av_one_full  flex_column_div av-zero-column-padding first  avia-builder-el-2  el_after_av_one_full  el_before_av_one_full  column-top-margin\" style='border-radius:0px; '><section class=\"av_textblock_section \"  itemscope=\"itemscope\" itemtype=\"https:\/\/schema.org\/BlogPosting\" itemprop=\"blogPost\" ><div class='avia_textblock  '   itemprop=\"text\" ><p style=\"font-weight: 400; text-align: center;\"><span style=\"font-size: 18pt;\"><strong>El tel\u00f3n cae entre aplausos y emociones:\u00a0<\/strong><strong>Festival de Teatro Patagonia en Escena cerr\u00f3 con \u00e9xito su 14\u00aa edici\u00f3n<\/strong><\/span><\/p>\n<div id=\"gtx-trans\" style=\"position: absolute; left: -50px; top: 4.31534px;\">\n<div class=\"gtx-trans-icon\"><\/div>\n<\/div>\n<\/div><\/section><\/div><div class=\"flex_column av_one_full  flex_column_div av-zero-column-padding first  avia-builder-el-4  el_after_av_one_full  el_before_av_hr  column-top-margin\" style='border-radius:0px; '><section class=\"av_textblock_section \"  itemscope=\"itemscope\" itemtype=\"https:\/\/schema.org\/BlogPosting\" itemprop=\"blogPost\" ><div class='avia_textblock  '   itemprop=\"text\" ><p style=\"font-weight: 400; text-align: justify;\">Tras 9 d\u00edas, 11 obras, 18 funciones, 11 compa\u00f1\u00edas en escena, talleres formativos y una exposici\u00f3n fotogr\u00e1fica, finaliz\u00f3 la edici\u00f3n 14 del Festival de Teatro\u00a0<strong>Patagonia en Escena,<\/strong>\u00a0ic\u00f3nica iniciativa organizada, producida y llevada a cabo por la agrupaci\u00f3n cultural Maloton Ortiga. Este festival no s\u00f3lo propone una celebraci\u00f3n de las artes esc\u00e9nicas en un entorno natural \u00fanico, sino que se ha convertido en un referente a nivel nacional de la gesti\u00f3n cultural comunitaria.\u00a0La versi\u00f3n de este a\u00f1o de Patagonia en Escena fue financiada por el Fondo Nacional de Fomento y Desarrollo de las Artes Esc\u00e9nicas [Convocatorias 2024 y 2025] y Programa de Apoyo a Organizaciones Culturales Colaboradoras del Ministerio de las Culturas, las Artes y el Patrimonio; 8% FNDR del Gobierno Regional de Ays\u00e9n y Su Consejo; y Fondo Iniciativas Culturales Municipales de Coyhaique.<\/p>\n<p style=\"font-weight: 400; text-align: justify;\">Este a\u00f1o, m\u00e1s de 3.000 asistentes disfrutaron de la iniciativa que itiner\u00f3 por Villa Ortega, Puerto Ays\u00e9n y Coyhaique, posibilitando a las comunidades el acceso a obras de alta calidad, con gran puesta en escena y visibilizando que el teatro desempe\u00f1a un papel fundamental en comunidades que generalmente no tienen acceso a ellas, actuando como un puente para el encuentro, la expresi\u00f3n, el fortalecimiento de la identidad cultural, la cohesi\u00f3n social y el desarrollo personal y educativo.<\/p>\n<p style=\"font-weight: 400; text-align: justify;\">La directora de Patagonia en Escena, Ver\u00f3nica Ibieta Bassili, se refiri\u00f3 a la evoluci\u00f3n del festival y sobre los desaf\u00edos para nuevas ediciones:\u00a0<em>\u201cNuestro festival ha tenido una gran evoluci\u00f3n, desde que nace en el a\u00f1o 2012, desde la cantidad de d\u00edas, cantidad de programaci\u00f3n y diversidad de la misma la que se ha enriquecido y profesionalizado. Hemos abarcado nuevos lenguajes teatrales para una diversidad de p\u00fablico, lo que ha ido robusteciendo la iniciativa. Uno de los desaf\u00edos para las pr\u00f3ximas ediciones, en el contexto de un mundo que se ha sobre digitalizado y cuyos h\u00e1bitos de consumo cultural han variado mucho, es redoblar los esfuerzos para atraer a la comunidad y que forme parte de la experiencia<\/em>\u201d. Adem\u00e1s, puso sobre relieve el abarcar nuevos p\u00fablicos, con obras que suman nuevos lenguajes teatrales:<em>\u00a0\u201cApuntamos a contar con compa\u00f1\u00edas y obras que posean diversidad de lenguajes. Este a\u00f1o, en particular,\u00a0 tuvimos obras que incorporaron lenguajes audiovisuales, por tanto se ampli\u00f3 el espectro de los montajes y tem\u00e1ticas que la comunidad va incorporando dentro de su acervo. Adem\u00e1s, \u00e9sta diversidad, nos permiti\u00f3 abarcar p\u00fablicos desde primera infancia hasta adultos mayores, lo que nos deja muy satisfechos como agrupaci\u00f3n cultural\u201d.<\/em><\/p>\n<p style=\"font-weight: 400; text-align: justify;\">Dentro del contexto del Festival de Teatro, este a\u00f1o se realizaron 3 actividades formativas, instancias que desempe\u00f1an un rol fundamental en el fortalecimiento de la experiencia global del evento, ya que no s\u00f3lo ofrecen espacios de aprendizaje y perfeccionamiento para artistas y p\u00fablico, sino que tambi\u00e9n fomentan el intercambio de conocimientos, t\u00e9cnicas y perspectivas entre los participantes, permitiendo que tanto profesionales como aficionados profundicen en el arte teatral, generando una comunidad m\u00e1s cohesionada y creativa. Adem\u00e1s, estas instancias formativas enriquecen la programaci\u00f3n del festival, promoviendo el crecimiento art\u00edstico y personal de quienes asisten y buscando un impacto duradero, m\u00e1s all\u00e1 de las presentaciones en escena. Se realizaron 6 funciones teatrales para establecimientos educacionales, las que permitieron acercar el arte esc\u00e9nico a ni\u00f1os y j\u00f3venes, fomentando su creatividad, sensibilidad y pensamiento cr\u00edtico. Estas funciones no s\u00f3lo enriquecen la formaci\u00f3n integral de los estudiantes, sino que tambi\u00e9n generan espacios de reflexi\u00f3n y di\u00e1logo sobre diversas tem\u00e1ticas, contribuyendo al desarrollo cultural y social de la comunidad escolar.<\/p>\n<p style=\"font-weight: 400; text-align: justify;\">Sandra Altamirano, parte del p\u00fablico, relev\u00f3 la importancia de la iniciativa en el paso de los a\u00f1os:\u00a0\u201c<em>Me encanta la continuidad que ha tenido el festival, llevan muchos a\u00f1os acompa\u00f1\u00e1ndonos y mostrando cultura a la comunidad, llen\u00e1ndonos el coraz\u00f3n de alegr\u00eda y de emociones. Espero que a futuro siga y que puedan conseguir los fondos para continuar realizando las iniciativas que tienen, no s\u00f3lo de teatro, sino que tambi\u00e9n los talleres de formaci\u00f3n, que son importantes. Siento que el teatro ha crecido desde que Malotun est\u00e1 en Coyhaique<\/em>\u201d.<\/p>\n<p style=\"font-weight: 400; text-align: justify;\">La edici\u00f3n 14 del Festival de Teatro Patagonia en Escena, deja de manifiesto que el teatro no s\u00f3lo entretiene, sino que tambi\u00e9n transforma, une y fortalece el tejido social, siendo un motor de desarrollo humano y cultural, en especial en territorios como Ays\u00e9n Patagonia.<\/p>\n<p style=\"font-weight: 400; text-align: justify;\">Para m\u00e1s informaci\u00f3n de Patagonia en Escena y otras iniciativas, te invitamos a visitar\u00a0<a href=\"http:\/\/www.malotun.cl\/\" data-saferedirecturl=\"https:\/\/www.google.com\/url?q=http:\/\/www.malotun.cl&amp;source=gmail&amp;ust=1763729208463000&amp;usg=AOvVaw1p2-FE_HFJrAUYZpaU2_Rm\">www.malotun.cl<\/a>\u00a0y @malotun_ortiga en Instagram.<\/p>\n<\/div><\/section><\/div><div  style='height:50px' class='hr hr-invisible   avia-builder-el-6  el_after_av_one_full  el_before_av_social_share '><span class='hr-inner ' ><span class='hr-inner-style'><\/span><\/span><\/div><\/p>\n<div  class='av-social-sharing-box  avia-builder-el-7  el_after_av_hr  el_before_av_hr  '><div class='av-share-box'><h5 class='av-share-link-description av-no-toc '>Compartir esta noticia<\/h5><ul class='av-share-box-list noLightbox'><li class='av-share-link av-social-link-facebook' ><a target=\"_blank\" aria-label=\"Compartir en Facebook\" href='https:\/\/www.facebook.com\/sharer.php?u=https:\/\/radiorevelacionfm.cl\/?p=61586&#038;t=El%20tel%C3%B3n%20cae%20entre%20aplausos%20y%20emociones%3A%20%20Festival%20de%20Teatro%20Patagonia%20en%20Escena%20cerr%C3%B3%20con%20%C3%A9xito%20su%2014%C2%AA%20edici%C3%B3n' aria-hidden='false' data-av_icon='\ue8f3' data-av_iconfont='entypo-fontello' title='' data-avia-related-tooltip='Compartir en Facebook' rel=\"noopener\"><span class='avia_hidden_link_text'>Compartir en Facebook<\/span><\/a><\/li><li class='av-share-link av-social-link-twitter' ><a target=\"_blank\" aria-label=\"Compartir en Twitter\" href='https:\/\/twitter.com\/share?text=El%20tel%C3%B3n%20cae%20entre%20aplausos%20y%20emociones%3A%20%20Festival%20de%20Teatro%20Patagonia%20en%20Escena%20cerr%C3%B3%20con%20%C3%A9xito%20su%2014%C2%AA%20edici%C3%B3n&#038;url=https:\/\/radiorevelacionfm.cl\/?p=61586' aria-hidden='false' data-av_icon='\ue8f1' data-av_iconfont='entypo-fontello' title='' data-avia-related-tooltip='Compartir en Twitter' rel=\"noopener\"><span class='avia_hidden_link_text'>Compartir en Twitter<\/span><\/a><\/li><li class='av-share-link av-social-link-whatsapp' ><a target=\"_blank\" aria-label=\"Compartir en Whatsapp\" href='https:\/\/api.whatsapp.com\/send?text=https:\/\/radiorevelacionfm.cl\/?p=61586' aria-hidden='false' data-av_icon='\uf232' data-av_iconfont='entypo-fontello' title='' data-avia-related-tooltip='Compartir en Whatsapp' rel=\"noopener\"><span class='avia_hidden_link_text'>Compartir en Whatsapp<\/span><\/a><\/li><li class='av-share-link av-social-link-linkedin' ><a target=\"_blank\" aria-label=\"Compartir en LinkedIn\" href='https:\/\/linkedin.com\/shareArticle?mini=true&#038;title=El%20tel%C3%B3n%20cae%20entre%20aplausos%20y%20emociones%3A%20%20Festival%20de%20Teatro%20Patagonia%20en%20Escena%20cerr%C3%B3%20con%20%C3%A9xito%20su%2014%C2%AA%20edici%C3%B3n&#038;url=https:\/\/radiorevelacionfm.cl\/?p=61586' aria-hidden='false' data-av_icon='\ue8fc' data-av_iconfont='entypo-fontello' title='' data-avia-related-tooltip='Compartir en LinkedIn' rel=\"noopener\"><span class='avia_hidden_link_text'>Compartir en LinkedIn<\/span><\/a><\/li><li class='av-share-link av-social-link-mail' ><a  aria-label=\"Compartir por correo\" href='mailto:?subject=El%20tel%C3%B3n%20cae%20entre%20aplausos%20y%20emociones%3A%20%20Festival%20de%20Teatro%20Patagonia%20en%20Escena%20cerr%C3%B3%20con%20%C3%A9xito%20su%2014%C2%AA%20edici%C3%B3n&#038;body=https:\/\/radiorevelacionfm.cl\/?p=61586' aria-hidden='false' data-av_icon='\ue805' data-av_iconfont='entypo-fontello' title='' data-avia-related-tooltip='Compartir por correo'><span class='avia_hidden_link_text'>Compartir por correo<\/span><\/a><\/li><\/ul><\/div><\/div>\n<div  style='height:50px' class='hr hr-invisible   avia-builder-el-8  el_after_av_social_share  el_before_av_comments_list '><span class='hr-inner ' ><span class='hr-inner-style'><\/span><\/span><\/div>\n<div  class='av-buildercomment  av-blog-meta-html-info-disabled av-blog-meta-tag-disabled  '><\/div>\n","protected":false},"excerpt":{"rendered":"","protected":false},"author":1,"featured_media":61587,"comment_status":"closed","ping_status":"closed","sticky":false,"template":"","format":"standard","meta":{"footnotes":""},"categories":[52],"tags":[],"class_list":["post-61586","post","type-post","status-publish","format-standard","has-post-thumbnail","hentry","category-cultura"],"jetpack_featured_media_url":"https:\/\/radiorevelacionfm.cl\/wp-content\/uploads\/2025\/11\/cierre-patagonia-en-escena-2025-1_optimized.jpg","_links":{"self":[{"href":"https:\/\/radiorevelacionfm.cl\/index.php?rest_route=\/wp\/v2\/posts\/61586","targetHints":{"allow":["GET"]}}],"collection":[{"href":"https:\/\/radiorevelacionfm.cl\/index.php?rest_route=\/wp\/v2\/posts"}],"about":[{"href":"https:\/\/radiorevelacionfm.cl\/index.php?rest_route=\/wp\/v2\/types\/post"}],"author":[{"embeddable":true,"href":"https:\/\/radiorevelacionfm.cl\/index.php?rest_route=\/wp\/v2\/users\/1"}],"replies":[{"embeddable":true,"href":"https:\/\/radiorevelacionfm.cl\/index.php?rest_route=%2Fwp%2Fv2%2Fcomments&post=61586"}],"version-history":[{"count":2,"href":"https:\/\/radiorevelacionfm.cl\/index.php?rest_route=\/wp\/v2\/posts\/61586\/revisions"}],"predecessor-version":[{"id":61602,"href":"https:\/\/radiorevelacionfm.cl\/index.php?rest_route=\/wp\/v2\/posts\/61586\/revisions\/61602"}],"wp:featuredmedia":[{"embeddable":true,"href":"https:\/\/radiorevelacionfm.cl\/index.php?rest_route=\/wp\/v2\/media\/61587"}],"wp:attachment":[{"href":"https:\/\/radiorevelacionfm.cl\/index.php?rest_route=%2Fwp%2Fv2%2Fmedia&parent=61586"}],"wp:term":[{"taxonomy":"category","embeddable":true,"href":"https:\/\/radiorevelacionfm.cl\/index.php?rest_route=%2Fwp%2Fv2%2Fcategories&post=61586"},{"taxonomy":"post_tag","embeddable":true,"href":"https:\/\/radiorevelacionfm.cl\/index.php?rest_route=%2Fwp%2Fv2%2Ftags&post=61586"}],"curies":[{"name":"wp","href":"https:\/\/api.w.org\/{rel}","templated":true}]}}