{"id":6158,"date":"2021-07-11T18:24:47","date_gmt":"2021-07-11T21:24:47","guid":{"rendered":"https:\/\/radiorevelacionfm.cl\/?p=6158"},"modified":"2021-07-11T18:24:47","modified_gmt":"2021-07-11T21:24:47","slug":"alcalde-de-cisnes-suma-voluntades-con-sus-pares-de-la-provincia-palena-sur-en-el-cuidado-de-infraestructura-critica-entre-los-lagos-y-aysen","status":"publish","type":"post","link":"https:\/\/radiorevelacionfm.cl\/?p=6158","title":{"rendered":"Alcalde de Cisnes suma voluntades con sus pares de la provincia Palena Sur en el cuidado de infraestructura cr\u00edtica entre Los Lagos y Ays\u00e9n"},"content":{"rendered":"<div class=\"flex_column av_one_full  flex_column_div av-zero-column-padding first  avia-builder-el-0  el_before_av_one_full  avia-builder-el-first  \" style='border-radius:0px; '><div  class='avia-image-container  av-styling-    avia-builder-el-1  avia-builder-el-no-sibling  avia-align-center '  itemprop=\"image\" itemscope=\"itemscope\" itemtype=\"https:\/\/schema.org\/ImageObject\"  ><div class='avia-image-container-inner'><div class='avia-image-overlay-wrap'><img decoding=\"async\" class='wp-image-6160 avia-img-lazy-loading-not-6160 avia_image' src=\"https:\/\/radiorevelacionfm.cl\/wp-content\/uploads\/2021\/07\/la-junta_puente_optimized.jpg\" alt='' title='la-junta_puente_optimized' height=\"604\" width=\"960\"  itemprop=\"thumbnailUrl\" srcset=\"https:\/\/radiorevelacionfm.cl\/wp-content\/uploads\/2021\/07\/la-junta_puente_optimized.jpg 960w, https:\/\/radiorevelacionfm.cl\/wp-content\/uploads\/2021\/07\/la-junta_puente_optimized-300x189.jpg 300w, https:\/\/radiorevelacionfm.cl\/wp-content\/uploads\/2021\/07\/la-junta_puente_optimized-768x483.jpg 768w, https:\/\/radiorevelacionfm.cl\/wp-content\/uploads\/2021\/07\/la-junta_puente_optimized-705x444.jpg 705w, https:\/\/radiorevelacionfm.cl\/wp-content\/uploads\/2021\/07\/la-junta_puente_optimized-600x378.jpg 600w\" sizes=\"(max-width: 960px) 100vw, 960px\" \/><\/div><\/div><\/div><\/div><div class=\"flex_column av_one_full  flex_column_div av-zero-column-padding first  avia-builder-el-2  el_after_av_one_full  el_before_av_one_full  column-top-margin\" style='border-radius:0px; '><section class=\"av_textblock_section \"  itemscope=\"itemscope\" itemtype=\"https:\/\/schema.org\/BlogPosting\" itemprop=\"blogPost\" ><div class='avia_textblock  '   itemprop=\"text\" ><p style=\"text-align: center;\"><strong><span style=\"font-size: 18pt;\">Alcalde de Cisnes suma voluntades con sus pares de la provincia Palena Sur en el cuidado de infraestructura cr\u00edtica entre Los Lagos y Ays\u00e9n<\/span><\/strong><\/p>\n<div id=\"gtx-trans\" style=\"position: absolute; left: -50px; top: 4.31534px;\">\n<div class=\"gtx-trans-icon\"><\/div>\n<\/div>\n<\/div><\/section><\/div><div class=\"flex_column av_one_full  flex_column_div av-zero-column-padding first  avia-builder-el-4  el_after_av_one_full  el_before_av_hr  column-top-margin\" style='border-radius:0px; '><section class=\"av_textblock_section \"  itemscope=\"itemscope\" itemtype=\"https:\/\/schema.org\/BlogPosting\" itemprop=\"blogPost\" ><div class='avia_textblock  '   itemprop=\"text\" ><p style=\"text-align: justify;\">Claros han sido los avances en torno a los caminos y rutas, tanto en la regi\u00f3n de Ays\u00e9n como en la Provincia de Palena Sur en la regi\u00f3n de Los Lagos, pero no ha ocurrido lo mismo con la infraestructura cr\u00edtica para permitir un funcionamiento permanente y seguro de la log\u00edstica terrestre. Debido a que, las rutas por s\u00ed solas son insuficientes si no se cuentan con los puentes requeridos para soportar una red log\u00edstica terrestre, que debe ser eficiente para los intereses de los habitantes, emprendimientos, empresas, el fortalecimiento del turismo y por ende el desarrollo de la Provincia de Palena Sur y nuestra regi\u00f3n de Ays\u00e9n.<\/p>\n<p style=\"text-align: justify;\">En la actualidad hoy existen limitaciones en a lo menos 6 puentes, entre Chait\u00e9n y la Cuesta Queulat, los puentes Pichimahuida, Blanco y Yelcho en la Provincia de Palena Sur, los puentes Exequiel Gonz\u00e1lez (sobre Rio Palena), Senador Sep\u00falveda (sobre Rio Rosselot), y Puente Ventisqueros en la comuna de Cisnes, sin contabilizar otros puentes m\u00e1s peque\u00f1os que fueron construidos en a fines de los a\u00f1os 70 y principios del 80 con una proyecci\u00f3n de carga distinta a la actual.<\/p>\n<p style=\"text-align: justify;\">Ante esta preocupante situaci\u00f3n, el Alcalde Francisco Roncagliolo, se sum\u00f3 a las gestiones y soluciones planteadas por los camioneros organizados tanto de la zona norte de la regi\u00f3n de Ays\u00e9n como de la Provincia de Palena.<\/p>\n<p style=\"text-align: justify;\">\u201cMe sumo al requerimiento de gestiones y soluciones solicitadas por el gremio camionero de mi zona y de la Provincia de Palena Sur, en relaci\u00f3n a la restricci\u00f3n y abrupta baja en el tonelaje permitido para transporte de carga en la regi\u00f3n de Los Lagos, Comuna de Chait\u00e9n, ya que no podemos sufrir, ni intermitencia, ni perjuicio hacia nuestros vecinos que dependen de esta vital red. Esto, porque la log\u00edstica terrestre es fundamental m\u00e1s en \u00e9poca de pandemia donde ya tenemos una crisis no s\u00f3lo sanitaria, sino que tambi\u00e9n econ\u00f3mica. Adem\u00e1s, afecta la l\u00ednea de abastecimiento de alimentos de nuestra zona\u201d.<\/p>\n<p style=\"text-align: justify;\">Porque tambi\u00e9n se deben unir voluntades en base a un bien com\u00fan y principalmente de los vecinos y vecinas de las distintas localidades, el Alcalde Roncagliolo, ya se comunic\u00f3 con sus pares de la Provincia de Palena Sur, con el fin de buscar alternativas provisorias mientras de forma paralela se trabaja en soluciones definitivas para el territorio.<\/p>\n<p style=\"text-align: justify;\">\u201cMe sumo al llamado realizado por mis colegas alcaldes de las Comunas de Chait\u00e9n, Futaleuf\u00fa y Palena en qu\u00e9 se proponen alternativas de soluci\u00f3n provisoria, de p\u00fablico conocimiento, mientras se encuentran soluciones definitivas. Por lo anterior, me he comunicado con mis colegas de Chait\u00e9n y Palena, conociendo tambi\u00e9n la voluntad del Alcalde de Futaleuf\u00fa, entendiendo que este problema (que se puede transformar en crisis) afectar\u00e1 a mi comuna y las dem\u00e1s comunas de la Regi\u00f3n de Ays\u00e9n. La propuesta consensuada y el llamado, es a unirnos como zonas\u201d.<\/p>\n<p style=\"text-align: justify;\">Reforzar y mejorar puentes y puertos es una tarea prioritaria para asegurar la conectividad y el normal tr\u00e1nsito de veh\u00edculos de carga que ingresan y salen de nuestra regi\u00f3n. Para ello, elaborar un plan que aborde esta materia, es fundamental, agreg\u00f3 el edil de la comuna de Cisnes.<\/p>\n<p style=\"text-align: justify;\">\u201cEl objetivo de esta uni\u00f3n debe ser, a nuestro juicio, buscar la soluci\u00f3n inmediata requerida por nuestros transportistas y vecinos, pero tambi\u00e9n, elaborar un Plan Estrat\u00e9gico Priorizado de Infraestructura de Conectividad Critica (puentes y puertos) en macro zona provincia Palena Sur y regi\u00f3n de Ays\u00e9n, plan que debe priorizar las mantenciones, reforzamiento de puentes, los recursos para dise\u00f1os y ejecuci\u00f3n de las obras necesarias (recambio de puentes, dise\u00f1os donde sea requerido, fortalecimiento de puertos, zonas de transferencia de carga, entre otros temas) con una mirada de corto, mediano y largo plazo\u201d.<\/p>\n<p style=\"text-align: justify;\">Se debe considerar que ambas zonas son aisladas, siendo parte de las zonas extremas del pa\u00eds, por lo que al fallar la log\u00edstica por p\u00e9rdida de alg\u00fan puente o que disminuya a\u00fan m\u00e1s su capacidad de carga, se corre el riesgo de retroceder d\u00e9cadas en las aspiraciones de cada comuna.<\/p>\n<p style=\"text-align: justify;\">Adem\u00e1s, tener en cuenta que, el efecto por el bajo tonelaje permitido en varios puentes de la Ruta 7, llevar\u00e1 a complicaciones durante m\u00ednimo los pr\u00f3ximos 6 a\u00f1os en nuestra regi\u00f3n de Ays\u00e9n (para cambios de puentes o incorporar nuevos en las rutas) estimaci\u00f3n que no est\u00e1 clara para la d\u00e9cima regi\u00f3n en la zona de la provincia de Palena.<\/p>\n<p style=\"text-align: justify;\">Considerando que las soluciones definitivas no son inmediatas es que se fijaron algunos planteamientos como, establecer una reuni\u00f3n con los ministerios que intervienen en temas de rutas o infraestructura cr\u00edtica, planteando por ejemplo, el subsidio al transporte de carga. Indic\u00f3 Francisco Roncagliolo.<\/p>\n<p style=\"text-align: justify;\">\u201cReuni\u00f3n de coordinaci\u00f3n conjunta entre el Ministerio de Obras P\u00fablicas, Ministerio de Transportes y Telecomunicaciones, municipios afectados o sus representantes y el rubro de transporte de carga o sus representantes, para as\u00ed dimensionar el real impacto a la log\u00edstica y contar con informaci\u00f3n de primera fuente sobre el real estado de la infraestructura critica (puentes) en ambas zonas. Subsidio al transporte de carga para la Provincia de Palena y Comuna de Cisnes en la Ruta mar\u00edtima mientras se visualiza soluci\u00f3n de corto plazo. La implementaci\u00f3n de una romana para pesaje de camiones en Puerto Montt que ayude a los transportistas locales\u201d.<\/p>\n<p style=\"text-align: justify;\">Establecer inyecci\u00f3n de recursos para los municipios, con el fin de implementar zonas de transferencia de carga en Chaiten y en La Junta. Se propone igualmente un acuerdo pol\u00edtico \u2013 t\u00e9cnico para avanzar en el plan estrat\u00e9gico de conectividad mediante infraestructura critica como puertos y puentes, son tambi\u00e9n parte de los planteamientos para abordar esta materia, indic\u00f3 el Alcalde de la comuna de Cisnes, Francisco Roncagliolo.<\/p>\n<p style=\"text-align: justify;\">\u201cRecursos que se puedan canalizar a trav\u00e9s de los municipios para implementar zonas de transferencia de carga en Chait\u00e9n (Provincia de Palena) y La Junta (Comuna de Cisnes, Regi\u00f3n de Ays\u00e9n). Definici\u00f3n de nuevas rutas mar\u00edtimas de acceso a las zonas afectadas. Proponemos viabilizar la rampa implementada en Puerto Puyuhuapi (Comuna de Cisnes) que permitir\u00eda atraque de embarcaciones de 70 a 100 metros de eslora. Un acuerdo pol\u00edtico y t\u00e9cnico para implementaci\u00f3n inmediata de Plan Estrat\u00e9gico Priorizado de Infraestructura de Conectividad Cr\u00edtica (puentes y puertos) en macro zona Provincia de Palena Sur y regi\u00f3n de Ays\u00e9n, que involucre recursos a comprometer en el Presupuesto de la Naci\u00f3n pronto a discutirse tanto a nivel sectorial como a nivel de Gobierno Regional, adem\u00e1s de recursos que puedan ser transferidos a municipios para implementaci\u00f3n de soluciones a acordar en conjunto como pueden ser las zonas de transferencia de carga\u201d.<\/p>\n<p style=\"text-align: justify;\">Las autoridades comunales se\u00f1alan que, las medidas expuestas deben ser consideradas o evaluadas en forma urgente, ya que los efectos de disminuir la carga a transportar, afectar\u00e1 no solo los precios finales a los consumidores, sino tambi\u00e9n la evaluaci\u00f3n de algunos transportistas de no realizar m\u00e1s este rubro por lo inviable econ\u00f3micamente, como as\u00ed tambi\u00e9n podr\u00eda involucrar la decisi\u00f3n de algunos transportistas de evaluar la continuidad de empleos al personal a sus cargos, es por eso que se hace necesario un plan de desarrollo estructurado de la Ruta 7 desde Caleta Gonzalo hasta Villa O\u00b4Higgins.<\/p>\n<\/div><\/section><\/div><div  style='height:50px' class='hr hr-invisible   avia-builder-el-6  el_after_av_one_full  el_before_av_social_share '><span class='hr-inner ' ><span class='hr-inner-style'><\/span><\/span><\/div><\/p>\n<div  class='av-social-sharing-box  avia-builder-el-7  el_after_av_hr  el_before_av_hr  '><div class='av-share-box'><h5 class='av-share-link-description av-no-toc '>Compartir esta noticia<\/h5><ul class='av-share-box-list noLightbox'><li class='av-share-link av-social-link-facebook' ><a target=\"_blank\" aria-label=\"Compartir en Facebook\" href='https:\/\/www.facebook.com\/sharer.php?u=https:\/\/radiorevelacionfm.cl\/?p=6158&#038;t=Alcalde%20de%20Cisnes%20suma%20voluntades%20con%20sus%20pares%20de%20la%20provincia%20Palena%20Sur%20en%20el%20cuidado%20de%20infraestructura%20cr%C3%ADtica%20entre%20Los%20Lagos%20y%20Ays%C3%A9n' aria-hidden='false' data-av_icon='\ue8f3' data-av_iconfont='entypo-fontello' title='' data-avia-related-tooltip='Compartir en Facebook' rel=\"noopener\"><span class='avia_hidden_link_text'>Compartir en Facebook<\/span><\/a><\/li><li class='av-share-link av-social-link-twitter' ><a target=\"_blank\" aria-label=\"Compartir en Twitter\" href='https:\/\/twitter.com\/share?text=Alcalde%20de%20Cisnes%20suma%20voluntades%20con%20sus%20pares%20de%20la%20provincia%20Palena%20Sur%20en%20el%20cuidado%20de%20infraestructura%20cr%C3%ADtica%20entre%20Los%20Lagos%20y%20Ays%C3%A9n&#038;url=https:\/\/radiorevelacionfm.cl\/?p=6158' aria-hidden='false' data-av_icon='\ue8f1' data-av_iconfont='entypo-fontello' title='' data-avia-related-tooltip='Compartir en Twitter' rel=\"noopener\"><span class='avia_hidden_link_text'>Compartir en Twitter<\/span><\/a><\/li><li class='av-share-link av-social-link-whatsapp' ><a target=\"_blank\" aria-label=\"Compartir en Whatsapp\" href='https:\/\/api.whatsapp.com\/send?text=https:\/\/radiorevelacionfm.cl\/?p=6158' aria-hidden='false' data-av_icon='\uf232' data-av_iconfont='entypo-fontello' title='' data-avia-related-tooltip='Compartir en Whatsapp' rel=\"noopener\"><span class='avia_hidden_link_text'>Compartir en Whatsapp<\/span><\/a><\/li><li class='av-share-link av-social-link-linkedin' ><a target=\"_blank\" aria-label=\"Compartir en LinkedIn\" href='https:\/\/linkedin.com\/shareArticle?mini=true&#038;title=Alcalde%20de%20Cisnes%20suma%20voluntades%20con%20sus%20pares%20de%20la%20provincia%20Palena%20Sur%20en%20el%20cuidado%20de%20infraestructura%20cr%C3%ADtica%20entre%20Los%20Lagos%20y%20Ays%C3%A9n&#038;url=https:\/\/radiorevelacionfm.cl\/?p=6158' aria-hidden='false' data-av_icon='\ue8fc' data-av_iconfont='entypo-fontello' title='' data-avia-related-tooltip='Compartir en LinkedIn' rel=\"noopener\"><span class='avia_hidden_link_text'>Compartir en LinkedIn<\/span><\/a><\/li><li class='av-share-link av-social-link-mail' ><a  aria-label=\"Compartir por correo\" href='mailto:?subject=Alcalde%20de%20Cisnes%20suma%20voluntades%20con%20sus%20pares%20de%20la%20provincia%20Palena%20Sur%20en%20el%20cuidado%20de%20infraestructura%20cr%C3%ADtica%20entre%20Los%20Lagos%20y%20Ays%C3%A9n&#038;body=https:\/\/radiorevelacionfm.cl\/?p=6158' aria-hidden='false' data-av_icon='\ue805' data-av_iconfont='entypo-fontello' title='' data-avia-related-tooltip='Compartir por correo'><span class='avia_hidden_link_text'>Compartir por correo<\/span><\/a><\/li><\/ul><\/div><\/div>\n<div  style='height:50px' class='hr hr-invisible   avia-builder-el-8  el_after_av_social_share  el_before_av_comments_list '><span class='hr-inner ' ><span class='hr-inner-style'><\/span><\/span><\/div>\n<div  class='av-buildercomment  av-blog-meta-html-info-disabled av-blog-meta-tag-disabled  '><\/div>\n","protected":false},"excerpt":{"rendered":"","protected":false},"author":1,"featured_media":6160,"comment_status":"open","ping_status":"open","sticky":false,"template":"","format":"standard","meta":{"footnotes":""},"categories":[38],"tags":[],"class_list":["post-6158","post","type-post","status-publish","format-standard","has-post-thumbnail","hentry","category-regional"],"jetpack_featured_media_url":"https:\/\/radiorevelacionfm.cl\/wp-content\/uploads\/2021\/07\/la-junta_puente_optimized.jpg","_links":{"self":[{"href":"https:\/\/radiorevelacionfm.cl\/index.php?rest_route=\/wp\/v2\/posts\/6158","targetHints":{"allow":["GET"]}}],"collection":[{"href":"https:\/\/radiorevelacionfm.cl\/index.php?rest_route=\/wp\/v2\/posts"}],"about":[{"href":"https:\/\/radiorevelacionfm.cl\/index.php?rest_route=\/wp\/v2\/types\/post"}],"author":[{"embeddable":true,"href":"https:\/\/radiorevelacionfm.cl\/index.php?rest_route=\/wp\/v2\/users\/1"}],"replies":[{"embeddable":true,"href":"https:\/\/radiorevelacionfm.cl\/index.php?rest_route=%2Fwp%2Fv2%2Fcomments&post=6158"}],"version-history":[{"count":1,"href":"https:\/\/radiorevelacionfm.cl\/index.php?rest_route=\/wp\/v2\/posts\/6158\/revisions"}],"predecessor-version":[{"id":6161,"href":"https:\/\/radiorevelacionfm.cl\/index.php?rest_route=\/wp\/v2\/posts\/6158\/revisions\/6161"}],"wp:featuredmedia":[{"embeddable":true,"href":"https:\/\/radiorevelacionfm.cl\/index.php?rest_route=\/wp\/v2\/media\/6160"}],"wp:attachment":[{"href":"https:\/\/radiorevelacionfm.cl\/index.php?rest_route=%2Fwp%2Fv2%2Fmedia&parent=6158"}],"wp:term":[{"taxonomy":"category","embeddable":true,"href":"https:\/\/radiorevelacionfm.cl\/index.php?rest_route=%2Fwp%2Fv2%2Fcategories&post=6158"},{"taxonomy":"post_tag","embeddable":true,"href":"https:\/\/radiorevelacionfm.cl\/index.php?rest_route=%2Fwp%2Fv2%2Ftags&post=6158"}],"curies":[{"name":"wp","href":"https:\/\/api.w.org\/{rel}","templated":true}]}}