{"id":61569,"date":"2025-11-20T10:30:44","date_gmt":"2025-11-20T13:30:44","guid":{"rendered":"https:\/\/radiorevelacionfm.cl\/?p=61569"},"modified":"2025-11-20T10:30:44","modified_gmt":"2025-11-20T13:30:44","slug":"aysen-impulsa-su-potencial-para-una-economia-basada-en-naturaleza-convocando-a-amplia-jornada-ciudadana","status":"publish","type":"post","link":"https:\/\/radiorevelacionfm.cl\/?p=61569","title":{"rendered":"Ays\u00e9n impulsa su potencial para una econom\u00eda basada en naturaleza convocando a amplia jornada ciudadana"},"content":{"rendered":"<div class=\"flex_column av_one_full  flex_column_div av-zero-column-padding first  avia-builder-el-0  el_before_av_one_full  avia-builder-el-first  \" style='border-radius:0px; '><div  class='avia-image-container  av-styling-    avia-builder-el-1  avia-builder-el-no-sibling  avia-align-center '  itemprop=\"image\" itemscope=\"itemscope\" itemtype=\"https:\/\/schema.org\/ImageObject\"  ><div class='avia-image-container-inner'><div class='avia-image-overlay-wrap'><img decoding=\"async\" class='wp-image-61570 avia-img-lazy-loading-not-61570 avia_image' src=\"https:\/\/radiorevelacionfm.cl\/wp-content\/uploads\/2025\/11\/CCN-prensa-1.jpg\" alt='' title='CCN prensa (1)' height=\"600\" width=\"916\"  itemprop=\"thumbnailUrl\" srcset=\"https:\/\/radiorevelacionfm.cl\/wp-content\/uploads\/2025\/11\/CCN-prensa-1.jpg 916w, https:\/\/radiorevelacionfm.cl\/wp-content\/uploads\/2025\/11\/CCN-prensa-1-300x197.jpg 300w, https:\/\/radiorevelacionfm.cl\/wp-content\/uploads\/2025\/11\/CCN-prensa-1-768x503.jpg 768w, https:\/\/radiorevelacionfm.cl\/wp-content\/uploads\/2025\/11\/CCN-prensa-1-705x462.jpg 705w, https:\/\/radiorevelacionfm.cl\/wp-content\/uploads\/2025\/11\/CCN-prensa-1-450x295.jpg 450w, https:\/\/radiorevelacionfm.cl\/wp-content\/uploads\/2025\/11\/CCN-prensa-1-600x393.jpg 600w\" sizes=\"(max-width: 916px) 100vw, 916px\" \/><\/div><\/div><\/div><\/div><div class=\"flex_column av_one_full  flex_column_div av-zero-column-padding first  avia-builder-el-2  el_after_av_one_full  el_before_av_one_full  column-top-margin\" style='border-radius:0px; '><section class=\"av_textblock_section \"  itemscope=\"itemscope\" itemtype=\"https:\/\/schema.org\/BlogPosting\" itemprop=\"blogPost\" ><div class='avia_textblock  '   itemprop=\"text\" ><p style=\"text-align: center;\"><span style=\"font-size: 18pt;\"><strong>Ays\u00e9n impulsa su potencial para una econom\u00eda basada en naturaleza convocando a amplia jornada ciudadana<\/strong><\/span><\/p>\n<div id=\"gtx-trans\" style=\"position: absolute; left: -50px; top: 4.31534px;\">\n<div class=\"gtx-trans-icon\"><\/div>\n<\/div>\n<\/div><\/section><\/div><div class=\"flex_column av_one_full  flex_column_div av-zero-column-padding first  avia-builder-el-4  el_after_av_one_full  el_before_av_hr  column-top-margin\" style='border-radius:0px; '><section class=\"av_textblock_section \"  itemscope=\"itemscope\" itemtype=\"https:\/\/schema.org\/BlogPosting\" itemprop=\"blogPost\" ><div class='avia_textblock  '   itemprop=\"text\" ><p style=\"text-align: justify;\">Con el prop\u00f3sito de abrir un espacio amplio de reflexi\u00f3n, di\u00e1logo y proyecci\u00f3n territorial, la SEREMI del Medio Ambiente, el Gobierno Regional de Ays\u00e9n, Transforma Cambio Clim\u00e1tico de CORFO y CONAF Ays\u00e9n, convocan a la comunidad regional, instituciones p\u00fablicas, sector privado, academia y sociedad civil a participar del seminario <strong>Ays\u00e9n Carbono capital natural 2025<\/strong>, que se realizar\u00e1 los d\u00edas <strong>27, 28 de noviembre<\/strong> en el Sal\u00f3n del Gobierno Regional, ubicado en Parra N\u00b0 101, Coyhaique, contemplando adem\u00e1s una salida a terreno el d\u00eda s\u00e1bado 29 de noviembre.<\/p>\n<p style=\"text-align: justify;\">Este encuentro busca repensar colectivamente las oportunidades que ofrece el territorio, posicionando a Ays\u00e9n como un laboratorio vivo para el desarrollo de instrumentos econ\u00f3micos, a trav\u00e9s de estrategias de compensaci\u00f3n y pagos por servicios ecosist\u00e9micos, que fortalezcan la gesti\u00f3n local, el financiamiento de proyectos sostenibles, la conservaci\u00f3n de la biodiversidad y la mitigaci\u00f3n del cambio clim\u00e1tico.<\/p>\n<p style=\"text-align: justify;\">La actividad reunir\u00e1 a especialistas regionales, nacionales e internacionales en mercados de carbono, instrumentos de financiamiento, servicios ecosist\u00e9micos, manejo forestal, tecnolog\u00eda para conservaci\u00f3n y experiencias locales de restauraci\u00f3n; desarrollando la jornada a trav\u00e9s de paneles, presentaciones y un plenario final, orientado a la proyecci\u00f3n regional a partir de su rol en estas herramientas.<\/p>\n<p style=\"text-align: justify;\"><em>\u201cNuestra idea es abrir la conversaci\u00f3n y las posibilidades, tenemos un tremendo potencial en la regi\u00f3n de Ays\u00e9n y sabemos que estos espacios de articulaci\u00f3n, dialogo y divulgaci\u00f3n son pasos esenciales para explorar modelos aplicables y mejor a\u00fan, para impulsar una econom\u00eda basada en naturaleza, con beneficios concretos para las comunidades y ecosistemas de la regi\u00f3<\/em>n\u201d, declar\u00f3 el Seremi del Medio Ambiente, Yoal D\u00edaz , mientras que el Jefe Provincial de CONAF Coyhaique, Jos\u00e9 Luis P\u00e9rez relev\u00f3 la actividad organizada para el jueves 29,\u00a0 <em>\u201cvamos a participar de una actividad de terreno, donde los llevaremos a ver en situ un trabajo que estamos desarrollando con un Acuerdo de Producci\u00f3n Limpia, donde propietarios y empresas forestales, un consorcio de empresas forestales, est\u00e1n participando de una forma distinta de realizar el manejo,\u00a0 a trav\u00e9s de la ordenaci\u00f3n forestal y el manejo sostenible de los bosques para el desarrollo de la regi\u00f3n<\/em>\u201d.<\/p>\n<p style=\"text-align: justify;\">Desde Transforma Cambio Clim\u00e1tico CORFO, su gerenta, Irina Reyes, reforz\u00f3 la convocatoria, <em>\u201clos invitamos a este seminario que pondr\u00e1 en valor el capital natural en Ays\u00e9n y nuevas medidas de conservaci\u00f3n. Estamos muy contentos como programa de poder participar y comenzar nuestro trabajo desplegado en los distintos territorios\u201d.<\/em><\/p>\n<p style=\"text-align: justify;\">Finalmente la autoridad ambiental indic\u00f3 que la regi\u00f3n de Ays\u00e9n se encuentra en un momento clave para definir c\u00f3mo quiere crecer, producir y conservar, por cuanto el seminario se presenta m\u00e1s all\u00e1 de una instancia informativa:<em> \u201ces una convocatoria abierta a todos quienes quieran aportar una visi\u00f3n, una experiencia, una idea o un proyecto que ampl\u00ede los horizontes de la regi\u00f3n hacia un desarrollo justo, sostenible y alineado con su identidad ecol\u00f3gica\u201d<\/em>, concluy\u00f3 el Seremi\u00a0 recordando a las y los interesados que el programa y las inscripciones se encuentran disponibles en <a href=\"https:\/\/bit.ly\/AysenCapitalNatural\">https:\/\/bit.ly\/AysenCapitalNatural<\/a><\/p>\n<\/div><\/section><\/div><div  style='height:50px' class='hr hr-invisible   avia-builder-el-6  el_after_av_one_full  el_before_av_social_share '><span class='hr-inner ' ><span class='hr-inner-style'><\/span><\/span><\/div><\/p>\n<div  class='av-social-sharing-box  avia-builder-el-7  el_after_av_hr  el_before_av_hr  '><div class='av-share-box'><h5 class='av-share-link-description av-no-toc '>Compartir esta noticia<\/h5><ul class='av-share-box-list noLightbox'><li class='av-share-link av-social-link-facebook' ><a target=\"_blank\" aria-label=\"Compartir en Facebook\" href='https:\/\/www.facebook.com\/sharer.php?u=https:\/\/radiorevelacionfm.cl\/?p=61569&#038;t=Ays%C3%A9n%20impulsa%20su%20potencial%20para%20una%20econom%C3%ADa%20basada%20en%20naturaleza%20convocando%20a%20amplia%20jornada%20ciudadana' aria-hidden='false' data-av_icon='\ue8f3' data-av_iconfont='entypo-fontello' title='' data-avia-related-tooltip='Compartir en Facebook' rel=\"noopener\"><span class='avia_hidden_link_text'>Compartir en Facebook<\/span><\/a><\/li><li class='av-share-link av-social-link-twitter' ><a target=\"_blank\" aria-label=\"Compartir en Twitter\" href='https:\/\/twitter.com\/share?text=Ays%C3%A9n%20impulsa%20su%20potencial%20para%20una%20econom%C3%ADa%20basada%20en%20naturaleza%20convocando%20a%20amplia%20jornada%20ciudadana&#038;url=https:\/\/radiorevelacionfm.cl\/?p=61569' aria-hidden='false' data-av_icon='\ue8f1' data-av_iconfont='entypo-fontello' title='' data-avia-related-tooltip='Compartir en Twitter' rel=\"noopener\"><span class='avia_hidden_link_text'>Compartir en Twitter<\/span><\/a><\/li><li class='av-share-link av-social-link-whatsapp' ><a target=\"_blank\" aria-label=\"Compartir en Whatsapp\" href='https:\/\/api.whatsapp.com\/send?text=https:\/\/radiorevelacionfm.cl\/?p=61569' aria-hidden='false' data-av_icon='\uf232' data-av_iconfont='entypo-fontello' title='' data-avia-related-tooltip='Compartir en Whatsapp' rel=\"noopener\"><span class='avia_hidden_link_text'>Compartir en Whatsapp<\/span><\/a><\/li><li class='av-share-link av-social-link-linkedin' ><a target=\"_blank\" aria-label=\"Compartir en LinkedIn\" href='https:\/\/linkedin.com\/shareArticle?mini=true&#038;title=Ays%C3%A9n%20impulsa%20su%20potencial%20para%20una%20econom%C3%ADa%20basada%20en%20naturaleza%20convocando%20a%20amplia%20jornada%20ciudadana&#038;url=https:\/\/radiorevelacionfm.cl\/?p=61569' aria-hidden='false' data-av_icon='\ue8fc' data-av_iconfont='entypo-fontello' title='' data-avia-related-tooltip='Compartir en LinkedIn' rel=\"noopener\"><span class='avia_hidden_link_text'>Compartir en LinkedIn<\/span><\/a><\/li><li class='av-share-link av-social-link-mail' ><a  aria-label=\"Compartir por correo\" href='mailto:?subject=Ays%C3%A9n%20impulsa%20su%20potencial%20para%20una%20econom%C3%ADa%20basada%20en%20naturaleza%20convocando%20a%20amplia%20jornada%20ciudadana&#038;body=https:\/\/radiorevelacionfm.cl\/?p=61569' aria-hidden='false' data-av_icon='\ue805' data-av_iconfont='entypo-fontello' title='' data-avia-related-tooltip='Compartir por correo'><span class='avia_hidden_link_text'>Compartir por correo<\/span><\/a><\/li><\/ul><\/div><\/div>\n<div  style='height:50px' class='hr hr-invisible   avia-builder-el-8  el_after_av_social_share  el_before_av_comments_list '><span class='hr-inner ' ><span class='hr-inner-style'><\/span><\/span><\/div>\n<div  class='av-buildercomment  av-blog-meta-html-info-disabled av-blog-meta-tag-disabled  '><\/div>\n","protected":false},"excerpt":{"rendered":"","protected":false},"author":1,"featured_media":61570,"comment_status":"closed","ping_status":"closed","sticky":false,"template":"","format":"standard","meta":{"footnotes":""},"categories":[39],"tags":[],"class_list":["post-61569","post","type-post","status-publish","format-standard","has-post-thumbnail","hentry","category-medio-ambiente"],"jetpack_featured_media_url":"https:\/\/radiorevelacionfm.cl\/wp-content\/uploads\/2025\/11\/CCN-prensa-1.jpg","_links":{"self":[{"href":"https:\/\/radiorevelacionfm.cl\/index.php?rest_route=\/wp\/v2\/posts\/61569","targetHints":{"allow":["GET"]}}],"collection":[{"href":"https:\/\/radiorevelacionfm.cl\/index.php?rest_route=\/wp\/v2\/posts"}],"about":[{"href":"https:\/\/radiorevelacionfm.cl\/index.php?rest_route=\/wp\/v2\/types\/post"}],"author":[{"embeddable":true,"href":"https:\/\/radiorevelacionfm.cl\/index.php?rest_route=\/wp\/v2\/users\/1"}],"replies":[{"embeddable":true,"href":"https:\/\/radiorevelacionfm.cl\/index.php?rest_route=%2Fwp%2Fv2%2Fcomments&post=61569"}],"version-history":[{"count":2,"href":"https:\/\/radiorevelacionfm.cl\/index.php?rest_route=\/wp\/v2\/posts\/61569\/revisions"}],"predecessor-version":[{"id":61581,"href":"https:\/\/radiorevelacionfm.cl\/index.php?rest_route=\/wp\/v2\/posts\/61569\/revisions\/61581"}],"wp:featuredmedia":[{"embeddable":true,"href":"https:\/\/radiorevelacionfm.cl\/index.php?rest_route=\/wp\/v2\/media\/61570"}],"wp:attachment":[{"href":"https:\/\/radiorevelacionfm.cl\/index.php?rest_route=%2Fwp%2Fv2%2Fmedia&parent=61569"}],"wp:term":[{"taxonomy":"category","embeddable":true,"href":"https:\/\/radiorevelacionfm.cl\/index.php?rest_route=%2Fwp%2Fv2%2Fcategories&post=61569"},{"taxonomy":"post_tag","embeddable":true,"href":"https:\/\/radiorevelacionfm.cl\/index.php?rest_route=%2Fwp%2Fv2%2Ftags&post=61569"}],"curies":[{"name":"wp","href":"https:\/\/api.w.org\/{rel}","templated":true}]}}