{"id":61560,"date":"2025-11-19T20:09:03","date_gmt":"2025-11-19T23:09:03","guid":{"rendered":"https:\/\/radiorevelacionfm.cl\/?p=61560"},"modified":"2025-11-19T20:09:03","modified_gmt":"2025-11-19T23:09:03","slug":"estudiantes-del-campus-patagonia-realizaron-muestra-de-arte-vanguardista","status":"publish","type":"post","link":"https:\/\/radiorevelacionfm.cl\/?p=61560","title":{"rendered":"Estudiantes del Campus Patagonia Realizaron Muestra de Arte Vanguardista"},"content":{"rendered":"<div class=\"flex_column av_one_full  flex_column_div av-zero-column-padding first  avia-builder-el-0  el_before_av_one_full  avia-builder-el-first  \" style='border-radius:0px; '><div  class='avia-image-container  av-styling-    avia-builder-el-1  avia-builder-el-no-sibling  avia-align-center '  itemprop=\"image\" itemscope=\"itemscope\" itemtype=\"https:\/\/schema.org\/ImageObject\"  ><div class='avia-image-container-inner'><div class='avia-image-overlay-wrap'><img decoding=\"async\" class='wp-image-61561 avia-img-lazy-loading-not-61561 avia_image' src=\"https:\/\/radiorevelacionfm.cl\/wp-content\/uploads\/2025\/11\/Muestra-Vanguardisstas6-1-1.jpeg\" alt='' title='Muestra Vanguardisstas6 (1) (1)' height=\"600\" width=\"800\"  itemprop=\"thumbnailUrl\" srcset=\"https:\/\/radiorevelacionfm.cl\/wp-content\/uploads\/2025\/11\/Muestra-Vanguardisstas6-1-1.jpeg 800w, https:\/\/radiorevelacionfm.cl\/wp-content\/uploads\/2025\/11\/Muestra-Vanguardisstas6-1-1-300x225.jpeg 300w, https:\/\/radiorevelacionfm.cl\/wp-content\/uploads\/2025\/11\/Muestra-Vanguardisstas6-1-1-768x576.jpeg 768w, https:\/\/radiorevelacionfm.cl\/wp-content\/uploads\/2025\/11\/Muestra-Vanguardisstas6-1-1-705x529.jpeg 705w, https:\/\/radiorevelacionfm.cl\/wp-content\/uploads\/2025\/11\/Muestra-Vanguardisstas6-1-1-450x338.jpeg 450w, https:\/\/radiorevelacionfm.cl\/wp-content\/uploads\/2025\/11\/Muestra-Vanguardisstas6-1-1-600x450.jpeg 600w\" sizes=\"(max-width: 800px) 100vw, 800px\" \/><\/div><\/div><\/div><\/div><div class=\"flex_column av_one_full  flex_column_div av-zero-column-padding first  avia-builder-el-2  el_after_av_one_full  el_before_av_one_full  column-top-margin\" style='border-radius:0px; '><section class=\"av_textblock_section \"  itemscope=\"itemscope\" itemtype=\"https:\/\/schema.org\/BlogPosting\" itemprop=\"blogPost\" ><div class='avia_textblock  '   itemprop=\"text\" ><p style=\"text-align: center;\"><span style=\"font-size: 18pt;\"><strong>Estudiantes del Campus Patagonia Realizaron Muestra de Arte Vanguardista<\/strong><\/span><\/p>\n<div id=\"gtx-trans\" style=\"position: absolute; left: -50px; top: 4.31534px;\">\n<div class=\"gtx-trans-icon\"><\/div>\n<\/div>\n<\/div><\/section><\/div><div class=\"flex_column av_one_full  flex_column_div av-zero-column-padding first  avia-builder-el-4  el_after_av_one_full  el_before_av_hr  column-top-margin\" style='border-radius:0px; '><section class=\"av_textblock_section \"  itemscope=\"itemscope\" itemtype=\"https:\/\/schema.org\/BlogPosting\" itemprop=\"blogPost\" ><div class='avia_textblock  '   itemprop=\"text\" ><p style=\"text-align: justify;\"><em>La exposici\u00f3n ofreci\u00f3 una selecci\u00f3n de trabajos desarrollados por alumnos y alumnas de Pedagog\u00eda en Educaci\u00f3n B\u00e1sica, durante todo el segundo semestre.<\/em><\/p>\n<p style=\"text-align: justify;\">Una exposici\u00f3n art\u00edstica con una selecci\u00f3n de obras desarrolladas durante el segundo semestre, realizaron los y las estudiantes de 4to. a\u00f1o de la Escuela de Pedagog\u00eda en Educaci\u00f3n B\u00e1sica del Campus Patagonia de la Universidad Austral de Chile.<\/p>\n<p style=\"text-align: justify;\">La muestra denominada \u201cEcos de Vanguardias\u201d, ofreci\u00f3 un recorrido por pinturas y obras tridimensionales que responden a cinco corrientes art\u00edsticas de esa tem\u00e1tica, analizadas en la asignatura de Artes Visuales y sus Vanguardias.<\/p>\n<p style=\"text-align: justify;\">Rodrigo Pierela, docente de la asignatura, destac\u00f3 que durante el semestre se estudiaron las pricipales corrientes vanguardistas en el arte y esta muestra plasma el trabajo de las y los estudiantes en respuesta a esta formaci\u00f3n. \u201cEstudiamos las vanguardias en el arte y esta muestra es el resultado de la selecci\u00f3n de los trabajos desarrollados por el 4to. a\u00f1o de la carrera de Pedagog\u00eda. Estamos muy satisfechos con esta exhibici\u00f3n, donde podemos observar que hay mucho talento y m\u00e1s que eso, es generar una mirada del arte como un ente sanador, c\u00f3mo encontrar en el arte una forma de expresarse y una herramienta para decir muchas cosas que, a veces, con las palabras no logramos concretar\u201d.<\/p>\n<p style=\"text-align: justify;\">La muestra fue visitada por los y las integrantes de la comunidad universitaria y se recibi\u00f3, de manera especial, al segundo a\u00f1o medio del Liceo Juan Pablo II de Coyhaique, para que pudiesen apreciar el trabajo desarrollado por los estudiantes de pedagog\u00eda y conocer las t\u00e9cnicas empleadas en cada una de sus obras.<\/p>\n<p style=\"text-align: justify;\">El profesor de artes visuales del liceo, Juan Carlos Z\u00fa\u00f1iga, destac\u00f3 la importancia de que los j\u00f3venes vean propuestas de quienes est\u00e1n trabajando el tema del arte, sobre todo en la educaci\u00f3n superior. \u201cNos interesa que las y los estudiantes del liceo vean que el arte es una forma de acercarse a la cultura y el conocimiento desde otras \u00e1reas. He notado a mis estudiatnes muy interesados y en esta visita lograron apreciar las t\u00e9cnicas utilizadas, c\u00f3mo se abordan los trabajos. Todo eso puede potenciar su propio trabajo creativo. Es interesante que ellos puedan ver que no solamente hay una sola forma de crear y que tambi\u00e9n en otras instituciones de educaci\u00f3n se desarrolla el arte, no solo en una carrera vinculada a ella. El arte es permeable a distintas \u00e1reas, es una forma transversal de alcanzar el conocimiento\u201d.<\/p>\n<p style=\"text-align: justify;\">El proceso de aprendizaje de la signatira concluir\u00e1 con la elaboracion de un mural, pintado por todo el curso, en el hall del Edificio Docente del Campus Patagonia, donde se plasmar\u00e1n las diferentes t\u00e9cnicas aprendidas durante el a\u00f1o.<\/p>\n<\/div><\/section><\/div><div  style='height:50px' class='hr hr-invisible   avia-builder-el-6  el_after_av_one_full  el_before_av_social_share '><span class='hr-inner ' ><span class='hr-inner-style'><\/span><\/span><\/div><\/p>\n<div  class='av-social-sharing-box  avia-builder-el-7  el_after_av_hr  el_before_av_hr  '><div class='av-share-box'><h5 class='av-share-link-description av-no-toc '>Compartir esta noticia<\/h5><ul class='av-share-box-list noLightbox'><li class='av-share-link av-social-link-facebook' ><a target=\"_blank\" aria-label=\"Compartir en Facebook\" href='https:\/\/www.facebook.com\/sharer.php?u=https:\/\/radiorevelacionfm.cl\/?p=61560&#038;t=Estudiantes%20del%20Campus%20Patagonia%20Realizaron%20Muestra%20de%20Arte%20Vanguardista' aria-hidden='false' data-av_icon='\ue8f3' data-av_iconfont='entypo-fontello' title='' data-avia-related-tooltip='Compartir en Facebook' rel=\"noopener\"><span class='avia_hidden_link_text'>Compartir en Facebook<\/span><\/a><\/li><li class='av-share-link av-social-link-twitter' ><a target=\"_blank\" aria-label=\"Compartir en Twitter\" href='https:\/\/twitter.com\/share?text=Estudiantes%20del%20Campus%20Patagonia%20Realizaron%20Muestra%20de%20Arte%20Vanguardista&#038;url=https:\/\/radiorevelacionfm.cl\/?p=61560' aria-hidden='false' data-av_icon='\ue8f1' data-av_iconfont='entypo-fontello' title='' data-avia-related-tooltip='Compartir en Twitter' rel=\"noopener\"><span class='avia_hidden_link_text'>Compartir en Twitter<\/span><\/a><\/li><li class='av-share-link av-social-link-whatsapp' ><a target=\"_blank\" aria-label=\"Compartir en Whatsapp\" href='https:\/\/api.whatsapp.com\/send?text=https:\/\/radiorevelacionfm.cl\/?p=61560' aria-hidden='false' data-av_icon='\uf232' data-av_iconfont='entypo-fontello' title='' data-avia-related-tooltip='Compartir en Whatsapp' rel=\"noopener\"><span class='avia_hidden_link_text'>Compartir en Whatsapp<\/span><\/a><\/li><li class='av-share-link av-social-link-linkedin' ><a target=\"_blank\" aria-label=\"Compartir en LinkedIn\" href='https:\/\/linkedin.com\/shareArticle?mini=true&#038;title=Estudiantes%20del%20Campus%20Patagonia%20Realizaron%20Muestra%20de%20Arte%20Vanguardista&#038;url=https:\/\/radiorevelacionfm.cl\/?p=61560' aria-hidden='false' data-av_icon='\ue8fc' data-av_iconfont='entypo-fontello' title='' data-avia-related-tooltip='Compartir en LinkedIn' rel=\"noopener\"><span class='avia_hidden_link_text'>Compartir en LinkedIn<\/span><\/a><\/li><li class='av-share-link av-social-link-mail' ><a  aria-label=\"Compartir por correo\" href='mailto:?subject=Estudiantes%20del%20Campus%20Patagonia%20Realizaron%20Muestra%20de%20Arte%20Vanguardista&#038;body=https:\/\/radiorevelacionfm.cl\/?p=61560' aria-hidden='false' data-av_icon='\ue805' data-av_iconfont='entypo-fontello' title='' data-avia-related-tooltip='Compartir por correo'><span class='avia_hidden_link_text'>Compartir por correo<\/span><\/a><\/li><\/ul><\/div><\/div>\n<div  style='height:50px' class='hr hr-invisible   avia-builder-el-8  el_after_av_social_share  el_before_av_comments_list '><span class='hr-inner ' ><span class='hr-inner-style'><\/span><\/span><\/div>\n<div  class='av-buildercomment  av-blog-meta-html-info-disabled av-blog-meta-tag-disabled  '><\/div>\n","protected":false},"excerpt":{"rendered":"","protected":false},"author":1,"featured_media":61561,"comment_status":"closed","ping_status":"closed","sticky":false,"template":"","format":"standard","meta":{"footnotes":""},"categories":[52,37],"tags":[],"class_list":["post-61560","post","type-post","status-publish","format-standard","has-post-thumbnail","hentry","category-cultura","category-economia"],"jetpack_featured_media_url":"https:\/\/radiorevelacionfm.cl\/wp-content\/uploads\/2025\/11\/Muestra-Vanguardisstas6-1-1.jpeg","_links":{"self":[{"href":"https:\/\/radiorevelacionfm.cl\/index.php?rest_route=\/wp\/v2\/posts\/61560","targetHints":{"allow":["GET"]}}],"collection":[{"href":"https:\/\/radiorevelacionfm.cl\/index.php?rest_route=\/wp\/v2\/posts"}],"about":[{"href":"https:\/\/radiorevelacionfm.cl\/index.php?rest_route=\/wp\/v2\/types\/post"}],"author":[{"embeddable":true,"href":"https:\/\/radiorevelacionfm.cl\/index.php?rest_route=\/wp\/v2\/users\/1"}],"replies":[{"embeddable":true,"href":"https:\/\/radiorevelacionfm.cl\/index.php?rest_route=%2Fwp%2Fv2%2Fcomments&post=61560"}],"version-history":[{"count":2,"href":"https:\/\/radiorevelacionfm.cl\/index.php?rest_route=\/wp\/v2\/posts\/61560\/revisions"}],"predecessor-version":[{"id":61575,"href":"https:\/\/radiorevelacionfm.cl\/index.php?rest_route=\/wp\/v2\/posts\/61560\/revisions\/61575"}],"wp:featuredmedia":[{"embeddable":true,"href":"https:\/\/radiorevelacionfm.cl\/index.php?rest_route=\/wp\/v2\/media\/61561"}],"wp:attachment":[{"href":"https:\/\/radiorevelacionfm.cl\/index.php?rest_route=%2Fwp%2Fv2%2Fmedia&parent=61560"}],"wp:term":[{"taxonomy":"category","embeddable":true,"href":"https:\/\/radiorevelacionfm.cl\/index.php?rest_route=%2Fwp%2Fv2%2Fcategories&post=61560"},{"taxonomy":"post_tag","embeddable":true,"href":"https:\/\/radiorevelacionfm.cl\/index.php?rest_route=%2Fwp%2Fv2%2Ftags&post=61560"}],"curies":[{"name":"wp","href":"https:\/\/api.w.org\/{rel}","templated":true}]}}