{"id":61557,"date":"2025-11-19T20:04:10","date_gmt":"2025-11-19T23:04:10","guid":{"rendered":"https:\/\/radiorevelacionfm.cl\/?p=61557"},"modified":"2025-11-19T20:04:10","modified_gmt":"2025-11-19T23:04:10","slug":"municipalidad-de-aysen-desarrollo-tercera-jornada-de-alcalde-por-un-dia-junto-al-estudiante-anibal-retamal","status":"publish","type":"post","link":"https:\/\/radiorevelacionfm.cl\/?p=61557","title":{"rendered":"Municipalidad de Ays\u00e9n desarroll\u00f3 tercera jornada de \u201cAlcalde por un D\u00eda\u201d junto al estudiante An\u00edbal Retamal"},"content":{"rendered":"<div class=\"flex_column av_one_full  flex_column_div av-zero-column-padding first  avia-builder-el-0  el_before_av_one_full  avia-builder-el-first  \" style='border-radius:0px; '><div  class='avia-image-container  av-styling-    avia-builder-el-1  avia-builder-el-no-sibling  avia-align-center '  itemprop=\"image\" itemscope=\"itemscope\" itemtype=\"https:\/\/schema.org\/ImageObject\"  ><div class='avia-image-container-inner'><div class='avia-image-overlay-wrap'><img decoding=\"async\" class='wp-image-61558 avia-img-lazy-loading-not-61558 avia_image' src=\"https:\/\/radiorevelacionfm.cl\/wp-content\/uploads\/2025\/11\/alcalde-por-un-dia-Anibal-Retamal-5-1-1.jpg\" alt='' title='alcalde por un d\u00eda An\u00edbal Retamal 5 (1) (1)' height=\"600\" width=\"898\"  itemprop=\"thumbnailUrl\" srcset=\"https:\/\/radiorevelacionfm.cl\/wp-content\/uploads\/2025\/11\/alcalde-por-un-dia-Anibal-Retamal-5-1-1.jpg 898w, https:\/\/radiorevelacionfm.cl\/wp-content\/uploads\/2025\/11\/alcalde-por-un-dia-Anibal-Retamal-5-1-1-300x200.jpg 300w, https:\/\/radiorevelacionfm.cl\/wp-content\/uploads\/2025\/11\/alcalde-por-un-dia-Anibal-Retamal-5-1-1-768x513.jpg 768w, https:\/\/radiorevelacionfm.cl\/wp-content\/uploads\/2025\/11\/alcalde-por-un-dia-Anibal-Retamal-5-1-1-705x471.jpg 705w, https:\/\/radiorevelacionfm.cl\/wp-content\/uploads\/2025\/11\/alcalde-por-un-dia-Anibal-Retamal-5-1-1-450x301.jpg 450w, https:\/\/radiorevelacionfm.cl\/wp-content\/uploads\/2025\/11\/alcalde-por-un-dia-Anibal-Retamal-5-1-1-600x401.jpg 600w\" sizes=\"(max-width: 898px) 100vw, 898px\" \/><\/div><\/div><\/div><\/div><div class=\"flex_column av_one_full  flex_column_div av-zero-column-padding first  avia-builder-el-2  el_after_av_one_full  el_before_av_one_full  column-top-margin\" style='border-radius:0px; '><section class=\"av_textblock_section \"  itemscope=\"itemscope\" itemtype=\"https:\/\/schema.org\/BlogPosting\" itemprop=\"blogPost\" ><div class='avia_textblock  '   itemprop=\"text\" ><h2 style=\"text-align: center;\"><strong><span style=\"font-size: 18pt;\">Municipalidad de Ays\u00e9n desarroll\u00f3 tercera jornada de \u201cAlcalde por un D\u00eda\u201d junto al estudiante An\u00edbal Retamal<\/span><\/strong><\/h2>\n<div id=\"gtx-trans\" style=\"position: absolute; left: -50px; top: 4.31534px;\">\n<div class=\"gtx-trans-icon\"><\/div>\n<\/div>\n<\/div><\/section><\/div><div class=\"flex_column av_one_full  flex_column_div av-zero-column-padding first  avia-builder-el-4  el_after_av_one_full  el_before_av_hr  column-top-margin\" style='border-radius:0px; '><section class=\"av_textblock_section \"  itemscope=\"itemscope\" itemtype=\"https:\/\/schema.org\/BlogPosting\" itemprop=\"blogPost\" ><div class='avia_textblock  '   itemprop=\"text\" ><p style=\"text-align: justify;\">La Municipalidad de Ays\u00e9n llev\u00f3 a cabo una nueva versi\u00f3n de la iniciativa \u201cAlcalde por un D\u00eda\u201d, actividad que busca acercar a ni\u00f1os, ni\u00f1as y adolescentes al funcionamiento municipal, promoviendo su participaci\u00f3n y ofreci\u00e9ndoles una perspectiva directa del trabajo que se realiza para el desarrollo de la comuna.<\/p>\n<p style=\"text-align: justify;\">En esta tercera jornada, correspondiente al mes de noviembre, el protagonista fue An\u00edbal Retamal, estudiante de cuarto medio del Colegio Kalem, quien asumi\u00f3 el desaf\u00edo de desempe\u00f1arse como alcalde durante un d\u00eda completo, compartiendo agenda, reuniones y experiencias junto al equipo municipal.<\/p>\n<p style=\"text-align: justify;\">Desde tempranas horas, An\u00edbal se integr\u00f3 al trabajo diario del municipio, participando en distintas actividades y conociendo de primera mano la labor que se ejecuta en \u00e1reas clave para la comunidad.<\/p>\n<p style=\"text-align: justify;\">Su recorrido comenz\u00f3 en la reuni\u00f3n de directores municipales, en la cual particip\u00f3 en la mesa t\u00e9cnica donde se revisan prioridades, necesidades, gestiones internas y externas del municipio. Despu\u00e9s de aquello, el \u201calcalde\u201d Retamal particip\u00f3 de la actividad familiar llamada \u201cBaby Marat\u00f3n\u201d, oportunidad en la que entreg\u00f3 sus primeras palabras al p\u00fablico en su rol de autoridad.<\/p>\n<p style=\"text-align: justify;\">Luego de ser entrevistado en el espacio radial municipal \u201cSigamos Creciendo\u201d, continu\u00f3 su inspecci\u00f3n en el Vivero Municipal, donde conoci\u00f3 el trabajo que da vida, color y mantenci\u00f3n a los espacios verdes de la comuna. An\u00edbal coment\u00f3 que lo considera una iniciativa \u201chermosa y que sirve para darle color a la regi\u00f3n, ya que es un poco gris\u201d.<\/p>\n<p style=\"text-align: justify;\">La jornada continu\u00f3 con visitas a los proyectos en ejecuci\u00f3n de la construcci\u00f3n de la sede de la agrupaci\u00f3n C\u00edrculo de Hijos y Amigos de Chilo\u00e9 y el mejoramiento de la multicancha del sector El Salto. Finalmente, cerr\u00f3 su mandato simb\u00f3lico con la revisi\u00f3n de proyectos presentados por la Oficina Local de la Ni\u00f1ez.<\/p>\n<p style=\"text-align: justify;\">Al finalizar, el \u201calcalde por un d\u00eda\u201d agradeci\u00f3 la oportunidad y destac\u00f3 la importancia de continuar con esta iniciativa, se\u00f1alando que \u201chay j\u00f3venes que quiz\u00e1s tienen aspiraciones pol\u00edticas m\u00e1s adelante o que sencillamente quieren aprender c\u00f3mo funciona y se mueve la comuna. Y aunque no incursionen en pol\u00edtica, tener el conocimiento por el gusto de saber no solo es importante, es vital\u201d.<\/p>\n<p style=\"text-align: justify;\">La actividad reafirma el compromiso del municipio con la promoci\u00f3n de la participaci\u00f3n juvenil, el fortalecimiento de la ciudadan\u00eda activa desde edades tempranas y la generaci\u00f3n de espacios de aprendizaje c\u00edvico que conecten a las nuevas generaciones con la gesti\u00f3n p\u00fablica.<\/p>\n<p style=\"text-align: justify;\">El alcalde de Ays\u00e9n, Luis Mart\u00ednez, expres\u00f3 que \u201cesta iniciativa ya se convirti\u00f3 en un sello de nuestra administraci\u00f3n; esperamos continuar con ella para que los j\u00f3venes puedan comprender de manera sencilla el gran trabajo que se realiza en la municipalidad\u201d. Debido al inicio de la temporada estival, se espera retomar esta actividad de educaci\u00f3n c\u00edvica en el mes de marzo.<\/p>\n<\/div><\/section><\/div><div  style='height:50px' class='hr hr-invisible   avia-builder-el-6  el_after_av_one_full  el_before_av_social_share '><span class='hr-inner ' ><span class='hr-inner-style'><\/span><\/span><\/div><\/p>\n<div  class='av-social-sharing-box  avia-builder-el-7  el_after_av_hr  el_before_av_hr  '><div class='av-share-box'><h5 class='av-share-link-description av-no-toc '>Compartir esta noticia<\/h5><ul class='av-share-box-list noLightbox'><li class='av-share-link av-social-link-facebook' ><a target=\"_blank\" aria-label=\"Compartir en Facebook\" href='https:\/\/www.facebook.com\/sharer.php?u=https:\/\/radiorevelacionfm.cl\/?p=61557&#038;t=Municipalidad%20de%20Ays%C3%A9n%20desarroll%C3%B3%20tercera%20jornada%20de%20%E2%80%9CAlcalde%20por%20un%20D%C3%ADa%E2%80%9D%20junto%20al%20estudiante%20An%C3%ADbal%20Retamal' aria-hidden='false' data-av_icon='\ue8f3' data-av_iconfont='entypo-fontello' title='' data-avia-related-tooltip='Compartir en Facebook' rel=\"noopener\"><span class='avia_hidden_link_text'>Compartir en Facebook<\/span><\/a><\/li><li class='av-share-link av-social-link-twitter' ><a target=\"_blank\" aria-label=\"Compartir en Twitter\" href='https:\/\/twitter.com\/share?text=Municipalidad%20de%20Ays%C3%A9n%20desarroll%C3%B3%20tercera%20jornada%20de%20%E2%80%9CAlcalde%20por%20un%20D%C3%ADa%E2%80%9D%20junto%20al%20estudiante%20An%C3%ADbal%20Retamal&#038;url=https:\/\/radiorevelacionfm.cl\/?p=61557' aria-hidden='false' data-av_icon='\ue8f1' data-av_iconfont='entypo-fontello' title='' data-avia-related-tooltip='Compartir en Twitter' rel=\"noopener\"><span class='avia_hidden_link_text'>Compartir en Twitter<\/span><\/a><\/li><li class='av-share-link av-social-link-whatsapp' ><a target=\"_blank\" aria-label=\"Compartir en Whatsapp\" href='https:\/\/api.whatsapp.com\/send?text=https:\/\/radiorevelacionfm.cl\/?p=61557' aria-hidden='false' data-av_icon='\uf232' data-av_iconfont='entypo-fontello' title='' data-avia-related-tooltip='Compartir en Whatsapp' rel=\"noopener\"><span class='avia_hidden_link_text'>Compartir en Whatsapp<\/span><\/a><\/li><li class='av-share-link av-social-link-linkedin' ><a target=\"_blank\" aria-label=\"Compartir en LinkedIn\" href='https:\/\/linkedin.com\/shareArticle?mini=true&#038;title=Municipalidad%20de%20Ays%C3%A9n%20desarroll%C3%B3%20tercera%20jornada%20de%20%E2%80%9CAlcalde%20por%20un%20D%C3%ADa%E2%80%9D%20junto%20al%20estudiante%20An%C3%ADbal%20Retamal&#038;url=https:\/\/radiorevelacionfm.cl\/?p=61557' aria-hidden='false' data-av_icon='\ue8fc' data-av_iconfont='entypo-fontello' title='' data-avia-related-tooltip='Compartir en LinkedIn' rel=\"noopener\"><span class='avia_hidden_link_text'>Compartir en LinkedIn<\/span><\/a><\/li><li class='av-share-link av-social-link-mail' ><a  aria-label=\"Compartir por correo\" href='mailto:?subject=Municipalidad%20de%20Ays%C3%A9n%20desarroll%C3%B3%20tercera%20jornada%20de%20%E2%80%9CAlcalde%20por%20un%20D%C3%ADa%E2%80%9D%20junto%20al%20estudiante%20An%C3%ADbal%20Retamal&#038;body=https:\/\/radiorevelacionfm.cl\/?p=61557' aria-hidden='false' data-av_icon='\ue805' data-av_iconfont='entypo-fontello' title='' data-avia-related-tooltip='Compartir por correo'><span class='avia_hidden_link_text'>Compartir por correo<\/span><\/a><\/li><\/ul><\/div><\/div>\n<div  style='height:50px' class='hr hr-invisible   avia-builder-el-8  el_after_av_social_share  el_before_av_comments_list '><span class='hr-inner ' ><span class='hr-inner-style'><\/span><\/span><\/div>\n<div  class='av-buildercomment  av-blog-meta-html-info-disabled av-blog-meta-tag-disabled  '><\/div>\n","protected":false},"excerpt":{"rendered":"","protected":false},"author":1,"featured_media":61558,"comment_status":"closed","ping_status":"closed","sticky":false,"template":"","format":"standard","meta":{"footnotes":""},"categories":[38],"tags":[],"class_list":["post-61557","post","type-post","status-publish","format-standard","has-post-thumbnail","hentry","category-regional"],"jetpack_featured_media_url":"https:\/\/radiorevelacionfm.cl\/wp-content\/uploads\/2025\/11\/alcalde-por-un-dia-Anibal-Retamal-5-1-1.jpg","_links":{"self":[{"href":"https:\/\/radiorevelacionfm.cl\/index.php?rest_route=\/wp\/v2\/posts\/61557","targetHints":{"allow":["GET"]}}],"collection":[{"href":"https:\/\/radiorevelacionfm.cl\/index.php?rest_route=\/wp\/v2\/posts"}],"about":[{"href":"https:\/\/radiorevelacionfm.cl\/index.php?rest_route=\/wp\/v2\/types\/post"}],"author":[{"embeddable":true,"href":"https:\/\/radiorevelacionfm.cl\/index.php?rest_route=\/wp\/v2\/users\/1"}],"replies":[{"embeddable":true,"href":"https:\/\/radiorevelacionfm.cl\/index.php?rest_route=%2Fwp%2Fv2%2Fcomments&post=61557"}],"version-history":[{"count":2,"href":"https:\/\/radiorevelacionfm.cl\/index.php?rest_route=\/wp\/v2\/posts\/61557\/revisions"}],"predecessor-version":[{"id":61574,"href":"https:\/\/radiorevelacionfm.cl\/index.php?rest_route=\/wp\/v2\/posts\/61557\/revisions\/61574"}],"wp:featuredmedia":[{"embeddable":true,"href":"https:\/\/radiorevelacionfm.cl\/index.php?rest_route=\/wp\/v2\/media\/61558"}],"wp:attachment":[{"href":"https:\/\/radiorevelacionfm.cl\/index.php?rest_route=%2Fwp%2Fv2%2Fmedia&parent=61557"}],"wp:term":[{"taxonomy":"category","embeddable":true,"href":"https:\/\/radiorevelacionfm.cl\/index.php?rest_route=%2Fwp%2Fv2%2Fcategories&post=61557"},{"taxonomy":"post_tag","embeddable":true,"href":"https:\/\/radiorevelacionfm.cl\/index.php?rest_route=%2Fwp%2Fv2%2Ftags&post=61557"}],"curies":[{"name":"wp","href":"https:\/\/api.w.org\/{rel}","templated":true}]}}