{"id":61554,"date":"2025-11-19T18:57:39","date_gmt":"2025-11-19T21:57:39","guid":{"rendered":"https:\/\/radiorevelacionfm.cl\/?p=61554"},"modified":"2025-11-19T18:57:39","modified_gmt":"2025-11-19T21:57:39","slug":"proyecto-de-reposicion-de-la-escuela-diferencial-espana-obtiene-autorizacion-rate-rs-y-avanza-a-etapa-de-ejecucion","status":"publish","type":"post","link":"https:\/\/radiorevelacionfm.cl\/?p=61554","title":{"rendered":"Proyecto de reposici\u00f3n de la Escuela Diferencial Espa\u00f1a obtiene autorizaci\u00f3n RATE  RS y avanza a etapa de ejecuci\u00f3n"},"content":{"rendered":"<div class=\"flex_column av_one_full  flex_column_div av-zero-column-padding first  avia-builder-el-0  el_before_av_one_full  avia-builder-el-first  \" style='border-radius:0px; '><div  class='avia-image-container  av-styling-    avia-builder-el-1  avia-builder-el-no-sibling  avia-align-center '  itemprop=\"image\" itemscope=\"itemscope\" itemtype=\"https:\/\/schema.org\/ImageObject\"  ><div class='avia-image-container-inner'><div class='avia-image-overlay-wrap'><img decoding=\"async\" class='wp-image-61555 avia-img-lazy-loading-not-61555 avia_image' src=\"https:\/\/radiorevelacionfm.cl\/wp-content\/uploads\/2025\/11\/Escuela-Espana-Coyhaique-1-1.jpeg\" alt='' title='Escuela Espa\u00f1a Coyhaique (1) (1)' height=\"600\" width=\"800\"  itemprop=\"thumbnailUrl\" srcset=\"https:\/\/radiorevelacionfm.cl\/wp-content\/uploads\/2025\/11\/Escuela-Espana-Coyhaique-1-1.jpeg 800w, https:\/\/radiorevelacionfm.cl\/wp-content\/uploads\/2025\/11\/Escuela-Espana-Coyhaique-1-1-300x225.jpeg 300w, https:\/\/radiorevelacionfm.cl\/wp-content\/uploads\/2025\/11\/Escuela-Espana-Coyhaique-1-1-768x576.jpeg 768w, https:\/\/radiorevelacionfm.cl\/wp-content\/uploads\/2025\/11\/Escuela-Espana-Coyhaique-1-1-705x529.jpeg 705w, https:\/\/radiorevelacionfm.cl\/wp-content\/uploads\/2025\/11\/Escuela-Espana-Coyhaique-1-1-450x338.jpeg 450w, https:\/\/radiorevelacionfm.cl\/wp-content\/uploads\/2025\/11\/Escuela-Espana-Coyhaique-1-1-600x450.jpeg 600w\" sizes=\"(max-width: 800px) 100vw, 800px\" \/><\/div><\/div><\/div><\/div><div class=\"flex_column av_one_full  flex_column_div av-zero-column-padding first  avia-builder-el-2  el_after_av_one_full  el_before_av_one_full  column-top-margin\" style='border-radius:0px; '><section class=\"av_textblock_section \"  itemscope=\"itemscope\" itemtype=\"https:\/\/schema.org\/BlogPosting\" itemprop=\"blogPost\" ><div class='avia_textblock  '   itemprop=\"text\" ><p style=\"text-align: center;\"><span style=\"font-size: 18pt;\"><b>Proyecto de reposici\u00f3n de la Escuela Diferencial Espa\u00f1a obtiene autorizaci\u00f3n RATE\u00a0 RS y avanza a etapa de ejecuci\u00f3n<\/b><\/span><\/p>\n<div id=\"gtx-trans\" style=\"position: absolute; left: -50px; top: 4.31534px;\">\n<div class=\"gtx-trans-icon\"><\/div>\n<\/div>\n<\/div><\/section><\/div><div class=\"flex_column av_one_full  flex_column_div av-zero-column-padding first  avia-builder-el-4  el_after_av_one_full  el_before_av_hr  column-top-margin\" style='border-radius:0px; '><section class=\"av_textblock_section \"  itemscope=\"itemscope\" itemtype=\"https:\/\/schema.org\/BlogPosting\" itemprop=\"blogPost\" ><div class='avia_textblock  '   itemprop=\"text\" ><p style=\"font-weight: 400; text-align: justify;\">La Secretaria Regional Ministerial de Educaci\u00f3n de Ays\u00e9n Katherine Miqueles Hern\u00e1ndez inform\u00f3 que la iniciativa de inversi\u00f3n: \u201cReposici\u00f3n Escuela Diferencial Espa\u00f1a de Coyhaique\u201d ha obtenido la autorizaci\u00f3n tras el Resultado An\u00e1lisis T\u00e9cnico Econ\u00f3mico RATE de la Recomendaci\u00f3n Satisfactoria o favorable, avanzando oficialmente hacia la etapa de ejecuci\u00f3n durante el a\u00f1o 2026.<\/p>\n<p style=\"font-weight: 400; text-align: justify;\">Ahora el proyecto inicia una actualizaci\u00f3n normativa y t\u00e9cnica que permitir\u00e1 en el mediano plazo licitar su construcci\u00f3n. Esta segunda aprobaci\u00f3n constituye un hito relevante para la regi\u00f3n, ya que garantiza que el proyecto cumple con los requisitos t\u00e9cnicos, sociales y econ\u00f3micos establecidos por el Sistema Nacional de Inversiones, permitiendo su continuidad y posterior materializaci\u00f3n.<\/p>\n<p style=\"font-weight: 400; text-align: justify;\">La Escuela Diferencial Espa\u00f1a es un establecimiento emblem\u00e1tico para la atenci\u00f3n de estudiantes con necesidades educativas especiales en Coyhaique y en toda la regi\u00f3n. Su reposici\u00f3n responde a una demanda hist\u00f3rica de la comunidad educativa por contar con espacios modernos, seguros, accesibles y adecuados para el desarrollo integral de ni\u00f1as, ni\u00f1os y j\u00f3venes e implica una inversi\u00f3n de 21.757 millones de pesos recursos que ser\u00e1n aportados por el Ministerio de Educaci\u00f3n y el Gobierno Regional de Ays\u00e9n.<\/p>\n<p style=\"font-weight: 400; text-align: justify;\">En este contexto, el delegado presidencial Regional Jorge D\u00edaz Guzm\u00e1n valor\u00f3 positivamente este avance:<\/p>\n<p style=\"font-weight: 400; text-align: justify;\">\u201cQueremos compartir con la comunidad nuestra alegr\u00eda por los ni\u00f1os y ni\u00f1as de la escuela Espa\u00f1a y tambi\u00e9n por sus familias. Porque definitivamente tenemos la Recomendaci\u00f3n Satisfactoria lo que permite el financiamiento, la ejecuci\u00f3n y la puesta en marcha de la reposici\u00f3n de este establecimiento educacional que es tan importante y simb\u00f3lico para nuestra comunidad regional. Estamos muy contentos por este RS como se denomina que significa que estos m\u00e1s de 21 mil millones de pesos van a ser financiados sectorialmente y por el Fondo Nacional de Desarrollo Regional con la aprobaci\u00f3n de las y los consejeros regionales de Ays\u00e9n. As\u00ed entonces nos encontramos en la etapa final para la concreci\u00f3n de este anhelado y emblem\u00e1tico proyecto de infraestructura educacional\u201d.<\/p>\n<p style=\"font-weight: 400; text-align: justify;\">En esa misma l\u00ednea, la Seremi de Educaci\u00f3n de la Regi\u00f3n de Ays\u00e9n, Katherine Miqueles Hern\u00e1ndez, destac\u00f3 la importancia del avance del proyecto para la educaci\u00f3n p\u00fablica regional:<\/p>\n<p style=\"font-weight: 400; text-align: justify;\">\u201cComo Ministerio de Educaci\u00f3n y como SEREMI de la Regi\u00f3n de Ays\u00e9n estamos muy contentos con esta noticia de la aprobaci\u00f3n del RATE RS para la iniciativa Reposici\u00f3n de la Escuela Diferencial Espa\u00f1a de Coyhaique, principalmente porque es un hito significativo para nuestra educaci\u00f3n p\u00fablica y, especialmente, para una comunidad educativa que por a\u00f1os ha esperado contar con un escuela confortable, c\u00f3moda, accesible y que responda a las necesidades educativas de sus ni\u00f1as y ni\u00f1os. Nuestro Gobierno reafirma el compromiso con garantizar mejores condiciones de aprendizaje, equidad territorial y una educaci\u00f3n p\u00fablica de calidad para todas y todos en la Regi\u00f3n de Ays\u00e9n\u201d.<\/p>\n<p style=\"font-weight: 400; text-align: justify;\">Katherine Miqueles tambi\u00e9n destac\u00f3 el rol del Servicio Local de Educaci\u00f3n P\u00fablica Ays\u00e9n, particularmente por su trabajo t\u00e9cnico que ha impactado positivamente en resolver nudos cr\u00edticos en el territorio como es la caso de la infraestructura de las escuelas Espa\u00f1a de Coyhaique y la Escuela Despertar de Puerto Ays\u00e9n.<\/p>\n<p style=\"font-weight: 400; text-align: justify;\">Desde la comunidad de la Escuela Espa\u00f1a expresaron su alegr\u00eda por este avance en el anhelado proyecto de reposici\u00f3n del establecimiento. Su directora Macarena Gonz\u00e1lez manifest\u00f3: \u201dComo comunidad educativa estamos felices despu\u00e9s de tanto tiempo y tanta lucha tener esta maravillosa noticia de que avanzamos a paso firme hacia la construcci\u00f3n de la nueva escuela, porque si bien es cierto donde estamos ahora es un lugar maravilloso, no hay como la casa propia y yo creo que es eso lo que la comunidad necesita y quiere, su casa propia\u201d.<\/p>\n<p style=\"font-weight: 400; text-align: justify;\">Carolina Jara presidenta del Centro General de Padres y Apoderados expres\u00f3: \u201cRecibimos con mucha alegr\u00eda esta noticia porque significa que el presupuesto para la construcci\u00f3n de nuestra escuela est\u00e1 aprobado, proyecto que hemos esperado por muchos a\u00f1os y por fin se logra concretar y ya con esta informaci\u00f3n y correo que recibimos ayer que nos se\u00f1ala que est\u00e1 el aprobado el presupuesto completo para comenzar la construcci\u00f3n el pr\u00f3ximo a\u00f1o y de ah\u00ed a esperar 2 o 3 a\u00f1os la construcci\u00f3n. Esta es una noticia muy buena que est\u00e1bamos esperando como comunidad despu\u00e9s de muchos a\u00f1os de trabajo con el Slep Ays\u00e9n, con la seremi de Educaci\u00f3n, el apoyo del Gobierno Regional , de la seremi de Desarrollo Social y Familia se ha logrado sacar este proyecto adelante, entre todas las instituciones y por eso estamos muy contentos con esta noticia\u201d.<\/p>\n<p style=\"font-weight: 400; text-align: justify;\">Constanza Godoy, integrante del Centro General de Alumnos de la Escuela Espa\u00f1a dijo: \u201dMe siento feliz porque con mis compa\u00f1eros queremos estar en nuestra escuela nueva y estamos esperando con ansias el nuevo colegio\u201d.<\/p>\n<\/div><\/section><\/div><div  style='height:50px' class='hr hr-invisible   avia-builder-el-6  el_after_av_one_full  el_before_av_social_share '><span class='hr-inner ' ><span class='hr-inner-style'><\/span><\/span><\/div><\/p>\n<div  class='av-social-sharing-box  avia-builder-el-7  el_after_av_hr  el_before_av_hr  '><div class='av-share-box'><h5 class='av-share-link-description av-no-toc '>Compartir esta noticia<\/h5><ul class='av-share-box-list noLightbox'><li class='av-share-link av-social-link-facebook' ><a target=\"_blank\" aria-label=\"Compartir en Facebook\" href='https:\/\/www.facebook.com\/sharer.php?u=https:\/\/radiorevelacionfm.cl\/?p=61554&#038;t=Proyecto%20de%20reposici%C3%B3n%20de%20la%20Escuela%20Diferencial%20Espa%C3%B1a%20obtiene%20autorizaci%C3%B3n%20RATE%20%20RS%20y%20avanza%20a%20etapa%20de%20ejecuci%C3%B3n' aria-hidden='false' data-av_icon='\ue8f3' data-av_iconfont='entypo-fontello' title='' data-avia-related-tooltip='Compartir en Facebook' rel=\"noopener\"><span class='avia_hidden_link_text'>Compartir en Facebook<\/span><\/a><\/li><li class='av-share-link av-social-link-twitter' ><a target=\"_blank\" aria-label=\"Compartir en Twitter\" href='https:\/\/twitter.com\/share?text=Proyecto%20de%20reposici%C3%B3n%20de%20la%20Escuela%20Diferencial%20Espa%C3%B1a%20obtiene%20autorizaci%C3%B3n%20RATE%20%20RS%20y%20avanza%20a%20etapa%20de%20ejecuci%C3%B3n&#038;url=https:\/\/radiorevelacionfm.cl\/?p=61554' aria-hidden='false' data-av_icon='\ue8f1' data-av_iconfont='entypo-fontello' title='' data-avia-related-tooltip='Compartir en Twitter' rel=\"noopener\"><span class='avia_hidden_link_text'>Compartir en Twitter<\/span><\/a><\/li><li class='av-share-link av-social-link-whatsapp' ><a target=\"_blank\" aria-label=\"Compartir en Whatsapp\" href='https:\/\/api.whatsapp.com\/send?text=https:\/\/radiorevelacionfm.cl\/?p=61554' aria-hidden='false' data-av_icon='\uf232' data-av_iconfont='entypo-fontello' title='' data-avia-related-tooltip='Compartir en Whatsapp' rel=\"noopener\"><span class='avia_hidden_link_text'>Compartir en Whatsapp<\/span><\/a><\/li><li class='av-share-link av-social-link-linkedin' ><a target=\"_blank\" aria-label=\"Compartir en LinkedIn\" href='https:\/\/linkedin.com\/shareArticle?mini=true&#038;title=Proyecto%20de%20reposici%C3%B3n%20de%20la%20Escuela%20Diferencial%20Espa%C3%B1a%20obtiene%20autorizaci%C3%B3n%20RATE%20%20RS%20y%20avanza%20a%20etapa%20de%20ejecuci%C3%B3n&#038;url=https:\/\/radiorevelacionfm.cl\/?p=61554' aria-hidden='false' data-av_icon='\ue8fc' data-av_iconfont='entypo-fontello' title='' data-avia-related-tooltip='Compartir en LinkedIn' rel=\"noopener\"><span class='avia_hidden_link_text'>Compartir en LinkedIn<\/span><\/a><\/li><li class='av-share-link av-social-link-mail' ><a  aria-label=\"Compartir por correo\" href='mailto:?subject=Proyecto%20de%20reposici%C3%B3n%20de%20la%20Escuela%20Diferencial%20Espa%C3%B1a%20obtiene%20autorizaci%C3%B3n%20RATE%20%20RS%20y%20avanza%20a%20etapa%20de%20ejecuci%C3%B3n&#038;body=https:\/\/radiorevelacionfm.cl\/?p=61554' aria-hidden='false' data-av_icon='\ue805' data-av_iconfont='entypo-fontello' title='' data-avia-related-tooltip='Compartir por correo'><span class='avia_hidden_link_text'>Compartir por correo<\/span><\/a><\/li><\/ul><\/div><\/div>\n<div  style='height:50px' class='hr hr-invisible   avia-builder-el-8  el_after_av_social_share  el_before_av_comments_list '><span class='hr-inner ' ><span class='hr-inner-style'><\/span><\/span><\/div>\n<div  class='av-buildercomment  av-blog-meta-html-info-disabled av-blog-meta-tag-disabled  '><\/div>\n","protected":false},"excerpt":{"rendered":"","protected":false},"author":1,"featured_media":61555,"comment_status":"closed","ping_status":"closed","sticky":false,"template":"","format":"standard","meta":{"footnotes":""},"categories":[49],"tags":[],"class_list":["post-61554","post","type-post","status-publish","format-standard","has-post-thumbnail","hentry","category-educacion"],"jetpack_featured_media_url":"https:\/\/radiorevelacionfm.cl\/wp-content\/uploads\/2025\/11\/Escuela-Espana-Coyhaique-1-1.jpeg","_links":{"self":[{"href":"https:\/\/radiorevelacionfm.cl\/index.php?rest_route=\/wp\/v2\/posts\/61554","targetHints":{"allow":["GET"]}}],"collection":[{"href":"https:\/\/radiorevelacionfm.cl\/index.php?rest_route=\/wp\/v2\/posts"}],"about":[{"href":"https:\/\/radiorevelacionfm.cl\/index.php?rest_route=\/wp\/v2\/types\/post"}],"author":[{"embeddable":true,"href":"https:\/\/radiorevelacionfm.cl\/index.php?rest_route=\/wp\/v2\/users\/1"}],"replies":[{"embeddable":true,"href":"https:\/\/radiorevelacionfm.cl\/index.php?rest_route=%2Fwp%2Fv2%2Fcomments&post=61554"}],"version-history":[{"count":2,"href":"https:\/\/radiorevelacionfm.cl\/index.php?rest_route=\/wp\/v2\/posts\/61554\/revisions"}],"predecessor-version":[{"id":61572,"href":"https:\/\/radiorevelacionfm.cl\/index.php?rest_route=\/wp\/v2\/posts\/61554\/revisions\/61572"}],"wp:featuredmedia":[{"embeddable":true,"href":"https:\/\/radiorevelacionfm.cl\/index.php?rest_route=\/wp\/v2\/media\/61555"}],"wp:attachment":[{"href":"https:\/\/radiorevelacionfm.cl\/index.php?rest_route=%2Fwp%2Fv2%2Fmedia&parent=61554"}],"wp:term":[{"taxonomy":"category","embeddable":true,"href":"https:\/\/radiorevelacionfm.cl\/index.php?rest_route=%2Fwp%2Fv2%2Fcategories&post=61554"},{"taxonomy":"post_tag","embeddable":true,"href":"https:\/\/radiorevelacionfm.cl\/index.php?rest_route=%2Fwp%2Fv2%2Ftags&post=61554"}],"curies":[{"name":"wp","href":"https:\/\/api.w.org\/{rel}","templated":true}]}}