{"id":6155,"date":"2021-07-11T16:57:03","date_gmt":"2021-07-11T19:57:03","guid":{"rendered":"https:\/\/radiorevelacionfm.cl\/?p=6155"},"modified":"2021-07-11T16:57:03","modified_gmt":"2021-07-11T19:57:03","slug":"colegios-de-aysen-podran-funcionar-con-clases-presenciales-en-fase-de-cuarentena-con-nueva-actualizacion-del-plan-paso-a-paso","status":"publish","type":"post","link":"https:\/\/radiorevelacionfm.cl\/?p=6155","title":{"rendered":"Colegios de Ays\u00e9n podr\u00e1n funcionar con clases presenciales en fase de cuarentena con nueva actualizaci\u00f3n del plan Paso a Paso"},"content":{"rendered":"<div class=\"flex_column av_one_full  flex_column_div av-zero-column-padding first  avia-builder-el-0  el_before_av_one_full  avia-builder-el-first  \" style='border-radius:0px; '><div  class='avia-image-container  av-styling-    avia-builder-el-1  avia-builder-el-no-sibling  avia-align-center '  itemprop=\"image\" itemscope=\"itemscope\" itemtype=\"https:\/\/schema.org\/ImageObject\"  ><div class='avia-image-container-inner'><div class='avia-image-overlay-wrap'><img decoding=\"async\" class='wp-image-0 avia-img-lazy-loading-not-0 avia_image' src=\"https:\/\/radiorevelacionfm.cl\/wp-content\/uploads\/2021\/07\/liceo-San-Felipe-2-1-1.jpg\" alt='' title=''   itemprop=\"thumbnailUrl\"  \/><\/div><\/div><\/div><\/div><div class=\"flex_column av_one_full  flex_column_div av-zero-column-padding first  avia-builder-el-2  el_after_av_one_full  el_before_av_one_full  column-top-margin\" style='border-radius:0px; '><section class=\"av_textblock_section \"  itemscope=\"itemscope\" itemtype=\"https:\/\/schema.org\/BlogPosting\" itemprop=\"blogPost\" ><div class='avia_textblock  '   itemprop=\"text\" ><p style=\"text-align: center;\"><strong><span style=\"font-size: 18pt;\">Colegios de Ays\u00e9n podr\u00e1n funcionar con clases presenciales en fase de cuarentena con nueva actualizaci\u00f3n del plan Paso a Paso<\/span><\/strong><\/p>\n<div id=\"gtx-trans\" style=\"position: absolute; left: -50px; top: 4.31534px;\">\n<div class=\"gtx-trans-icon\"><\/div>\n<\/div>\n<\/div><\/section><\/div><div class=\"flex_column av_one_full  flex_column_div av-zero-column-padding first  avia-builder-el-4  el_after_av_one_full  el_before_av_hr  column-top-margin\" style='border-radius:0px; '><section class=\"av_textblock_section \"  itemscope=\"itemscope\" itemtype=\"https:\/\/schema.org\/BlogPosting\" itemprop=\"blogPost\" ><div class='avia_textblock  '   itemprop=\"text\" ><p class=\"v1MsoNormal\" style=\"text-align: justify;\">Hasta el Liceo San Felipe Benicio de Coyhaique concurrieron el viernes la Intendente Margarita Ossa Rojas, el Seremi de Educaci\u00f3n Sergio Becerra Mera y la Seremi de Salud Alejandra Valdebenito Torres para informar sobre la \u00a0actualizaci\u00f3n del plan Paso a Paso en Educaci\u00f3n, en la\u00a0 que las clases presenciales son consideradas una actividad esencial.<\/p>\n<p class=\"v1MsoNormal\" style=\"text-align: justify;\">Tras un breve recorrido por las instalaciones del plantel, junto a su Rector Roberto Poblete Barros, las autoridades regionales detallaron la nueva modalidad de funcionamientos educacionales en contexto de pandemia.<\/p>\n<p class=\"v1MsoNormal\" style=\"text-align: justify;\">De acuerdo a la actualizaci\u00f3n del Plan Paso a Paso en Cuarentena la asistencia ser\u00e1 voluntaria, y la apertura de establecimientos estar\u00e1 permitida de lunes a viernes con autorizaci\u00f3n del Mineduc, autorizaci\u00f3n que no se requiere si ya contaba con esta en Transici\u00f3n. En transici\u00f3n la asistencia tambi\u00e9n ser\u00e1 voluntaria y la apertura se permite de lunes a viernes. Mientras en Preparaci\u00f3n y Apertura, la asistencia es voluntaria y la apertura se permite todos los d\u00edas. Todo lo anterior ocurrir\u00e1 siguiendo los protocolos establecidos por el Ministerio de Educaci\u00f3n y el Ministerio de Salud<\/p>\n<p class=\"v1MsoNormal\" style=\"text-align: justify;\">\u00abNecesitamos darle acceso a los ni\u00f1os, ni\u00f1as y j\u00f3venes acceso a una educaci\u00f3n presencial de forma voluntaria a sus establecimientos. Es una meta que nos hab\u00edamos fijado como gobierno de llegar al 80 por ciento de vacunaci\u00f3n del grupo objetivo, la hemos alcanzado, como regi\u00f3n estamos muy bien en eso. Sin embargo, tenemos un gran desaf\u00edo por delante, esto no significa en ning\u00fan caso relajar nuestras conductas. Ac\u00e1 los esfuerzos se redoblan porque para tener mayor libertad debemos actuar con mayor responsabilidad\u00bb, afirm\u00f3 la Intendente Margarita Ossa.<\/p>\n<p class=\"v1MsoNormal\" style=\"text-align: justify;\">Por su parte, el Seremi Sergio Becerra destac\u00f3 que durante los 16 meses de pandemia la regi\u00f3n de Ays\u00e9n ha hecho un gran esfuerzo en el \u00e1mbito educativo que se ha traducido en un porcentaje superior al 96 por ciento de clases presenciales en colegios y jardines infantiles durante este periodo, la m\u00e1s alta del pa\u00eds.<\/p>\n<p class=\"v1MsoNormal\" style=\"text-align: justify;\">\u00abEllo ha sido posible por el esfuerzo de los sostenedores de colegios, directores, docentes y por supuesto por el compromiso y convicci\u00f3n de las familias. Por ello es muy importante que de aqu\u00ed en adelante los colegios podr\u00e1n atender incluso en fase de cuarentena\u00bb.<\/p>\n<p class=\"v1MsoNormal\" style=\"text-align: justify;\">\u00abCreemos que los colegios son los lugares m\u00e1s seguros para los estudiantes porque all\u00ed se adoptan las medidas de resguardo y hay mucho compromiso de los profesores y asistentes de la educaci\u00f3n. Las clases presenciales en los colegios y jardines infantiles son una prioridad para las familias\u00bb, expres\u00f3 el Seremi.<\/p>\n<p class=\"v1MsoNormal\" style=\"text-align: justify;\">Sergio Becerra inform\u00f3 adem\u00e1s que el Ministerio de Educaci\u00f3n \u00a0dispondr\u00e1 de $25 mil millones de pesos de recursos adicionales para que los establecimientos p\u00fablicos y subvencionados del pa\u00eds preparen\u00a0el inicio\u00a0del segundo semestre.<\/p>\n<p class=\"v1MsoNormal\" style=\"text-align: justify;\">En tanto, la Seremi de Salud Alejandra Valdebenito coment\u00f3 que se continuar\u00e1 avanzando en la vacunaci\u00f3n ni\u00f1os, ni\u00f1as, adolescentes y j\u00f3venes y tambi\u00e9n a los profesores y trabajadores de la educaci\u00f3n. Necesitamos que todos los actores educativos est\u00e9n inmunizados. Adem\u00e1s continuaremos con las estrategias de testeos r\u00e1pidos en establecimientos educacionales de modo de ir detectando posibles casos, y as\u00ed evitar brotes masivos. De esta forma, generamos las condiciones de seguridad sanitaria para que las familias decidan libremente enviar a sus hijos a clases.<\/p>\n<p class=\"v1MsoNormal\" style=\"text-align: justify;\">Sobre este nuevo escenario, Roberto Poblete, Rector del Liceo San Felipe expres\u00f3: \u00abNosotros en el primer semestre de este a\u00f1o tuvimos la experiencia de las clases presenciales. (&#8230;) Yo dir\u00eda que la experiencia fue bastante positiva y una muy buena de parte de los alumnos en cuanto a venir al colegio y cumplir las normas sanitarias y tambi\u00e9n la colaboraci\u00f3n de las familias. Particularmente valoro la actitud del personal del colegio: nuestros docentes, y asistentes de la educaci\u00f3n, hay mucho compromiso en esta circunstancia tan compleja de la pandemia. Por ello a la vuelta de las vacaciones de invierno, volveremos con la misma estrategia de presencialidad porque nuestros alumnos esperan que est\u00e9 abierto el colegio, no solamente por \u00a0los contenidos sino por el \u00e1rea socioemocional, la vida diaria en el colegio, con todas las restricciones. Esperamos reencontrarnos con nuestros alumnos y familias\u00bb.<\/p>\n<\/div><\/section><\/div><div  style='height:50px' class='hr hr-invisible   avia-builder-el-6  el_after_av_one_full  el_before_av_social_share '><span class='hr-inner ' ><span class='hr-inner-style'><\/span><\/span><\/div><\/p>\n<div  class='av-social-sharing-box  avia-builder-el-7  el_after_av_hr  el_before_av_hr  '><div class='av-share-box'><h5 class='av-share-link-description av-no-toc '>Compartir esta noticia<\/h5><ul class='av-share-box-list noLightbox'><li class='av-share-link av-social-link-facebook' ><a target=\"_blank\" aria-label=\"Compartir en Facebook\" href='https:\/\/www.facebook.com\/sharer.php?u=https:\/\/radiorevelacionfm.cl\/?p=6155&#038;t=Colegios%20de%20Ays%C3%A9n%20podr%C3%A1n%20funcionar%20con%20clases%20presenciales%20en%20fase%20de%20cuarentena%20con%20nueva%20actualizaci%C3%B3n%20del%20plan%20Paso%20a%20Paso' aria-hidden='false' data-av_icon='\ue8f3' data-av_iconfont='entypo-fontello' title='' data-avia-related-tooltip='Compartir en Facebook' rel=\"noopener\"><span class='avia_hidden_link_text'>Compartir en Facebook<\/span><\/a><\/li><li class='av-share-link av-social-link-twitter' ><a target=\"_blank\" aria-label=\"Compartir en Twitter\" href='https:\/\/twitter.com\/share?text=Colegios%20de%20Ays%C3%A9n%20podr%C3%A1n%20funcionar%20con%20clases%20presenciales%20en%20fase%20de%20cuarentena%20con%20nueva%20actualizaci%C3%B3n%20del%20plan%20Paso%20a%20Paso&#038;url=https:\/\/radiorevelacionfm.cl\/?p=6155' aria-hidden='false' data-av_icon='\ue8f1' data-av_iconfont='entypo-fontello' title='' data-avia-related-tooltip='Compartir en Twitter' rel=\"noopener\"><span class='avia_hidden_link_text'>Compartir en Twitter<\/span><\/a><\/li><li class='av-share-link av-social-link-whatsapp' ><a target=\"_blank\" aria-label=\"Compartir en Whatsapp\" href='https:\/\/api.whatsapp.com\/send?text=https:\/\/radiorevelacionfm.cl\/?p=6155' aria-hidden='false' data-av_icon='\uf232' data-av_iconfont='entypo-fontello' title='' data-avia-related-tooltip='Compartir en Whatsapp' rel=\"noopener\"><span class='avia_hidden_link_text'>Compartir en Whatsapp<\/span><\/a><\/li><li class='av-share-link av-social-link-linkedin' ><a target=\"_blank\" aria-label=\"Compartir en LinkedIn\" href='https:\/\/linkedin.com\/shareArticle?mini=true&#038;title=Colegios%20de%20Ays%C3%A9n%20podr%C3%A1n%20funcionar%20con%20clases%20presenciales%20en%20fase%20de%20cuarentena%20con%20nueva%20actualizaci%C3%B3n%20del%20plan%20Paso%20a%20Paso&#038;url=https:\/\/radiorevelacionfm.cl\/?p=6155' aria-hidden='false' data-av_icon='\ue8fc' data-av_iconfont='entypo-fontello' title='' data-avia-related-tooltip='Compartir en LinkedIn' rel=\"noopener\"><span class='avia_hidden_link_text'>Compartir en LinkedIn<\/span><\/a><\/li><li class='av-share-link av-social-link-mail' ><a  aria-label=\"Compartir por correo\" href='mailto:?subject=Colegios%20de%20Ays%C3%A9n%20podr%C3%A1n%20funcionar%20con%20clases%20presenciales%20en%20fase%20de%20cuarentena%20con%20nueva%20actualizaci%C3%B3n%20del%20plan%20Paso%20a%20Paso&#038;body=https:\/\/radiorevelacionfm.cl\/?p=6155' aria-hidden='false' data-av_icon='\ue805' data-av_iconfont='entypo-fontello' title='' data-avia-related-tooltip='Compartir por correo'><span class='avia_hidden_link_text'>Compartir por correo<\/span><\/a><\/li><\/ul><\/div><\/div>\n<div  style='height:50px' class='hr hr-invisible   avia-builder-el-8  el_after_av_social_share  el_before_av_comments_list '><span class='hr-inner ' ><span class='hr-inner-style'><\/span><\/span><\/div>\n<div  class='av-buildercomment  av-blog-meta-html-info-disabled av-blog-meta-tag-disabled  '><\/div>\n","protected":false},"excerpt":{"rendered":"","protected":false},"author":1,"featured_media":0,"comment_status":"open","ping_status":"open","sticky":false,"template":"","format":"standard","meta":{"footnotes":""},"categories":[49],"tags":[],"class_list":["post-6155","post","type-post","status-publish","format-standard","hentry","category-educacion"],"jetpack_featured_media_url":"","_links":{"self":[{"href":"https:\/\/radiorevelacionfm.cl\/index.php?rest_route=\/wp\/v2\/posts\/6155","targetHints":{"allow":["GET"]}}],"collection":[{"href":"https:\/\/radiorevelacionfm.cl\/index.php?rest_route=\/wp\/v2\/posts"}],"about":[{"href":"https:\/\/radiorevelacionfm.cl\/index.php?rest_route=\/wp\/v2\/types\/post"}],"author":[{"embeddable":true,"href":"https:\/\/radiorevelacionfm.cl\/index.php?rest_route=\/wp\/v2\/users\/1"}],"replies":[{"embeddable":true,"href":"https:\/\/radiorevelacionfm.cl\/index.php?rest_route=%2Fwp%2Fv2%2Fcomments&post=6155"}],"version-history":[{"count":1,"href":"https:\/\/radiorevelacionfm.cl\/index.php?rest_route=\/wp\/v2\/posts\/6155\/revisions"}],"predecessor-version":[{"id":6157,"href":"https:\/\/radiorevelacionfm.cl\/index.php?rest_route=\/wp\/v2\/posts\/6155\/revisions\/6157"}],"wp:attachment":[{"href":"https:\/\/radiorevelacionfm.cl\/index.php?rest_route=%2Fwp%2Fv2%2Fmedia&parent=6155"}],"wp:term":[{"taxonomy":"category","embeddable":true,"href":"https:\/\/radiorevelacionfm.cl\/index.php?rest_route=%2Fwp%2Fv2%2Fcategories&post=6155"},{"taxonomy":"post_tag","embeddable":true,"href":"https:\/\/radiorevelacionfm.cl\/index.php?rest_route=%2Fwp%2Fv2%2Ftags&post=6155"}],"curies":[{"name":"wp","href":"https:\/\/api.w.org\/{rel}","templated":true}]}}