{"id":61547,"date":"2025-11-19T17:06:39","date_gmt":"2025-11-19T20:06:39","guid":{"rendered":"https:\/\/radiorevelacionfm.cl\/?p=61547"},"modified":"2025-11-20T19:36:44","modified_gmt":"2025-11-20T22:36:44","slug":"edelaysen-se-suma-a-red-empresas-de-chile-cuida-en-la-region-de-aysen","status":"publish","type":"post","link":"https:\/\/radiorevelacionfm.cl\/?p=61547","title":{"rendered":"Edelays\u00e9n se suma a red empresas de Chile cuida en la regi\u00f3n de Ays\u00e9n"},"content":{"rendered":"<div class=\"flex_column av_one_full  flex_column_div av-zero-column-padding first  avia-builder-el-0  el_before_av_one_full  avia-builder-el-first  \" style='border-radius:0px; '><div  class='avia-image-container  av-styling-    avia-builder-el-1  avia-builder-el-no-sibling  avia-align-center '  itemprop=\"image\" itemscope=\"itemscope\" itemtype=\"https:\/\/schema.org\/ImageObject\"  ><div class='avia-image-container-inner'><div class='avia-image-overlay-wrap'><img decoding=\"async\" class='wp-image-61548 avia-img-lazy-loading-not-61548 avia_image' src=\"https:\/\/radiorevelacionfm.cl\/wp-content\/uploads\/2025\/11\/red-empresa-3-1-1.jpeg\" alt='' title='red empresa 3 (1) (1)' height=\"600\" width=\"800\"  itemprop=\"thumbnailUrl\" srcset=\"https:\/\/radiorevelacionfm.cl\/wp-content\/uploads\/2025\/11\/red-empresa-3-1-1.jpeg 800w, https:\/\/radiorevelacionfm.cl\/wp-content\/uploads\/2025\/11\/red-empresa-3-1-1-300x225.jpeg 300w, https:\/\/radiorevelacionfm.cl\/wp-content\/uploads\/2025\/11\/red-empresa-3-1-1-768x576.jpeg 768w, https:\/\/radiorevelacionfm.cl\/wp-content\/uploads\/2025\/11\/red-empresa-3-1-1-705x529.jpeg 705w, https:\/\/radiorevelacionfm.cl\/wp-content\/uploads\/2025\/11\/red-empresa-3-1-1-450x338.jpeg 450w, https:\/\/radiorevelacionfm.cl\/wp-content\/uploads\/2025\/11\/red-empresa-3-1-1-600x450.jpeg 600w\" sizes=\"(max-width: 800px) 100vw, 800px\" \/><\/div><\/div><\/div><\/div>\n<div class=\"flex_column av_one_full  flex_column_div av-zero-column-padding first  avia-builder-el-2  el_after_av_one_full  el_before_av_one_full  column-top-margin\" style='border-radius:0px; '><section class=\"av_textblock_section \"  itemscope=\"itemscope\" itemtype=\"https:\/\/schema.org\/BlogPosting\" itemprop=\"blogPost\" ><div class='avia_textblock  '   itemprop=\"text\" ><p style=\"text-align: center;\"><span style=\"font-size: 18pt;\"><strong>Edelays\u00e9n se suma a Red Empresas Chile Cuida en la regi\u00f3n de Ays\u00e9n<\/strong><\/span><\/p>\n<div id=\"gtx-trans\" style=\"position: absolute; left: -50px; top: 4.31534px;\">\n<div class=\"gtx-trans-icon\"><\/div>\n<\/div>\n<\/div><\/section><\/div><div class=\"flex_column av_one_full  flex_column_div av-zero-column-padding first  avia-builder-el-4  el_after_av_one_full  el_before_av_hr  column-top-margin\" style='border-radius:0px; '><section class=\"av_textblock_section \"  itemscope=\"itemscope\" itemtype=\"https:\/\/schema.org\/BlogPosting\" itemprop=\"blogPost\" ><div class='avia_textblock  '   itemprop=\"text\" ><div style=\"text-align: justify;\"><i>Presentando la credencial de persona cuidadora, podr\u00e1 tener atenci\u00f3n preferencial al momento de realizar un tr\u00e1mite presencial.<\/i><\/div>\n<div><\/div>\n<div style=\"text-align: justify;\">Noviembre es el mes de los cuidados y en ese marco es que la seremi de Desarrollo Social y Familia en la regi\u00f3n de Ays\u00e9n Karina Acevedo Auad anunci\u00f3 que, tras invitar a distintas entidades privadas con asiento en la regi\u00f3n de Ays\u00e9n, la el\u00e9ctrica del Grupo Saesa Edelaysen se incorpora oficialmente a la Red Empresas Chile Cuida, siendo el n\u00famero 52 a nivel pa\u00eds y la primera en Ays\u00e9n. Lo anterior se logr\u00f3 tras acreditar que impulsar\u00e1n acciones de corresponsabilidad social del cuidado como contribuci\u00f3n al desarrollo del pa\u00eds y del territorio aysenino.<\/div>\n<div><\/div>\n<div style=\"text-align: justify;\">En compa\u00f1\u00eda de los Gerentes Zonales del Grupo Saesa y de la Agrupaci\u00f3n de Cuidadores de Coyhaique Ushe, Karina Acevedo entreg\u00f3 el sello Chile Cuida a Edelaysen, se\u00f1alando que \u201chemos hecho un trabajo de instalar durante estos 3 a\u00f1os a Chile Cuida y luego con la Red Empresas la primera en la regi\u00f3n de Ays\u00e9n es Edelaysen. Estamos muy contentos y agradecidos de este espacio para dar atenci\u00f3n preferente a nuestros cuidadores y es la primera empresa regional que da este tremendo paso, nosotros como Ministerio hemos sido bien insistentes con otras empresas regionales para que conozcan Chile Cuida y se puedan sumar y as\u00ed lo hizo Edelaysen, por lo que esperamos que nuevas empresas de la regi\u00f3n tambi\u00e9n sean parte de esta gran red\u201d.<\/div>\n<div><\/div>\n<div style=\"text-align: justify;\">En Tanto el Gerente Zonal de Edelaysen Rodrigo Escare mencion\u00f3 \u201cNosotros estamos muy contentos de poder participar y ser la primera empresa de la regi\u00f3n de Ays\u00e9n que est\u00e1 con Chile Cuida y que nuestros clientes que son cuidadores puedan optar a este beneficio directo que es atenci\u00f3n preferencial, porque entendemos que su rol es fundamental y que el tiempo que tienen para hacer sus tr\u00e1mites es muy corto. El proceso para adherirnos fue s\u00faper r\u00e1pido y f\u00e1cil, as\u00ed que es un orgullo esta noticia\u201d.<\/div>\n<div><\/div>\n<div style=\"text-align: justify;\">Por su lado la Jefa de Servicio al Cliente Mar\u00eda de los \u00c1ngeles Gajardo explic\u00f3 que solo portando la credencial o mostrando el certificado al ingresar a la oficina, la anfitriona les derivar\u00e1 para atenci\u00f3n inmediata. Al respecto el Presidente de la Agrupaci\u00f3n de Cuidadores Coyhaique Ushe, Carlos Mansilla valor\u00f3 la iniciativa \u201c para nosotros es importante porque tenemos a nuestro cuidado a personas con discapacidad o movilidad reducida, por lo tanto nuestro tiempo siempre es corto o nos falta para hacer los tr\u00e1mites, as\u00ed que mientras m\u00e1s r\u00e1pido mucho mejor, por eso agradecemos que el mundo privado nos de preferencia a las personas cuidadoras y ser\u00eda importante que todo las empresas de la regi\u00f3n pudieran adherirse, porque de verdad que nuestro tiempo es muy limitado, nunca nos sobra y adem\u00e1s estamos en todo momento pendientes de nuestro familiar o persona que est\u00e1 a nuestro cuidado\u201d.<\/div>\n<div><\/div>\n<div style=\"text-align: justify;\">Para ser parte de la Red Empresas de Chile Cuida, solo deben pedir el patrocinio al Ministerio de Desarrollo Social y Familia y en una evaluaci\u00f3n conjunta posteriormente se define su ingreso. Al momento las personas cuidadoras acreditadas en el Registro Social de Hogares, pueden tener atenci\u00f3n preferente en los servicios del Estado tales como IPS, Banco Estado,Fonasa, Registro Civil, entre otros, mientras que del sector privado destacan con importantes descuentos \u00a0Lipigas en las cargas de gas, Farmacia Cruz Verde, Caja de Compensaci\u00f3n Los Andes, Doi Family para ayudas t\u00e9cnicas y ortop\u00e9dicas, entre otras m\u00e1s.<\/div>\n<\/div><\/section><\/div><\/p>\n<div  style='height:50px' class='hr hr-invisible   avia-builder-el-6  el_after_av_one_full  el_before_av_social_share '><span class='hr-inner ' ><span class='hr-inner-style'><\/span><\/span><\/div>\n<div  class='av-social-sharing-box  avia-builder-el-7  el_after_av_hr  el_before_av_hr  '><div class='av-share-box'><h5 class='av-share-link-description av-no-toc '>Compartir esta noticia<\/h5><ul class='av-share-box-list noLightbox'><li class='av-share-link av-social-link-facebook' ><a target=\"_blank\" aria-label=\"Compartir en Facebook\" href='https:\/\/www.facebook.com\/sharer.php?u=https:\/\/radiorevelacionfm.cl\/?p=61547&#038;t=Edelays%C3%A9n%20se%20suma%20a%20red%20empresas%20de%20Chile%20cuida%20en%20la%20regi%C3%B3n%20de%20Ays%C3%A9n' aria-hidden='false' data-av_icon='\ue8f3' data-av_iconfont='entypo-fontello' title='' data-avia-related-tooltip='Compartir en Facebook' rel=\"noopener\"><span class='avia_hidden_link_text'>Compartir en Facebook<\/span><\/a><\/li><li class='av-share-link av-social-link-twitter' ><a target=\"_blank\" aria-label=\"Compartir en Twitter\" href='https:\/\/twitter.com\/share?text=Edelays%C3%A9n%20se%20suma%20a%20red%20empresas%20de%20Chile%20cuida%20en%20la%20regi%C3%B3n%20de%20Ays%C3%A9n&#038;url=https:\/\/radiorevelacionfm.cl\/?p=61547' aria-hidden='false' data-av_icon='\ue8f1' data-av_iconfont='entypo-fontello' title='' data-avia-related-tooltip='Compartir en Twitter' rel=\"noopener\"><span class='avia_hidden_link_text'>Compartir en Twitter<\/span><\/a><\/li><li class='av-share-link av-social-link-whatsapp' ><a target=\"_blank\" aria-label=\"Compartir en Whatsapp\" href='https:\/\/api.whatsapp.com\/send?text=https:\/\/radiorevelacionfm.cl\/?p=61547' aria-hidden='false' data-av_icon='\uf232' data-av_iconfont='entypo-fontello' title='' data-avia-related-tooltip='Compartir en Whatsapp' rel=\"noopener\"><span class='avia_hidden_link_text'>Compartir en Whatsapp<\/span><\/a><\/li><li class='av-share-link av-social-link-linkedin' ><a target=\"_blank\" aria-label=\"Compartir en LinkedIn\" href='https:\/\/linkedin.com\/shareArticle?mini=true&#038;title=Edelays%C3%A9n%20se%20suma%20a%20red%20empresas%20de%20Chile%20cuida%20en%20la%20regi%C3%B3n%20de%20Ays%C3%A9n&#038;url=https:\/\/radiorevelacionfm.cl\/?p=61547' aria-hidden='false' data-av_icon='\ue8fc' data-av_iconfont='entypo-fontello' title='' data-avia-related-tooltip='Compartir en LinkedIn' rel=\"noopener\"><span class='avia_hidden_link_text'>Compartir en LinkedIn<\/span><\/a><\/li><li class='av-share-link av-social-link-mail' ><a  aria-label=\"Compartir por correo\" href='mailto:?subject=Edelays%C3%A9n%20se%20suma%20a%20red%20empresas%20de%20Chile%20cuida%20en%20la%20regi%C3%B3n%20de%20Ays%C3%A9n&#038;body=https:\/\/radiorevelacionfm.cl\/?p=61547' aria-hidden='false' data-av_icon='\ue805' data-av_iconfont='entypo-fontello' title='' data-avia-related-tooltip='Compartir por correo'><span class='avia_hidden_link_text'>Compartir por correo<\/span><\/a><\/li><\/ul><\/div><\/div>\n<div  style='height:50px' class='hr hr-invisible   avia-builder-el-8  el_after_av_social_share  el_before_av_comments_list '><span class='hr-inner ' ><span class='hr-inner-style'><\/span><\/span><\/div>\n<div  class='av-buildercomment  av-blog-meta-html-info-disabled av-blog-meta-tag-disabled  '><\/div>\n","protected":false},"excerpt":{"rendered":"","protected":false},"author":1,"featured_media":61548,"comment_status":"closed","ping_status":"closed","sticky":false,"template":"","format":"standard","meta":{"footnotes":""},"categories":[38],"tags":[],"class_list":["post-61547","post","type-post","status-publish","format-standard","has-post-thumbnail","hentry","category-regional"],"jetpack_featured_media_url":"https:\/\/radiorevelacionfm.cl\/wp-content\/uploads\/2025\/11\/red-empresa-3-1-1.jpeg","_links":{"self":[{"href":"https:\/\/radiorevelacionfm.cl\/index.php?rest_route=\/wp\/v2\/posts\/61547","targetHints":{"allow":["GET"]}}],"collection":[{"href":"https:\/\/radiorevelacionfm.cl\/index.php?rest_route=\/wp\/v2\/posts"}],"about":[{"href":"https:\/\/radiorevelacionfm.cl\/index.php?rest_route=\/wp\/v2\/types\/post"}],"author":[{"embeddable":true,"href":"https:\/\/radiorevelacionfm.cl\/index.php?rest_route=\/wp\/v2\/users\/1"}],"replies":[{"embeddable":true,"href":"https:\/\/radiorevelacionfm.cl\/index.php?rest_route=%2Fwp%2Fv2%2Fcomments&post=61547"}],"version-history":[{"count":3,"href":"https:\/\/radiorevelacionfm.cl\/index.php?rest_route=\/wp\/v2\/posts\/61547\/revisions"}],"predecessor-version":[{"id":61610,"href":"https:\/\/radiorevelacionfm.cl\/index.php?rest_route=\/wp\/v2\/posts\/61547\/revisions\/61610"}],"wp:featuredmedia":[{"embeddable":true,"href":"https:\/\/radiorevelacionfm.cl\/index.php?rest_route=\/wp\/v2\/media\/61548"}],"wp:attachment":[{"href":"https:\/\/radiorevelacionfm.cl\/index.php?rest_route=%2Fwp%2Fv2%2Fmedia&parent=61547"}],"wp:term":[{"taxonomy":"category","embeddable":true,"href":"https:\/\/radiorevelacionfm.cl\/index.php?rest_route=%2Fwp%2Fv2%2Fcategories&post=61547"},{"taxonomy":"post_tag","embeddable":true,"href":"https:\/\/radiorevelacionfm.cl\/index.php?rest_route=%2Fwp%2Fv2%2Ftags&post=61547"}],"curies":[{"name":"wp","href":"https:\/\/api.w.org\/{rel}","templated":true}]}}