{"id":61542,"date":"2025-11-19T13:52:51","date_gmt":"2025-11-19T16:52:51","guid":{"rendered":"https:\/\/radiorevelacionfm.cl\/?p=61542"},"modified":"2025-11-19T13:52:51","modified_gmt":"2025-11-19T16:52:51","slug":"chile-chico-se-posiciona-entre-las-comunas-con-mayor-reactivacion-de-clubes-de-adultos-mayores-y-juntas-de-vecinos-en-la-region-de-aysen","status":"publish","type":"post","link":"https:\/\/radiorevelacionfm.cl\/?p=61542","title":{"rendered":"Chile Chico se posiciona entre las comunas con mayor reactivaci\u00f3n de clubes de adultos mayores y juntas de vecinos en la Regi\u00f3n de Ays\u00e9n"},"content":{"rendered":"<p>&nbsp;<\/p>\n<div class=\"flex_column av_one_full  flex_column_div av-zero-column-padding first  avia-builder-el-0  el_before_av_one_full  avia-builder-el-first  \" style='border-radius:0px; '><section class=\"av_textblock_section \"  itemscope=\"itemscope\" itemtype=\"https:\/\/schema.org\/BlogPosting\" itemprop=\"blogPost\" ><div class='avia_textblock  '   itemprop=\"text\" ><p style=\"text-align: center;\"><span style=\"font-size: 18pt;\"><strong>Chile Chico se posiciona entre las comunas con mayor reactivaci\u00f3n de clubes de adultos mayores y juntas de vecinos en la Regi\u00f3n de Ays\u00e9n <\/strong><\/span><\/p>\n<div id=\"gtx-trans\" style=\"position: absolute; left: -50px; top: 4.31534px;\">\n<div class=\"gtx-trans-icon\"><\/div>\n<\/div>\n<\/div><\/section><\/div><div class=\"flex_column av_one_full  flex_column_div av-zero-column-padding first  \" style='border-radius:0px; '><section class=\"av_textblock_section \"  itemscope=\"itemscope\" itemtype=\"https:\/\/schema.org\/BlogPosting\" itemprop=\"blogPost\" ><div class='avia_textblock  '   itemprop=\"text\" ><p style=\"text-align: justify;\">La comuna de Chile Chico vive un importante proceso de reactivaci\u00f3n social. Durante los \u00faltimos meses, se ha consolidado como una de las comunas con mayor n\u00famero de clubes de adultos mayores y juntas de vecinos activos en la Regi\u00f3n de Ays\u00e9n, gracias a un trabajo coordinado entre el municipio y las organizaciones de base.<\/p>\n<p style=\"text-align: justify;\">Un hecho relevante: en la localidad de Bah\u00eda Jara (comuna de Chile Chico) se constituy\u00f3 recientemente el Club de Adultos Mayores \u201cLa Esperanza\u201d, con lo que la comuna alcanza siete organizaciones activas de personas mayores, en contraste con apenas tres al inicio de la actual administraci\u00f3n.<\/p>\n<p style=\"text-align: justify;\">Adicionalmente, Chile Chico ha sido sede de importantes encuentros regionales de adultos mayores. En los \u00faltimos meses, delegaciones de distintas comunas han llegado hasta la Ciudad del Sol para participar en jornadas impulsadas por la Oficina del Adulto Mayor de la Municipalidad de Chile Chico, dependiente de DIDECO, en colaboraci\u00f3n con diversas organizaciones locales y regionales que visitan la localidad, fortaleciendo redes de participaci\u00f3n, bienestar y asociatividad.<\/p>\n<p style=\"text-align: justify;\">Entre las actividades recientes destacadas figuran el Encuentro Art\u00edstico de Personas Mayores 2025, una jornada llena de talento, cultura y alegr\u00eda, donde artistas mayores de distintos puntos del territorio compartieron su creatividad en un ambiente de comunidad y reconocimiento; y la Copa Regional de Juegos de Sal\u00f3n, que reuni\u00f3 a delegaciones de diversas comunas en torno a la camarader\u00eda, el deporte recreativo y la integraci\u00f3n social, consolidando a Chile Chico como un referente regional en el impulso del arte, la recreaci\u00f3n y la participaci\u00f3n de las personas mayores.<\/p>\n<p style=\"text-align: justify;\">Asimismo, la comuna es pionera en la pr\u00e1ctica del deporte Newcom, disciplina que promueve la actividad f\u00edsica y el envejecimiento activo entre las personas mayores. Chile Chico ha sido sede de diversos campeonatos y encuentros, y ha representado a la comuna en competencias realizadas en Puerto Ib\u00e1\u00f1ez y Los Antiguos, fomentando el deporte inclusivo, la integraci\u00f3n y el bienestar de las y los adultos mayores que participan activamente en esta disciplina.<\/p>\n<p style=\"text-align: justify;\">Sumado a ello, desde Chile Chico, Bah\u00eda Jara, Mall\u00edn Grande, Fachinal y Puerto Guadal se ha evidenciado una notoria reactivaci\u00f3n de organizaciones sociales y clubes de adultos mayores, que han retomado su funcionamiento, actualizado directivas y desarrollado actividades comunitarias. Este renacer organizacional refleja un trabajo constante del municipio por acompa\u00f1ar, asesorar y fortalecer la vida social en cada sector del territorio comunal.<\/p>\n<p style=\"text-align: justify;\">El alcalde Ariel Keim Hermosilla destac\u00f3 que este proceso de fortalecimiento social ha tenido un sello muy claro de cercan\u00eda y participaci\u00f3n territorial:<\/p>\n<p style=\"text-align: justify;\"><em>\u201cTres cosas principales hemos destacado en estas actividades que hemos desarrollado en toda nuestra comuna. Hemos estado en Puerto Bertrand, en Puerto Guadal y en Chile Chico; y vamos a estar tambi\u00e9n en Bah\u00eda Jara y Fachinal, conversando con nuestros vecinos, compartiendo con ellos la cantidad de beneficios que tenemos desde la municipalidad para nuestros adultos mayores y, por supuesto, tambi\u00e9n recogiendo sus requerimientos y asumiendo compromisos para tener una mejor comuna.\u201d<\/em><\/p>\n<p style=\"text-align: justify;\">En paralelo, se han impulsado encuentros comunales bajo la celebraci\u00f3n del Mes de las Personas Mayores, talleres, celebraciones y espacios de participaci\u00f3n pensados especialmente para las personas mayores y dirigentes vecinales, fortaleciendo el tejido social en Chile Chico y sus localidades rurales.<\/p>\n<p style=\"text-align: justify;\">Desde la Municipalidad de Chile Chico afirmaron que este proceso de reactivaci\u00f3n continuar\u00e1 durante el 2026, con nuevas rondas de trabajo territorial, fortalecimiento de las uniones comunales y m\u00e1s espacios participativos para personas mayores y organizaciones vecinales, reafirmando el sello de una comuna que se abre paso entre las m\u00e1s activas de la Regi\u00f3n de Ays\u00e9n en participaci\u00f3n social y reactivaci\u00f3n comunitaria.<\/p>\n<\/div><\/section><\/div><div  style='height:50px' class='hr hr-invisible  '><span class='hr-inner ' ><span class='hr-inner-style'><\/span><\/span><\/div><\/p>\n<div  class='av-social-sharing-box  '><div class='av-share-box'><h5 class='av-share-link-description av-no-toc '>Compartir esta noticia<\/h5><ul class='av-share-box-list noLightbox'><li class='av-share-link av-social-link-facebook' ><a target=\"_blank\" aria-label=\"Compartir en Facebook\" href='https:\/\/www.facebook.com\/sharer.php?u=https:\/\/radiorevelacionfm.cl\/?p=61542&#038;t=Chile%20Chico%20se%20posiciona%20entre%20las%20comunas%20con%20mayor%20reactivaci%C3%B3n%20de%20clubes%20de%20adultos%20mayores%20y%20juntas%20de%20vecinos%20en%20la%20Regi%C3%B3n%20de%20Ays%C3%A9n' aria-hidden='false' data-av_icon='\ue8f3' data-av_iconfont='entypo-fontello' title='' data-avia-related-tooltip='Compartir en Facebook' rel=\"noopener\"><span class='avia_hidden_link_text'>Compartir en Facebook<\/span><\/a><\/li><li class='av-share-link av-social-link-twitter' ><a target=\"_blank\" aria-label=\"Compartir en Twitter\" href='https:\/\/twitter.com\/share?text=Chile%20Chico%20se%20posiciona%20entre%20las%20comunas%20con%20mayor%20reactivaci%C3%B3n%20de%20clubes%20de%20adultos%20mayores%20y%20juntas%20de%20vecinos%20en%20la%20Regi%C3%B3n%20de%20Ays%C3%A9n&#038;url=https:\/\/radiorevelacionfm.cl\/?p=61542' aria-hidden='false' data-av_icon='\ue8f1' data-av_iconfont='entypo-fontello' title='' data-avia-related-tooltip='Compartir en Twitter' rel=\"noopener\"><span class='avia_hidden_link_text'>Compartir en Twitter<\/span><\/a><\/li><li class='av-share-link av-social-link-whatsapp' ><a target=\"_blank\" aria-label=\"Compartir en Whatsapp\" href='https:\/\/api.whatsapp.com\/send?text=https:\/\/radiorevelacionfm.cl\/?p=61542' aria-hidden='false' data-av_icon='\uf232' data-av_iconfont='entypo-fontello' title='' data-avia-related-tooltip='Compartir en Whatsapp' rel=\"noopener\"><span class='avia_hidden_link_text'>Compartir en Whatsapp<\/span><\/a><\/li><li class='av-share-link av-social-link-linkedin' ><a target=\"_blank\" aria-label=\"Compartir en LinkedIn\" href='https:\/\/linkedin.com\/shareArticle?mini=true&#038;title=Chile%20Chico%20se%20posiciona%20entre%20las%20comunas%20con%20mayor%20reactivaci%C3%B3n%20de%20clubes%20de%20adultos%20mayores%20y%20juntas%20de%20vecinos%20en%20la%20Regi%C3%B3n%20de%20Ays%C3%A9n&#038;url=https:\/\/radiorevelacionfm.cl\/?p=61542' aria-hidden='false' data-av_icon='\ue8fc' data-av_iconfont='entypo-fontello' title='' data-avia-related-tooltip='Compartir en LinkedIn' rel=\"noopener\"><span class='avia_hidden_link_text'>Compartir en LinkedIn<\/span><\/a><\/li><li class='av-share-link av-social-link-mail' ><a  aria-label=\"Compartir por correo\" href='mailto:?subject=Chile%20Chico%20se%20posiciona%20entre%20las%20comunas%20con%20mayor%20reactivaci%C3%B3n%20de%20clubes%20de%20adultos%20mayores%20y%20juntas%20de%20vecinos%20en%20la%20Regi%C3%B3n%20de%20Ays%C3%A9n&#038;body=https:\/\/radiorevelacionfm.cl\/?p=61542' aria-hidden='false' data-av_icon='\ue805' data-av_iconfont='entypo-fontello' title='' data-avia-related-tooltip='Compartir por correo'><span class='avia_hidden_link_text'>Compartir por correo<\/span><\/a><\/li><\/ul><\/div><\/div>\n<div  style='height:50px' class='hr hr-invisible  '><span class='hr-inner ' ><span class='hr-inner-style'><\/span><\/span><\/div>\n<div  class='av-buildercomment  av-blog-meta-html-info-disabled av-blog-meta-tag-disabled  '><\/div>\n","protected":false},"excerpt":{"rendered":"<p>&nbsp;<\/p>\n","protected":false},"author":1,"featured_media":61543,"comment_status":"closed","ping_status":"closed","sticky":false,"template":"","format":"standard","meta":{"footnotes":""},"categories":[38],"tags":[],"class_list":["post-61542","post","type-post","status-publish","format-standard","has-post-thumbnail","hentry","category-regional"],"jetpack_featured_media_url":"https:\/\/radiorevelacionfm.cl\/wp-content\/uploads\/2025\/11\/571000567_18507353335070887_5597935462103598111_n-1-1.jpg","_links":{"self":[{"href":"https:\/\/radiorevelacionfm.cl\/index.php?rest_route=\/wp\/v2\/posts\/61542","targetHints":{"allow":["GET"]}}],"collection":[{"href":"https:\/\/radiorevelacionfm.cl\/index.php?rest_route=\/wp\/v2\/posts"}],"about":[{"href":"https:\/\/radiorevelacionfm.cl\/index.php?rest_route=\/wp\/v2\/types\/post"}],"author":[{"embeddable":true,"href":"https:\/\/radiorevelacionfm.cl\/index.php?rest_route=\/wp\/v2\/users\/1"}],"replies":[{"embeddable":true,"href":"https:\/\/radiorevelacionfm.cl\/index.php?rest_route=%2Fwp%2Fv2%2Fcomments&post=61542"}],"version-history":[{"count":3,"href":"https:\/\/radiorevelacionfm.cl\/index.php?rest_route=\/wp\/v2\/posts\/61542\/revisions"}],"predecessor-version":[{"id":61546,"href":"https:\/\/radiorevelacionfm.cl\/index.php?rest_route=\/wp\/v2\/posts\/61542\/revisions\/61546"}],"wp:featuredmedia":[{"embeddable":true,"href":"https:\/\/radiorevelacionfm.cl\/index.php?rest_route=\/wp\/v2\/media\/61543"}],"wp:attachment":[{"href":"https:\/\/radiorevelacionfm.cl\/index.php?rest_route=%2Fwp%2Fv2%2Fmedia&parent=61542"}],"wp:term":[{"taxonomy":"category","embeddable":true,"href":"https:\/\/radiorevelacionfm.cl\/index.php?rest_route=%2Fwp%2Fv2%2Fcategories&post=61542"},{"taxonomy":"post_tag","embeddable":true,"href":"https:\/\/radiorevelacionfm.cl\/index.php?rest_route=%2Fwp%2Fv2%2Ftags&post=61542"}],"curies":[{"name":"wp","href":"https:\/\/api.w.org\/{rel}","templated":true}]}}