{"id":61538,"date":"2025-11-19T11:46:35","date_gmt":"2025-11-19T14:46:35","guid":{"rendered":"https:\/\/radiorevelacionfm.cl\/?p=61538"},"modified":"2025-11-19T11:46:35","modified_gmt":"2025-11-19T14:46:35","slug":"abren-postulaciones-para-programa-de-renovacion-de-flota-para-colectivos-y-buses-rurales","status":"publish","type":"post","link":"https:\/\/radiorevelacionfm.cl\/?p=61538","title":{"rendered":"Abren postulaciones para Programa de Renovaci\u00f3n de Flota para Colectivos y Buses Rurales"},"content":{"rendered":"<div class=\"flex_column av_one_full  flex_column_div av-zero-column-padding first  avia-builder-el-0  el_before_av_one_full  avia-builder-el-first  \" style='border-radius:0px; '><div  class='avia-image-container  av-styling-    avia-builder-el-1  avia-builder-el-no-sibling  avia-align-center '  itemprop=\"image\" itemscope=\"itemscope\" itemtype=\"https:\/\/schema.org\/ImageObject\"  ><div class='avia-image-container-inner'><div class='avia-image-overlay-wrap'><img decoding=\"async\" class='wp-image-61539 avia-img-lazy-loading-not-61539 avia_image' src=\"https:\/\/radiorevelacionfm.cl\/wp-content\/uploads\/2025\/11\/20250909_111559-1_optimized.jpg\" alt='' title='20250909_111559-(1)_optimized' height=\"600\" width=\"800\"  itemprop=\"thumbnailUrl\" srcset=\"https:\/\/radiorevelacionfm.cl\/wp-content\/uploads\/2025\/11\/20250909_111559-1_optimized.jpg 800w, https:\/\/radiorevelacionfm.cl\/wp-content\/uploads\/2025\/11\/20250909_111559-1_optimized-300x225.jpg 300w, https:\/\/radiorevelacionfm.cl\/wp-content\/uploads\/2025\/11\/20250909_111559-1_optimized-768x576.jpg 768w, https:\/\/radiorevelacionfm.cl\/wp-content\/uploads\/2025\/11\/20250909_111559-1_optimized-705x529.jpg 705w, https:\/\/radiorevelacionfm.cl\/wp-content\/uploads\/2025\/11\/20250909_111559-1_optimized-450x338.jpg 450w, https:\/\/radiorevelacionfm.cl\/wp-content\/uploads\/2025\/11\/20250909_111559-1_optimized-600x450.jpg 600w\" sizes=\"(max-width: 800px) 100vw, 800px\" \/><\/div><\/div><\/div><\/div><div class=\"flex_column av_one_full  flex_column_div av-zero-column-padding first  avia-builder-el-2  el_after_av_one_full  el_before_av_one_full  column-top-margin\" style='border-radius:0px; '><section class=\"av_textblock_section \"  itemscope=\"itemscope\" itemtype=\"https:\/\/schema.org\/BlogPosting\" itemprop=\"blogPost\" ><div class='avia_textblock  '   itemprop=\"text\" ><p style=\"text-align: center;\"><span style=\"font-size: 18pt;\"><b>Abren postulaciones para Programa de Renovaci\u00f3n de Flota para Colectivos y Buses Rurales<\/b><\/span><\/p>\n<div id=\"gtx-trans\" style=\"position: absolute; left: -50px; top: 4.31534px;\">\n<div class=\"gtx-trans-icon\"><\/div>\n<\/div>\n<\/div><\/section><\/div><div class=\"flex_column av_one_full  flex_column_div av-zero-column-padding first  avia-builder-el-4  el_after_av_one_full  el_before_av_hr  column-top-margin\" style='border-radius:0px; '><section class=\"av_textblock_section \"  itemscope=\"itemscope\" itemtype=\"https:\/\/schema.org\/BlogPosting\" itemprop=\"blogPost\" ><div class='avia_textblock  '   itemprop=\"text\" ><p style=\"text-align: justify;\"><em>Hasta el 25 de noviembre estar\u00e1n vigentes las postulaciones para los Programas Renueva Tu Colectivo y Renueva Tu Micro, iniciativa que permite modernizar la flota de transporte p\u00fablico a trav\u00e9s de un convenio entre el ministerio de Transportes y Telecomunicaciones y Gobierno Regional de Ays\u00e9n.<\/em><\/p>\n<p style=\"text-align: justify;\">Ya est\u00e1 abierta la convocatoria para postular a los programas de renovaci\u00f3n de flota Renueva Tu Colectivo y Renueva Tu Micro, iniciativa que hace m\u00e1s de 10 a\u00f1os permite modernizar la flota de transporte p\u00fablico y entregar un mejor servicio a usuarias y usuarios. En Chile y tambi\u00e9n en la Regi\u00f3n de Ays\u00e9n, el ministerio de Transportes y Telecomunicaciones dispone de los fondos FAR (Fondo de Apoyo Regional) asignados al Gobierno Regional, para financiar estos programas, que en esta oportunidad alcanzar\u00e1n un monto de 140 millones de pesos.<\/p>\n<p style=\"text-align: justify;\">El seremiTT Hans Zimmermann destac\u00f3 esta oportunidad para los transportistas de la regi\u00f3n. \u201cEn conjunto con el Gobierno Regional queremos invitar a los transportistas de la Regi\u00f3n de Ays\u00e9n a participar de este importante concurso que permite que los prestadores de servicio de transporte p\u00fablico puedan renovar su maquinaria y as\u00ed seguir prestando un buen servicio para la conectividad en nuestra regi\u00f3n. El proceso para postular es hasta el d\u00eda veinticinco de noviembre, son ciento cuarenta millones de pesos a disposici\u00f3n a repartir entre todos los transportistas, y sin duda que esta es una tremenda ayuda para fortalecer el transporte p\u00fablico en Ays\u00e9n\u201d<\/p>\n<p style=\"text-align: justify;\">El gobernador regional de Ays\u00e9n, Marcelo Santana, destac\u00f3 el financiamiento realizado por el Gobierno Regional para avanzar en esta materia, tras la reuni\u00f3n que sostuvo personalmente con los colectivos de la regi\u00f3n: \u201cTal como se lo comprometimos hace algunas semanas atr\u00e1s, ya est\u00e1n abiertas las licitaciones para el programa Renueva tu Colectivo y Renueva tu Micro. Pusimos 140 millones desde el Gobierno Regional junto a nuestro Consejo para que este proceso comience. As\u00ed que la invitaci\u00f3n es a informarse y a participar de esta licitaci\u00f3n\u201d.<\/p>\n<p style=\"text-align: justify;\">La recepci\u00f3n de antecedentes para la postulaci\u00f3n al Renueva Tu Colectivo y Renueva Tu Micro se extender\u00e1 hasta el 25 de noviembre, y las bases, requisitos y formularios de postulaci\u00f3n est\u00e1n disponibles en el sitio web\u00a0<a href=\"http:\/\/www.goreaysen.cl\/\" target=\"_blank\" rel=\"noopener\" data-saferedirecturl=\"https:\/\/www.google.com\/url?q=http:\/\/www.goreaysen.cl&amp;source=gmail&amp;ust=1763649774412000&amp;usg=AOvVaw1ZrW-xBgPFBF25UAonQlVH\">www.goreaysen.cl<\/a>\u00a0(banner Renueva Tu Colectivo). Adem\u00e1s, para consultar si se es potencial beneficiario, se pueden ingresar los datos en las plataformas\u00a0<a href=\"http:\/\/www.mtt.gob.cl\/\" target=\"_blank\" rel=\"noopener\" data-saferedirecturl=\"https:\/\/www.google.com\/url?q=http:\/\/www.mtt.gob.cl&amp;source=gmail&amp;ust=1763649774412000&amp;usg=AOvVaw2gE6WHAZICXjGVZX918TI_\">www.mtt.gob.cl<\/a>\u00a0o\u00a0<a href=\"http:\/\/www.renuevatumicro.cl\/\" target=\"_blank\" rel=\"noopener\" data-saferedirecturl=\"https:\/\/www.google.com\/url?q=http:\/\/www.renuevatumicro.cl&amp;source=gmail&amp;ust=1763649774412000&amp;usg=AOvVaw2gl-phSMmn9lw2lUcczBWP\">www.renuevatumicro.cl<\/a>.<\/p>\n<\/div><\/section><\/div><div  style='height:50px' class='hr hr-invisible   avia-builder-el-6  el_after_av_one_full  el_before_av_social_share '><span class='hr-inner ' ><span class='hr-inner-style'><\/span><\/span><\/div><\/p>\n<div  class='av-social-sharing-box  avia-builder-el-7  el_after_av_hr  el_before_av_hr  '><div class='av-share-box'><h5 class='av-share-link-description av-no-toc '>Compartir esta noticia<\/h5><ul class='av-share-box-list noLightbox'><li class='av-share-link av-social-link-facebook' ><a target=\"_blank\" aria-label=\"Compartir en Facebook\" href='https:\/\/www.facebook.com\/sharer.php?u=https:\/\/radiorevelacionfm.cl\/?p=61538&#038;t=Abren%20postulaciones%20para%20Programa%20de%20Renovaci%C3%B3n%20de%20Flota%20para%20Colectivos%20y%20Buses%20Rurales' aria-hidden='false' data-av_icon='\ue8f3' data-av_iconfont='entypo-fontello' title='' data-avia-related-tooltip='Compartir en Facebook' rel=\"noopener\"><span class='avia_hidden_link_text'>Compartir en Facebook<\/span><\/a><\/li><li class='av-share-link av-social-link-twitter' ><a target=\"_blank\" aria-label=\"Compartir en Twitter\" href='https:\/\/twitter.com\/share?text=Abren%20postulaciones%20para%20Programa%20de%20Renovaci%C3%B3n%20de%20Flota%20para%20Colectivos%20y%20Buses%20Rurales&#038;url=https:\/\/radiorevelacionfm.cl\/?p=61538' aria-hidden='false' data-av_icon='\ue8f1' data-av_iconfont='entypo-fontello' title='' data-avia-related-tooltip='Compartir en Twitter' rel=\"noopener\"><span class='avia_hidden_link_text'>Compartir en Twitter<\/span><\/a><\/li><li class='av-share-link av-social-link-whatsapp' ><a target=\"_blank\" aria-label=\"Compartir en Whatsapp\" href='https:\/\/api.whatsapp.com\/send?text=https:\/\/radiorevelacionfm.cl\/?p=61538' aria-hidden='false' data-av_icon='\uf232' data-av_iconfont='entypo-fontello' title='' data-avia-related-tooltip='Compartir en Whatsapp' rel=\"noopener\"><span class='avia_hidden_link_text'>Compartir en Whatsapp<\/span><\/a><\/li><li class='av-share-link av-social-link-linkedin' ><a target=\"_blank\" aria-label=\"Compartir en LinkedIn\" href='https:\/\/linkedin.com\/shareArticle?mini=true&#038;title=Abren%20postulaciones%20para%20Programa%20de%20Renovaci%C3%B3n%20de%20Flota%20para%20Colectivos%20y%20Buses%20Rurales&#038;url=https:\/\/radiorevelacionfm.cl\/?p=61538' aria-hidden='false' data-av_icon='\ue8fc' data-av_iconfont='entypo-fontello' title='' data-avia-related-tooltip='Compartir en LinkedIn' rel=\"noopener\"><span class='avia_hidden_link_text'>Compartir en LinkedIn<\/span><\/a><\/li><li class='av-share-link av-social-link-mail' ><a  aria-label=\"Compartir por correo\" href='mailto:?subject=Abren%20postulaciones%20para%20Programa%20de%20Renovaci%C3%B3n%20de%20Flota%20para%20Colectivos%20y%20Buses%20Rurales&#038;body=https:\/\/radiorevelacionfm.cl\/?p=61538' aria-hidden='false' data-av_icon='\ue805' data-av_iconfont='entypo-fontello' title='' data-avia-related-tooltip='Compartir por correo'><span class='avia_hidden_link_text'>Compartir por correo<\/span><\/a><\/li><\/ul><\/div><\/div>\n<div  style='height:50px' class='hr hr-invisible   avia-builder-el-8  el_after_av_social_share  el_before_av_comments_list '><span class='hr-inner ' ><span class='hr-inner-style'><\/span><\/span><\/div>\n<div  class='av-buildercomment  av-blog-meta-html-info-disabled av-blog-meta-tag-disabled  '><\/div>\n","protected":false},"excerpt":{"rendered":"","protected":false},"author":1,"featured_media":61539,"comment_status":"closed","ping_status":"closed","sticky":false,"template":"","format":"standard","meta":{"footnotes":""},"categories":[59],"tags":[],"class_list":["post-61538","post","type-post","status-publish","format-standard","has-post-thumbnail","hentry","category-transporte"],"jetpack_featured_media_url":"https:\/\/radiorevelacionfm.cl\/wp-content\/uploads\/2025\/11\/20250909_111559-1_optimized.jpg","_links":{"self":[{"href":"https:\/\/radiorevelacionfm.cl\/index.php?rest_route=\/wp\/v2\/posts\/61538","targetHints":{"allow":["GET"]}}],"collection":[{"href":"https:\/\/radiorevelacionfm.cl\/index.php?rest_route=\/wp\/v2\/posts"}],"about":[{"href":"https:\/\/radiorevelacionfm.cl\/index.php?rest_route=\/wp\/v2\/types\/post"}],"author":[{"embeddable":true,"href":"https:\/\/radiorevelacionfm.cl\/index.php?rest_route=\/wp\/v2\/users\/1"}],"replies":[{"embeddable":true,"href":"https:\/\/radiorevelacionfm.cl\/index.php?rest_route=%2Fwp%2Fv2%2Fcomments&post=61538"}],"version-history":[{"count":2,"href":"https:\/\/radiorevelacionfm.cl\/index.php?rest_route=\/wp\/v2\/posts\/61538\/revisions"}],"predecessor-version":[{"id":61541,"href":"https:\/\/radiorevelacionfm.cl\/index.php?rest_route=\/wp\/v2\/posts\/61538\/revisions\/61541"}],"wp:featuredmedia":[{"embeddable":true,"href":"https:\/\/radiorevelacionfm.cl\/index.php?rest_route=\/wp\/v2\/media\/61539"}],"wp:attachment":[{"href":"https:\/\/radiorevelacionfm.cl\/index.php?rest_route=%2Fwp%2Fv2%2Fmedia&parent=61538"}],"wp:term":[{"taxonomy":"category","embeddable":true,"href":"https:\/\/radiorevelacionfm.cl\/index.php?rest_route=%2Fwp%2Fv2%2Fcategories&post=61538"},{"taxonomy":"post_tag","embeddable":true,"href":"https:\/\/radiorevelacionfm.cl\/index.php?rest_route=%2Fwp%2Fv2%2Ftags&post=61538"}],"curies":[{"name":"wp","href":"https:\/\/api.w.org\/{rel}","templated":true}]}}