{"id":61528,"date":"2025-11-18T20:11:26","date_gmt":"2025-11-18T23:11:26","guid":{"rendered":"https:\/\/radiorevelacionfm.cl\/?p=61528"},"modified":"2025-11-18T20:11:26","modified_gmt":"2025-11-18T23:11:26","slug":"sector-construccion-aborda-su-rol-clave-en-taller-de-descontaminacion-y-objetivos-de-desarrollo-sostenible","status":"publish","type":"post","link":"https:\/\/radiorevelacionfm.cl\/?p=61528","title":{"rendered":"Sector construcci\u00f3n aborda su rol clave en taller de descontaminaci\u00f3n y objetivos de desarrollo sostenible"},"content":{"rendered":"<div class=\"flex_column av_one_full  flex_column_div av-zero-column-padding first  avia-builder-el-0  el_before_av_one_full  avia-builder-el-first  \" style='border-radius:0px; '><div  class='avia-image-container  av-styling-    avia-builder-el-1  avia-builder-el-no-sibling  avia-align-center '  itemprop=\"image\" itemscope=\"itemscope\" itemtype=\"https:\/\/schema.org\/ImageObject\"  ><div class='avia-image-container-inner'><div class='avia-image-overlay-wrap'><img decoding=\"async\" class='wp-image-61529 avia-img-lazy-loading-not-61529 avia_image' src=\"https:\/\/radiorevelacionfm.cl\/wp-content\/uploads\/2025\/11\/3-92-1_optimized.jpeg\" alt='' title='3-(92)-(1)_optimized' height=\"600\" width=\"1067\"  itemprop=\"thumbnailUrl\" srcset=\"https:\/\/radiorevelacionfm.cl\/wp-content\/uploads\/2025\/11\/3-92-1_optimized.jpeg 1067w, https:\/\/radiorevelacionfm.cl\/wp-content\/uploads\/2025\/11\/3-92-1_optimized-300x169.jpeg 300w, https:\/\/radiorevelacionfm.cl\/wp-content\/uploads\/2025\/11\/3-92-1_optimized-1030x579.jpeg 1030w, https:\/\/radiorevelacionfm.cl\/wp-content\/uploads\/2025\/11\/3-92-1_optimized-768x432.jpeg 768w, https:\/\/radiorevelacionfm.cl\/wp-content\/uploads\/2025\/11\/3-92-1_optimized-705x396.jpeg 705w, https:\/\/radiorevelacionfm.cl\/wp-content\/uploads\/2025\/11\/3-92-1_optimized-450x253.jpeg 450w, https:\/\/radiorevelacionfm.cl\/wp-content\/uploads\/2025\/11\/3-92-1_optimized-600x337.jpeg 600w\" sizes=\"(max-width: 1067px) 100vw, 1067px\" \/><\/div><\/div><\/div><\/div><div class=\"flex_column av_one_full  flex_column_div av-zero-column-padding first  avia-builder-el-2  el_after_av_one_full  el_before_av_one_full  column-top-margin\" style='border-radius:0px; '><section class=\"av_textblock_section \"  itemscope=\"itemscope\" itemtype=\"https:\/\/schema.org\/BlogPosting\" itemprop=\"blogPost\" ><div class='avia_textblock  '   itemprop=\"text\" ><p style=\"text-align: center;\"><span style=\"font-size: 18pt;\"><strong>Sector construcci\u00f3n aborda su rol clave en taller de descontaminaci\u00f3n y objetivos de desarrollo sostenible<\/strong><\/span><\/p>\n<div id=\"gtx-trans\" style=\"position: absolute; left: -50px; top: 4.31534px;\">\n<div class=\"gtx-trans-icon\"><\/div>\n<\/div>\n<\/div><\/section><\/div><div class=\"flex_column av_one_full  flex_column_div av-zero-column-padding first  avia-builder-el-4  el_after_av_one_full  el_before_av_hr  column-top-margin\" style='border-radius:0px; '><section class=\"av_textblock_section \"  itemscope=\"itemscope\" itemtype=\"https:\/\/schema.org\/BlogPosting\" itemprop=\"blogPost\" ><div class='avia_textblock  '   itemprop=\"text\" ><p style=\"text-align: justify;\">En dependencias del Servicio de Vivienda y Urbanismo SERVIU, se llev\u00f3 a cabo una nueva versi\u00f3n del taller de calidad del aire para el sector construcci\u00f3n \u201cContaminaci\u00f3n Global y Local en la Regi\u00f3n de Ays\u00e9n y su V\u00ednculo con los Objetivos de Desarrollo Sostenible\u201d, liderado por la SEREMI del Medio Ambiente, en coordinaci\u00f3n con la SEREMI de Vivienda y Urbanismo y el SERVIU, dando cumplimiento a los objetivos de difusi\u00f3n del Plan de Descontaminaci\u00f3n Atmosf\u00e9rica de Coyhaique.<\/p>\n<p style=\"text-align: justify;\">La actividad destinada a trabajadores, emprendedores y profesionales del sector construcci\u00f3n, se enmarca en el cumplimiento del Art\u00edculo 22 del Plan de Descontaminaci\u00f3n Atmosf\u00e9rica (PDA) de Coyhaique, que establece la realizaci\u00f3n de actividades informativas orientadas a empresas del rubro de la construcci\u00f3n que proyecten ejecutar obras dentro del \u00e1rea regulada por el Plan, entregando \u00a0informaci\u00f3n clave sobre incentivos vigentes, nuevas exigencias y herramientas actualizadas para la construcci\u00f3n sustentable.<\/p>\n<p style=\"text-align: justify;\">Si bien la actividad se ha realizado anteriormente, abordando los detalles de la normativa PDA para construcci\u00f3n, pol\u00edticas de eficiencia energ\u00e9tica y calidad del aire, en esta oportunidad, la SEREMI del Medio Ambiente quiso vincular las acciones a los Objetivos de Desarrollo Sostenible, incluyendo en esta versi\u00f3n a la SEREMI de Desarrollo Social y Familia para aportar con la perspectiva de la Agenda 2030.<\/p>\n<p style=\"text-align: justify;\">En efecto durante la jornada, los asistentes provenientes de inmobiliarias, entidades patrocinantes y servicios p\u00fablicos, participaron de las exposiciones de la Coordinadora del Laboratorio Ecoclim\u00e1tico CIEP, Manuela L\u00f3pez,\u00a0 quien expuso\u00a0 \u201cResultados de mediciones de contaminaci\u00f3n en distintas localidades de la regi\u00f3n\u201d; la Profesional SERVIU Ays\u00e9n, Jeanette Matus:\u00a0 quien detall\u00f3 la \u201cactualizaci\u00f3n de est\u00e1ndares y normas de acondicionamiento t\u00e9rmico\u201d; y finalmente el Coordinador de Inversiones MIDESOYF, Claudio Venegas, quien present\u00f3 la \u201cEstrategia regional para la implementaci\u00f3n de la Agenda 2030 y sus v\u00ednculos con el sector construcci\u00f3n\u201d<\/p>\n<p style=\"text-align: justify;\">La profesional de CIEP destac\u00f3 la importancia de compartir los \u00a0resultados del estudio de calidad del aire realizado en siete localidades de la regi\u00f3n de Ays\u00e9n durante el 2023 y 2024 donde se levant\u00f3 informaci\u00f3n con respecto a la calidad del aire para levantar propuestas que insumen una estrategia regional <em>\u201caqu\u00ed lo cr\u00edtico es poner en valor c\u00f3mo enfrentamos una problem\u00e1tica que no est\u00e1 instalada solo en las urbes, sino que tambi\u00e9n en peque\u00f1as localidades que deben ser visibilizadas para desarrollar pol\u00edticas p\u00fablicas atingentes y que nos permitan respirar un mejor aire en nuestra regi\u00f3n\u201d<\/em><strong>,<\/strong> enfatiz\u00f3 la investigadora.<\/p>\n<p style=\"text-align: justify;\">La eficiencia energ\u00e9tica en viviendas es una de las medidas m\u00e1s relevantes para enfrentar la contaminaci\u00f3n atmosf\u00e9rica en Coyhaique. Por ello, este taller busc\u00f3 fortalecer la vinculaci\u00f3n directa entre el Estado y los actores del sector construcci\u00f3n, promoviendo la actualizaci\u00f3n en reglamentaci\u00f3n t\u00e9rmica, mediciones de contaminaci\u00f3n local y su relaci\u00f3n con los Objetivos de Desarrollo Sostenible<em>, \u201cdesde el Ministerio de Vivienda y Urbanismo, nuestro aporte ha sido tambi\u00e9n en sinton\u00eda con los lineamientos del Gobierno en cuanto a la eficiencia energ\u00e9tica. Nosotros tenemos una meta del PDA cumplida que supera los 7000 subsidios, otorgados en un plazo que fue de diez a\u00f1os. Pero adem\u00e1s esto ha mejorado el est\u00e1ndar de la vivienda en cuanto a aislamiento t\u00e9rmico para las familias, para ahorrar en combustible, para tener mejor aislaci\u00f3n, pero sobre todo para poder apoyar en menos contaminaci\u00f3n a las ciudades\u201d, <\/em>declar\u00f3 la SEREMI Minvu, Paulina Ruz.<\/p>\n<p style=\"text-align: justify;\">Por su parte el SEREMI del Medio Ambiente, Yoal D\u00edaz, explic\u00f3 que <em>\u201cbuscamos visibilizar tambi\u00e9n c\u00f3mo la pol\u00edtica p\u00fablica se est\u00e1 implementando a trav\u00e9s de la actualizaci\u00f3n de la reglamentaci\u00f3n de revestimientos t\u00e9rmicos y el est\u00e1ndar PDA de las viviendas. Pero tambi\u00e9n buscamos visibilizar c\u00f3mo las pol\u00edticas internacionales, como los Objetivos de Desarrollo Sostenible tambi\u00e9n tributan a este elemento que necesitamos visibilizar, que esta problem\u00e1tica est\u00e1 en todos los rincones de la regi\u00f3n de Ays\u00e9n y necesitamos abordarla con urgencia\u201d<\/em><strong>, <\/strong>concluy\u00f3.<\/p>\n<\/div><\/section><\/div><div  style='height:50px' class='hr hr-invisible   avia-builder-el-6  el_after_av_one_full  el_before_av_social_share '><span class='hr-inner ' ><span class='hr-inner-style'><\/span><\/span><\/div><\/p>\n<div  class='av-social-sharing-box  avia-builder-el-7  el_after_av_hr  el_before_av_hr  '><div class='av-share-box'><h5 class='av-share-link-description av-no-toc '>Compartir esta noticia<\/h5><ul class='av-share-box-list noLightbox'><li class='av-share-link av-social-link-facebook' ><a target=\"_blank\" aria-label=\"Compartir en Facebook\" href='https:\/\/www.facebook.com\/sharer.php?u=https:\/\/radiorevelacionfm.cl\/?p=61528&#038;t=Sector%20construcci%C3%B3n%20aborda%20su%20rol%20clave%20en%20taller%20de%20descontaminaci%C3%B3n%20y%20objetivos%20de%20desarrollo%20sostenible' aria-hidden='false' data-av_icon='\ue8f3' data-av_iconfont='entypo-fontello' title='' data-avia-related-tooltip='Compartir en Facebook' rel=\"noopener\"><span class='avia_hidden_link_text'>Compartir en Facebook<\/span><\/a><\/li><li class='av-share-link av-social-link-twitter' ><a target=\"_blank\" aria-label=\"Compartir en Twitter\" href='https:\/\/twitter.com\/share?text=Sector%20construcci%C3%B3n%20aborda%20su%20rol%20clave%20en%20taller%20de%20descontaminaci%C3%B3n%20y%20objetivos%20de%20desarrollo%20sostenible&#038;url=https:\/\/radiorevelacionfm.cl\/?p=61528' aria-hidden='false' data-av_icon='\ue8f1' data-av_iconfont='entypo-fontello' title='' data-avia-related-tooltip='Compartir en Twitter' rel=\"noopener\"><span class='avia_hidden_link_text'>Compartir en Twitter<\/span><\/a><\/li><li class='av-share-link av-social-link-whatsapp' ><a target=\"_blank\" aria-label=\"Compartir en Whatsapp\" href='https:\/\/api.whatsapp.com\/send?text=https:\/\/radiorevelacionfm.cl\/?p=61528' aria-hidden='false' data-av_icon='\uf232' data-av_iconfont='entypo-fontello' title='' data-avia-related-tooltip='Compartir en Whatsapp' rel=\"noopener\"><span class='avia_hidden_link_text'>Compartir en Whatsapp<\/span><\/a><\/li><li class='av-share-link av-social-link-linkedin' ><a target=\"_blank\" aria-label=\"Compartir en LinkedIn\" href='https:\/\/linkedin.com\/shareArticle?mini=true&#038;title=Sector%20construcci%C3%B3n%20aborda%20su%20rol%20clave%20en%20taller%20de%20descontaminaci%C3%B3n%20y%20objetivos%20de%20desarrollo%20sostenible&#038;url=https:\/\/radiorevelacionfm.cl\/?p=61528' aria-hidden='false' data-av_icon='\ue8fc' data-av_iconfont='entypo-fontello' title='' data-avia-related-tooltip='Compartir en LinkedIn' rel=\"noopener\"><span class='avia_hidden_link_text'>Compartir en LinkedIn<\/span><\/a><\/li><li class='av-share-link av-social-link-mail' ><a  aria-label=\"Compartir por correo\" href='mailto:?subject=Sector%20construcci%C3%B3n%20aborda%20su%20rol%20clave%20en%20taller%20de%20descontaminaci%C3%B3n%20y%20objetivos%20de%20desarrollo%20sostenible&#038;body=https:\/\/radiorevelacionfm.cl\/?p=61528' aria-hidden='false' data-av_icon='\ue805' data-av_iconfont='entypo-fontello' title='' data-avia-related-tooltip='Compartir por correo'><span class='avia_hidden_link_text'>Compartir por correo<\/span><\/a><\/li><\/ul><\/div><\/div>\n<div  style='height:50px' class='hr hr-invisible   avia-builder-el-8  el_after_av_social_share  el_before_av_comments_list '><span class='hr-inner ' ><span class='hr-inner-style'><\/span><\/span><\/div>\n<div  class='av-buildercomment  av-blog-meta-html-info-disabled av-blog-meta-tag-disabled  '><\/div>\n","protected":false},"excerpt":{"rendered":"","protected":false},"author":1,"featured_media":61529,"comment_status":"closed","ping_status":"closed","sticky":false,"template":"","format":"standard","meta":{"footnotes":""},"categories":[66,57],"tags":[],"class_list":["post-61528","post","type-post","status-publish","format-standard","has-post-thumbnail","hentry","category-obras-publicas","category-vivienda"],"jetpack_featured_media_url":"https:\/\/radiorevelacionfm.cl\/wp-content\/uploads\/2025\/11\/3-92-1_optimized.jpeg","_links":{"self":[{"href":"https:\/\/radiorevelacionfm.cl\/index.php?rest_route=\/wp\/v2\/posts\/61528","targetHints":{"allow":["GET"]}}],"collection":[{"href":"https:\/\/radiorevelacionfm.cl\/index.php?rest_route=\/wp\/v2\/posts"}],"about":[{"href":"https:\/\/radiorevelacionfm.cl\/index.php?rest_route=\/wp\/v2\/types\/post"}],"author":[{"embeddable":true,"href":"https:\/\/radiorevelacionfm.cl\/index.php?rest_route=\/wp\/v2\/users\/1"}],"replies":[{"embeddable":true,"href":"https:\/\/radiorevelacionfm.cl\/index.php?rest_route=%2Fwp%2Fv2%2Fcomments&post=61528"}],"version-history":[{"count":2,"href":"https:\/\/radiorevelacionfm.cl\/index.php?rest_route=\/wp\/v2\/posts\/61528\/revisions"}],"predecessor-version":[{"id":61535,"href":"https:\/\/radiorevelacionfm.cl\/index.php?rest_route=\/wp\/v2\/posts\/61528\/revisions\/61535"}],"wp:featuredmedia":[{"embeddable":true,"href":"https:\/\/radiorevelacionfm.cl\/index.php?rest_route=\/wp\/v2\/media\/61529"}],"wp:attachment":[{"href":"https:\/\/radiorevelacionfm.cl\/index.php?rest_route=%2Fwp%2Fv2%2Fmedia&parent=61528"}],"wp:term":[{"taxonomy":"category","embeddable":true,"href":"https:\/\/radiorevelacionfm.cl\/index.php?rest_route=%2Fwp%2Fv2%2Fcategories&post=61528"},{"taxonomy":"post_tag","embeddable":true,"href":"https:\/\/radiorevelacionfm.cl\/index.php?rest_route=%2Fwp%2Fv2%2Ftags&post=61528"}],"curies":[{"name":"wp","href":"https:\/\/api.w.org\/{rel}","templated":true}]}}