{"id":61517,"date":"2025-11-18T18:46:20","date_gmt":"2025-11-18T21:46:20","guid":{"rendered":"https:\/\/radiorevelacionfm.cl\/?p=61517"},"modified":"2025-11-18T18:46:20","modified_gmt":"2025-11-18T21:46:20","slug":"pdi-materializa-expulsion-de-ciudadano-brasileno-que-cometio-delitos-e-incivilidades-en-coyhaique","status":"publish","type":"post","link":"https:\/\/radiorevelacionfm.cl\/?p=61517","title":{"rendered":"PDI materializa expulsi\u00f3n de ciudadano brasile\u00f1o que cometi\u00f3 delitos e incivilidades en Coyhaique"},"content":{"rendered":"<div class=\"flex_column av_one_full  flex_column_div av-zero-column-padding first  avia-builder-el-0  el_before_av_one_full  avia-builder-el-first  \" style='border-radius:0px; '><div  class='avia-image-container  av-styling-    avia-builder-el-1  avia-builder-el-no-sibling  avia-align-center '  itemprop=\"image\" itemscope=\"itemscope\" itemtype=\"https:\/\/schema.org\/ImageObject\"  ><div class='avia-image-container-inner'><div class='avia-image-overlay-wrap'><img decoding=\"async\" class='wp-image-61518 avia-img-lazy-loading-not-61518 avia_image' src=\"https:\/\/radiorevelacionfm.cl\/wp-content\/uploads\/2025\/11\/Captura-de-pantalla-2025-11-18-174432-1.jpg\" alt='' title='Captura de pantalla 2025-11-18 174432 (1)' height=\"600\" width=\"1071\"  itemprop=\"thumbnailUrl\" srcset=\"https:\/\/radiorevelacionfm.cl\/wp-content\/uploads\/2025\/11\/Captura-de-pantalla-2025-11-18-174432-1.jpg 1071w, https:\/\/radiorevelacionfm.cl\/wp-content\/uploads\/2025\/11\/Captura-de-pantalla-2025-11-18-174432-1-300x168.jpg 300w, https:\/\/radiorevelacionfm.cl\/wp-content\/uploads\/2025\/11\/Captura-de-pantalla-2025-11-18-174432-1-1030x577.jpg 1030w, https:\/\/radiorevelacionfm.cl\/wp-content\/uploads\/2025\/11\/Captura-de-pantalla-2025-11-18-174432-1-768x430.jpg 768w, https:\/\/radiorevelacionfm.cl\/wp-content\/uploads\/2025\/11\/Captura-de-pantalla-2025-11-18-174432-1-705x395.jpg 705w, https:\/\/radiorevelacionfm.cl\/wp-content\/uploads\/2025\/11\/Captura-de-pantalla-2025-11-18-174432-1-450x252.jpg 450w, https:\/\/radiorevelacionfm.cl\/wp-content\/uploads\/2025\/11\/Captura-de-pantalla-2025-11-18-174432-1-600x336.jpg 600w\" sizes=\"(max-width: 1071px) 100vw, 1071px\" \/><\/div><\/div><\/div><\/div><div class=\"flex_column av_one_full  flex_column_div av-zero-column-padding first  avia-builder-el-2  el_after_av_one_full  el_before_av_one_full  column-top-margin\" style='border-radius:0px; '><section class=\"av_textblock_section \"  itemscope=\"itemscope\" itemtype=\"https:\/\/schema.org\/BlogPosting\" itemprop=\"blogPost\" ><div class='avia_textblock  '   itemprop=\"text\" ><p style=\"text-align: center;\"><span style=\"font-size: 18pt;\"><strong>PDI materializa expulsi\u00f3n de ciudadano brasile\u00f1o que cometi\u00f3 delitos e incivilidades en Coyhaique<\/strong><\/span><\/p>\n<div id=\"gtx-trans\" style=\"position: absolute; left: -50px; top: 4.31534px;\">\n<div class=\"gtx-trans-icon\"><\/div>\n<\/div>\n<\/div><\/section><\/div><div class=\"flex_column av_one_full  flex_column_div av-zero-column-padding first  avia-builder-el-4  el_after_av_one_full  el_before_av_hr  column-top-margin\" style='border-radius:0px; '><section class=\"av_textblock_section \"  itemscope=\"itemscope\" itemtype=\"https:\/\/schema.org\/BlogPosting\" itemprop=\"blogPost\" ><div class='avia_textblock  '   itemprop=\"text\" ><p style=\"text-align: justify;\">Este martes, la Polic\u00eda de Investigaciones de Chile (PDI) inform\u00f3 sobre la materializaci\u00f3n de una expulsi\u00f3n judicial que pesaba en contra de un ciudadano brasile\u00f1o de 45 a\u00f1os, tras ser condenado en septiembre del presente a\u00f1o por el delito de Robo con Intimidaci\u00f3n, pena que fue sustituida por la expulsi\u00f3n del territorio nacional.<\/p>\n<p style=\"text-align: justify;\">De acuerdo a la informaci\u00f3n que maneja la PDI, el extranjero habr\u00eda ingresado al territorio nacional por el paso fronterizo Los Libertadores, en calidad de turista, hace nueve a\u00f1os, posteriormente, tramit\u00f3 una visa temporaria que se encontraba caducada. Adem\u00e1s, dentro de su estad\u00eda en el territorio nacional, contaba con pasos por Santiago y Temuco, llegando hace, aproximadamente, tres a\u00f1os a la Regi\u00f3n de Ays\u00e9n.<\/p>\n<p style=\"text-align: justify;\">Cabe hacer presente que esta persona deambulaba por diferentes localidades de la regi\u00f3n, intimidando a turistas y residentes, siempre con un actuar agresivo. Adem\u00e1s, manten\u00eda antecedentes ligados a delitos de Violaci\u00f3n de Morada, Porte ilegal de Armas y Robo con Intimidaci\u00f3n, entre otros.<\/p>\n<p style=\"text-align: justify;\"><strong>Tramitaci\u00f3n de la expulsi\u00f3n<\/strong><\/p>\n<p style=\"text-align: justify;\">Sobre este procedimiento, el jefe del Departamento de Migraciones y Polic\u00eda Internacional Coyhaique, subprefecto Ren\u00e9 Retamal Quintanilla, se\u00f1al\u00f3 que \u201cuna vez m\u00e1s se dio cumplimiento a nuestro mandato legal como Polic\u00eda de Investigaciones de Chile, el cual es la investigaci\u00f3n de los delitos, el control migratorio y la ejecuci\u00f3n de las medidas de expulsi\u00f3n del pa\u00eds\u201d.<\/p>\n<p style=\"text-align: justify;\">\u201cEl Departamento de Migraciones y Polic\u00eda Internacional, tras diversas fiscalizaciones focalizadas en la ciudad de Coyhaique, detect\u00f3 la presencia de un ciudadano brasile\u00f1o, el cual manten\u00eda su permanencia en el pa\u00eds caducada. Ante dicha situaci\u00f3n, personal de esta brigada procedi\u00f3 a hacer la denuncia administrativa correspondiente al Servicio Nacional de Migraciones, quedando con la medida de firma en nuestra unidad a efecto de ser ubicable\u201d, a\u00f1adi\u00f3 el oficial policial.<\/p>\n<p style=\"text-align: justify;\">Seguidamente, tras los antecedentes que proporcion\u00f3 la comunidad, \u201csobre una persona de nacionalidad brasile\u00f1a que estaba cometiendo ciertos des\u00f3rdenes o incivilidades, este departamento se coordin\u00f3 con el Servicio de Migraciones para agilizar el proceso de expulsi\u00f3n de esta persona\u201d, puntualiz\u00f3 el subprefecto Retamal, agregando que, posteriormente, \u201cse concret\u00f3 este decreto de expulsi\u00f3n, pero al mismo tiempo esta persona cometi\u00f3 diversos delitos de robo con intimidaci\u00f3n en diversos locales de la comuna, lo cual fue investigado por la Brigada Investigadora de Robos de Coyhaique, quienes posicionaron al sujeto en el sitio del suceso, a trav\u00e9s de las c\u00e1maras de seguridad y empadronamiento de testigos, para posteriormente obtener la orden de detenci\u00f3n, concretarla y ponerlo a disposici\u00f3n de los tribunales\u201d.<\/p>\n<p style=\"text-align: justify;\">En esa oportunidad, \u201cel tribunal decret\u00f3 la prisi\u00f3n preventiva del imputado, y ah\u00ed nosotros nuevamente como departamento comenzamos a hacer un trabajo coordinado con el Ministerio P\u00fablico a efecto de que el fiscal solicitara la sustituci\u00f3n de su pena por la expulsi\u00f3n judicial del pa\u00eds, lo cual fue con resultados favorables, decretando el tribunal dicha medida, y desde ah\u00ed se empez\u00f3 a coordinar el traslado a su pa\u00eds natal que es Brasil\u201d, precis\u00f3 el jefe del Departamento de Migraciones Coyhaique.<\/p>\n<p style=\"text-align: justify;\">Finalmente, el oficial graduado indic\u00f3 que \u201cla materializaci\u00f3n de la expulsi\u00f3n se concret\u00f3 la semana pasada, el d\u00eda mi\u00e9rcoles, con tres funcionarios escoltas de la regi\u00f3n, los cuales lo fueron a buscar a Gendarmer\u00eda de Chile para luego trasladarlo a Balmaceda, y de Balmaceda directo a Santiago\u201d. En la capital, \u201cse gestion\u00f3 con el Consulado brasile\u00f1o, a efecto de poder documentar a esta persona para que tuviera un pasaporte y pudiera viajar a su pa\u00eds, lo cual ya se concret\u00f3, y el jueves en la noche, los funcionarios viajaron desde el Aeropuerto Internacional Arturo Merino Ben\u00edtez hasta la ciudad de Sao Paulo, Brasil, siendo entregado finalmente a las autoridades migratorias brasile\u00f1as, quedando el ciudadano brasile\u00f1o con una medida de impedimento de ingreso al pa\u00eds por 10 a\u00f1os\u201d.<\/p>\n<p style=\"text-align: justify;\"><strong>Seguridad para la comunidad<\/strong><\/p>\n<p style=\"text-align: justify;\">Sobre el trabajo desarrollado por la PDI, la Seremi de Seguridad P\u00fablica, Ruth Vallejos Cuiti\u00f1o, destac\u00f3 la labor del Departamento de Migraciones y Polic\u00eda Internacional Coyhaique al entregar una soluci\u00f3n concreta a la comunidad. \u201cLa PDI est\u00e1 permanentemente al servicio del pa\u00eds, en este caso del Poder Judicial, para poder concretar una expulsi\u00f3n que, frente a las incivilidades frecuentes y claramente los delitos de los cuales fue imputado este ciudadano brasile\u00f1o, llam\u00f3 a la necesidad de esta expulsi\u00f3n por 10 a\u00f1os\u201d, destac\u00f3 la autoridad de seguridad.<\/p>\n<p style=\"text-align: justify;\">Adem\u00e1s, la Seremi Vallejos realiz\u00f3 un llamado a denunciar los delitos, \u201cllamar a todos a cuidarnos, a estar alerta frente a las incivilidades y, como en este caso, estar pendiente sobre las soluciones tambi\u00e9n que le da la Polic\u00eda a una problem\u00e1tica que siempre puede afectarnos, como personas cometiendo incivilidades, personas cometiendo delitos, denunciarlos oportunamente, porque ac\u00e1 la PDI est\u00e1 para llevar a cabo los cumplimientos oportunos y necesarios para solucionar estos problemas\u201d.<\/p>\n<\/div><\/section><\/div><div  style='height:50px' class='hr hr-invisible   avia-builder-el-6  el_after_av_one_full  el_before_av_social_share '><span class='hr-inner ' ><span class='hr-inner-style'><\/span><\/span><\/div><\/p>\n<div  class='av-social-sharing-box  avia-builder-el-7  el_after_av_hr  el_before_av_hr  '><div class='av-share-box'><h5 class='av-share-link-description av-no-toc '>Compartir esta noticia<\/h5><ul class='av-share-box-list noLightbox'><li class='av-share-link av-social-link-facebook' ><a target=\"_blank\" aria-label=\"Compartir en Facebook\" href='https:\/\/www.facebook.com\/sharer.php?u=https:\/\/radiorevelacionfm.cl\/?p=61517&#038;t=PDI%20materializa%20expulsi%C3%B3n%20de%20ciudadano%20brasile%C3%B1o%20que%20cometi%C3%B3%20delitos%20e%20incivilidades%20en%20Coyhaique' aria-hidden='false' data-av_icon='\ue8f3' data-av_iconfont='entypo-fontello' title='' data-avia-related-tooltip='Compartir en Facebook' rel=\"noopener\"><span class='avia_hidden_link_text'>Compartir en Facebook<\/span><\/a><\/li><li class='av-share-link av-social-link-twitter' ><a target=\"_blank\" aria-label=\"Compartir en Twitter\" href='https:\/\/twitter.com\/share?text=PDI%20materializa%20expulsi%C3%B3n%20de%20ciudadano%20brasile%C3%B1o%20que%20cometi%C3%B3%20delitos%20e%20incivilidades%20en%20Coyhaique&#038;url=https:\/\/radiorevelacionfm.cl\/?p=61517' aria-hidden='false' data-av_icon='\ue8f1' data-av_iconfont='entypo-fontello' title='' data-avia-related-tooltip='Compartir en Twitter' rel=\"noopener\"><span class='avia_hidden_link_text'>Compartir en Twitter<\/span><\/a><\/li><li class='av-share-link av-social-link-whatsapp' ><a target=\"_blank\" aria-label=\"Compartir en Whatsapp\" href='https:\/\/api.whatsapp.com\/send?text=https:\/\/radiorevelacionfm.cl\/?p=61517' aria-hidden='false' data-av_icon='\uf232' data-av_iconfont='entypo-fontello' title='' data-avia-related-tooltip='Compartir en Whatsapp' rel=\"noopener\"><span class='avia_hidden_link_text'>Compartir en Whatsapp<\/span><\/a><\/li><li class='av-share-link av-social-link-linkedin' ><a target=\"_blank\" aria-label=\"Compartir en LinkedIn\" href='https:\/\/linkedin.com\/shareArticle?mini=true&#038;title=PDI%20materializa%20expulsi%C3%B3n%20de%20ciudadano%20brasile%C3%B1o%20que%20cometi%C3%B3%20delitos%20e%20incivilidades%20en%20Coyhaique&#038;url=https:\/\/radiorevelacionfm.cl\/?p=61517' aria-hidden='false' data-av_icon='\ue8fc' data-av_iconfont='entypo-fontello' title='' data-avia-related-tooltip='Compartir en LinkedIn' rel=\"noopener\"><span class='avia_hidden_link_text'>Compartir en LinkedIn<\/span><\/a><\/li><li class='av-share-link av-social-link-mail' ><a  aria-label=\"Compartir por correo\" href='mailto:?subject=PDI%20materializa%20expulsi%C3%B3n%20de%20ciudadano%20brasile%C3%B1o%20que%20cometi%C3%B3%20delitos%20e%20incivilidades%20en%20Coyhaique&#038;body=https:\/\/radiorevelacionfm.cl\/?p=61517' aria-hidden='false' data-av_icon='\ue805' data-av_iconfont='entypo-fontello' title='' data-avia-related-tooltip='Compartir por correo'><span class='avia_hidden_link_text'>Compartir por correo<\/span><\/a><\/li><\/ul><\/div><\/div>\n<div  style='height:50px' class='hr hr-invisible   avia-builder-el-8  el_after_av_social_share  el_before_av_comments_list '><span class='hr-inner ' ><span class='hr-inner-style'><\/span><\/span><\/div>\n<div  class='av-buildercomment  av-blog-meta-html-info-disabled av-blog-meta-tag-disabled  '><\/div>\n","protected":false},"excerpt":{"rendered":"","protected":false},"author":1,"featured_media":61518,"comment_status":"closed","ping_status":"closed","sticky":false,"template":"","format":"standard","meta":{"footnotes":""},"categories":[36],"tags":[],"class_list":["post-61517","post","type-post","status-publish","format-standard","has-post-thumbnail","hentry","category-policial"],"jetpack_featured_media_url":"https:\/\/radiorevelacionfm.cl\/wp-content\/uploads\/2025\/11\/Captura-de-pantalla-2025-11-18-174432-1.jpg","_links":{"self":[{"href":"https:\/\/radiorevelacionfm.cl\/index.php?rest_route=\/wp\/v2\/posts\/61517","targetHints":{"allow":["GET"]}}],"collection":[{"href":"https:\/\/radiorevelacionfm.cl\/index.php?rest_route=\/wp\/v2\/posts"}],"about":[{"href":"https:\/\/radiorevelacionfm.cl\/index.php?rest_route=\/wp\/v2\/types\/post"}],"author":[{"embeddable":true,"href":"https:\/\/radiorevelacionfm.cl\/index.php?rest_route=\/wp\/v2\/users\/1"}],"replies":[{"embeddable":true,"href":"https:\/\/radiorevelacionfm.cl\/index.php?rest_route=%2Fwp%2Fv2%2Fcomments&post=61517"}],"version-history":[{"count":2,"href":"https:\/\/radiorevelacionfm.cl\/index.php?rest_route=\/wp\/v2\/posts\/61517\/revisions"}],"predecessor-version":[{"id":61520,"href":"https:\/\/radiorevelacionfm.cl\/index.php?rest_route=\/wp\/v2\/posts\/61517\/revisions\/61520"}],"wp:featuredmedia":[{"embeddable":true,"href":"https:\/\/radiorevelacionfm.cl\/index.php?rest_route=\/wp\/v2\/media\/61518"}],"wp:attachment":[{"href":"https:\/\/radiorevelacionfm.cl\/index.php?rest_route=%2Fwp%2Fv2%2Fmedia&parent=61517"}],"wp:term":[{"taxonomy":"category","embeddable":true,"href":"https:\/\/radiorevelacionfm.cl\/index.php?rest_route=%2Fwp%2Fv2%2Fcategories&post=61517"},{"taxonomy":"post_tag","embeddable":true,"href":"https:\/\/radiorevelacionfm.cl\/index.php?rest_route=%2Fwp%2Fv2%2Ftags&post=61517"}],"curies":[{"name":"wp","href":"https:\/\/api.w.org\/{rel}","templated":true}]}}