{"id":61513,"date":"2025-11-18T15:15:31","date_gmt":"2025-11-18T18:15:31","guid":{"rendered":"https:\/\/radiorevelacionfm.cl\/?p=61513"},"modified":"2025-11-18T15:15:31","modified_gmt":"2025-11-18T18:15:31","slug":"gastronomia-cerveza-emprendimiento-y-turismo-llega-el-encuentro-entre-glaciares-a-cochrane","status":"publish","type":"post","link":"https:\/\/radiorevelacionfm.cl\/?p=61513","title":{"rendered":"Gastronom\u00eda, cerveza, emprendimiento y turismo: llega el Encuentro entre Glaciares a Cochrane"},"content":{"rendered":"<div class=\"flex_column av_one_full  flex_column_div av-zero-column-padding first  avia-builder-el-0  el_before_av_one_full  avia-builder-el-first  \" style='border-radius:0px; '><div  class='avia-image-container  av-styling-    avia-builder-el-1  avia-builder-el-no-sibling  avia-align-center '  itemprop=\"image\" itemscope=\"itemscope\" itemtype=\"https:\/\/schema.org\/ImageObject\"  ><div class='avia-image-container-inner'><div class='avia-image-overlay-wrap'><img decoding=\"async\" class='wp-image-61514 avia-img-lazy-loading-not-61514 avia_image' src=\"https:\/\/radiorevelacionfm.cl\/wp-content\/uploads\/2025\/11\/NOTA-ENCUENTRO-ENTRE-GLACIARES-EN-COCHRANE-3-1-1.jpg\" alt='' title='NOTA ENCUENTRO ENTRE GLACIARES EN COCHRANE (3) (1) (1)' height=\"600\" width=\"900\"  itemprop=\"thumbnailUrl\" srcset=\"https:\/\/radiorevelacionfm.cl\/wp-content\/uploads\/2025\/11\/NOTA-ENCUENTRO-ENTRE-GLACIARES-EN-COCHRANE-3-1-1.jpg 900w, https:\/\/radiorevelacionfm.cl\/wp-content\/uploads\/2025\/11\/NOTA-ENCUENTRO-ENTRE-GLACIARES-EN-COCHRANE-3-1-1-300x200.jpg 300w, https:\/\/radiorevelacionfm.cl\/wp-content\/uploads\/2025\/11\/NOTA-ENCUENTRO-ENTRE-GLACIARES-EN-COCHRANE-3-1-1-768x512.jpg 768w, https:\/\/radiorevelacionfm.cl\/wp-content\/uploads\/2025\/11\/NOTA-ENCUENTRO-ENTRE-GLACIARES-EN-COCHRANE-3-1-1-705x470.jpg 705w, https:\/\/radiorevelacionfm.cl\/wp-content\/uploads\/2025\/11\/NOTA-ENCUENTRO-ENTRE-GLACIARES-EN-COCHRANE-3-1-1-450x300.jpg 450w, https:\/\/radiorevelacionfm.cl\/wp-content\/uploads\/2025\/11\/NOTA-ENCUENTRO-ENTRE-GLACIARES-EN-COCHRANE-3-1-1-600x400.jpg 600w\" sizes=\"(max-width: 900px) 100vw, 900px\" \/><\/div><\/div><\/div><\/div><div class=\"flex_column av_one_full  flex_column_div av-zero-column-padding first  avia-builder-el-2  el_after_av_one_full  el_before_av_one_full  column-top-margin\" style='border-radius:0px; '><section class=\"av_textblock_section \"  itemscope=\"itemscope\" itemtype=\"https:\/\/schema.org\/BlogPosting\" itemprop=\"blogPost\" ><div class='avia_textblock  '   itemprop=\"text\" ><p style=\"text-align: center;\"><strong><span style=\"font-size: 18pt;\">Gastronom\u00eda, cerveza, emprendimiento y turismo: llega el Encuentro entre Glaciares a Cochrane<\/span><\/strong><\/p>\n<div id=\"gtx-trans\" style=\"position: absolute; left: -50px; top: 4.31534px;\">\n<div class=\"gtx-trans-icon\"><\/div>\n<\/div>\n<\/div><\/section><\/div><div class=\"flex_column av_one_full  flex_column_div av-zero-column-padding first  avia-builder-el-4  el_after_av_one_full  el_before_av_hr  column-top-margin\" style='border-radius:0px; '><section class=\"av_textblock_section \"  itemscope=\"itemscope\" itemtype=\"https:\/\/schema.org\/BlogPosting\" itemprop=\"blogPost\" ><div class='avia_textblock  '   itemprop=\"text\" ><div style=\"text-align: justify;\">Cochrane ser\u00e1 el punto de encuentro regional este 21 y 22 de noviembre con la realizaci\u00f3n del \u201c<em>Encuentro entre Glaciares 2025<\/em>\u201d, una iniciativa que reunir\u00e1 turismo, gastronom\u00eda, cerveza artesanal, emprendimiento local y una ronda de negocios en el Mercado Municipal. El evento es organizado por la C\u00e1mara de Comercio, Servicios y Turismo de Cochrane, Balloon Latam y Fundaci\u00f3n Parque La Tapera, con el apoyo de la Municipalidad de Cochrane, y busca visibilizar la oferta estival del territorio, entendiendo que la comuna se consolida cada a\u00f1o m\u00e1s como un destino activo durante todo el a\u00f1o.<\/div>\n<div><\/div>\n<div style=\"text-align: justify;\">Desde la C\u00e1mara de Comercio explican que esta actividad naci\u00f3 tras identificar la necesidad de contar con espacios donde mostrar los servicios, productos y experiencias disponibles en \u00e9poca estival. Se\u00f1alan que no se trata de un lanzamiento de temporada tur\u00edstica, sino de un lanzamiento estacional que busca exhibir qu\u00e9 ofrece Cochrane en verano y generar v\u00ednculos entre emprendedores de la comuna, la provincia y la regi\u00f3n. \u201c<em>Detectamos que nos faltaban espacios para mostrar lo que hacemos en verano y cu\u00e1les son los servicios tur\u00edsticos, de alojamiento, gastronom\u00eda y comercio que est\u00e1n disponibles. Queremos invitar a toda la regi\u00f3n de Ays\u00e9n a acompa\u00f1arnos este 21 y 22 en el Mercado Municipal<\/em>\u201d, expres\u00f3 su\u00a0<b>presidenta, Stephanie Rossel.<\/b><\/div>\n<div><\/div>\n<div style=\"text-align: justify;\">Balloon Latam y Fundaci\u00f3n Parque La Tapera lideran la articulaci\u00f3n de la Ronda de Negocios y del componente gastron\u00f3mico del encuentro. Su\u00a0<b>directora regional de Balloon Latam en Ays\u00e9n,\u00a0<\/b>Pamela Barroso, destac\u00f3 que esta instancia es clave para el fortalecimiento de la comunidad emprendedora, ya que permite generar nuevas conexiones, acuerdos comerciales y espacios de colaboraci\u00f3n entre quienes est\u00e1n impulsando la actividad econ\u00f3mica local. \u201c<em>La Ronda de Negocios es un espacio de vinculaci\u00f3n para conocernos, compartir nuestras necesidades y conectar con clientes, proveedores o socios estrat\u00e9gicos. El s\u00e1bado continuaremos con el Festival Baker Gastron\u00f3mico, que crece este a\u00f1o y se integra al Encuentro entre Glaciares, manteniendo nuestro enfoque en fortalecer la identidad local, los productos del territorio y la gastronom\u00eda regional. Por eso realizamos el concurso Rescate de Recetas Familiares, invitando a vecinas y vecinos a postular y acompa\u00f1ar a los finalistas<\/em>\u201d, se\u00f1al\u00f3.<\/div>\n<div><\/div>\n<div style=\"text-align: justify;\">El\u00a0<b>alcalde de Cochrane, Patricio Ulloa Georgia<\/b>, valor\u00f3 el trabajo que desarrollan los emprendedores y el aporte que este encuentro entrega al desarrollo tur\u00edstico y econ\u00f3mico de la comuna. Record\u00f3 que, al iniciar su gesti\u00f3n, los emprendedores fueron claros en transmitir que Cochrane se ha consolidado como un destino activo durante todo el a\u00f1o. \u201c<em>Este encuentro refuerza esa visi\u00f3n y reconoce el esfuerzo de nuestros emprendedores. Invitamos a toda la comunidad a participar el 21 y 22 en el Mercado Municipal, donde habr\u00e1 una variada oferta tur\u00edstica y gastron\u00f3mica propia del verano. Es una instancia importante para destacar el trabajo que realizan con tanto esfuerzo y convicci\u00f3n<\/em>\u201d, indic\u00f3.<\/div>\n<div><\/div>\n<div style=\"text-align: justify;\">Durante ambas jornadas, el p\u00fablico podr\u00e1 participar en la Ronda de Negocios actividad que requiere inscripci\u00f3n previa al tel\u00e9fono +56 9 7789 6432 (Balloon Ays\u00e9n), recorrer la feria de emprendedores, disfrutar del Festival Baker Gastron\u00f3mico, conocer la ruta de cervezas artesanales y acompa\u00f1ar el concurso Rescate de Recetas Familiares, adem\u00e1s de presentaciones art\u00edsticas, conversatorios y actividades de vinculaci\u00f3n entre emprendedores provenientes de distintas localidades de la regi\u00f3n. Desde la organizaci\u00f3n recalcan que, aunque varias actividades requieren inscripci\u00f3n, el festival gastron\u00f3mico y cervecero es abierto para toda la comunidad para conocer, degustar y disfrutar en familia.<\/div>\n<div><\/div>\n<div style=\"text-align: justify;\">El Encuentro entre Glaciares 2025 busca fortalecer la identidad local, impulsar el turismo y dinamizar la econom\u00eda de Cochrane, invitando a vecinas, vecinos, visitantes y emprendedores de toda la regi\u00f3n de Ays\u00e9n a ser parte de esta cita abierta a la comunidad.<\/div>\n<\/div><\/section><\/div><div  style='height:50px' class='hr hr-invisible   avia-builder-el-6  el_after_av_one_full  el_before_av_social_share '><span class='hr-inner ' ><span class='hr-inner-style'><\/span><\/span><\/div><\/p>\n<div  class='av-social-sharing-box  avia-builder-el-7  el_after_av_hr  el_before_av_hr  '><div class='av-share-box'><h5 class='av-share-link-description av-no-toc '>Compartir esta noticia<\/h5><ul class='av-share-box-list noLightbox'><li class='av-share-link av-social-link-facebook' ><a target=\"_blank\" aria-label=\"Compartir en Facebook\" href='https:\/\/www.facebook.com\/sharer.php?u=https:\/\/radiorevelacionfm.cl\/?p=61513&#038;t=Gastronom%C3%ADa%2C%20cerveza%2C%20emprendimiento%20y%20turismo%3A%20llega%20el%20Encuentro%20entre%20Glaciares%20a%20Cochrane' aria-hidden='false' data-av_icon='\ue8f3' data-av_iconfont='entypo-fontello' title='' data-avia-related-tooltip='Compartir en Facebook' rel=\"noopener\"><span class='avia_hidden_link_text'>Compartir en Facebook<\/span><\/a><\/li><li class='av-share-link av-social-link-twitter' ><a target=\"_blank\" aria-label=\"Compartir en Twitter\" href='https:\/\/twitter.com\/share?text=Gastronom%C3%ADa%2C%20cerveza%2C%20emprendimiento%20y%20turismo%3A%20llega%20el%20Encuentro%20entre%20Glaciares%20a%20Cochrane&#038;url=https:\/\/radiorevelacionfm.cl\/?p=61513' aria-hidden='false' data-av_icon='\ue8f1' data-av_iconfont='entypo-fontello' title='' data-avia-related-tooltip='Compartir en Twitter' rel=\"noopener\"><span class='avia_hidden_link_text'>Compartir en Twitter<\/span><\/a><\/li><li class='av-share-link av-social-link-whatsapp' ><a target=\"_blank\" aria-label=\"Compartir en Whatsapp\" href='https:\/\/api.whatsapp.com\/send?text=https:\/\/radiorevelacionfm.cl\/?p=61513' aria-hidden='false' data-av_icon='\uf232' data-av_iconfont='entypo-fontello' title='' data-avia-related-tooltip='Compartir en Whatsapp' rel=\"noopener\"><span class='avia_hidden_link_text'>Compartir en Whatsapp<\/span><\/a><\/li><li class='av-share-link av-social-link-linkedin' ><a target=\"_blank\" aria-label=\"Compartir en LinkedIn\" href='https:\/\/linkedin.com\/shareArticle?mini=true&#038;title=Gastronom%C3%ADa%2C%20cerveza%2C%20emprendimiento%20y%20turismo%3A%20llega%20el%20Encuentro%20entre%20Glaciares%20a%20Cochrane&#038;url=https:\/\/radiorevelacionfm.cl\/?p=61513' aria-hidden='false' data-av_icon='\ue8fc' data-av_iconfont='entypo-fontello' title='' data-avia-related-tooltip='Compartir en LinkedIn' rel=\"noopener\"><span class='avia_hidden_link_text'>Compartir en LinkedIn<\/span><\/a><\/li><li class='av-share-link av-social-link-mail' ><a  aria-label=\"Compartir por correo\" href='mailto:?subject=Gastronom%C3%ADa%2C%20cerveza%2C%20emprendimiento%20y%20turismo%3A%20llega%20el%20Encuentro%20entre%20Glaciares%20a%20Cochrane&#038;body=https:\/\/radiorevelacionfm.cl\/?p=61513' aria-hidden='false' data-av_icon='\ue805' data-av_iconfont='entypo-fontello' title='' data-avia-related-tooltip='Compartir por correo'><span class='avia_hidden_link_text'>Compartir por correo<\/span><\/a><\/li><\/ul><\/div><\/div>\n<div  style='height:50px' class='hr hr-invisible   avia-builder-el-8  el_after_av_social_share  el_before_av_comments_list '><span class='hr-inner ' ><span class='hr-inner-style'><\/span><\/span><\/div>\n<div  class='av-buildercomment  av-blog-meta-html-info-disabled av-blog-meta-tag-disabled  '><\/div>\n","protected":false},"excerpt":{"rendered":"","protected":false},"author":1,"featured_media":61514,"comment_status":"closed","ping_status":"closed","sticky":false,"template":"","format":"standard","meta":{"footnotes":""},"categories":[54],"tags":[],"class_list":["post-61513","post","type-post","status-publish","format-standard","has-post-thumbnail","hentry","category-turismo"],"jetpack_featured_media_url":"https:\/\/radiorevelacionfm.cl\/wp-content\/uploads\/2025\/11\/NOTA-ENCUENTRO-ENTRE-GLACIARES-EN-COCHRANE-3-1-1.jpg","_links":{"self":[{"href":"https:\/\/radiorevelacionfm.cl\/index.php?rest_route=\/wp\/v2\/posts\/61513","targetHints":{"allow":["GET"]}}],"collection":[{"href":"https:\/\/radiorevelacionfm.cl\/index.php?rest_route=\/wp\/v2\/posts"}],"about":[{"href":"https:\/\/radiorevelacionfm.cl\/index.php?rest_route=\/wp\/v2\/types\/post"}],"author":[{"embeddable":true,"href":"https:\/\/radiorevelacionfm.cl\/index.php?rest_route=\/wp\/v2\/users\/1"}],"replies":[{"embeddable":true,"href":"https:\/\/radiorevelacionfm.cl\/index.php?rest_route=%2Fwp%2Fv2%2Fcomments&post=61513"}],"version-history":[{"count":2,"href":"https:\/\/radiorevelacionfm.cl\/index.php?rest_route=\/wp\/v2\/posts\/61513\/revisions"}],"predecessor-version":[{"id":61516,"href":"https:\/\/radiorevelacionfm.cl\/index.php?rest_route=\/wp\/v2\/posts\/61513\/revisions\/61516"}],"wp:featuredmedia":[{"embeddable":true,"href":"https:\/\/radiorevelacionfm.cl\/index.php?rest_route=\/wp\/v2\/media\/61514"}],"wp:attachment":[{"href":"https:\/\/radiorevelacionfm.cl\/index.php?rest_route=%2Fwp%2Fv2%2Fmedia&parent=61513"}],"wp:term":[{"taxonomy":"category","embeddable":true,"href":"https:\/\/radiorevelacionfm.cl\/index.php?rest_route=%2Fwp%2Fv2%2Fcategories&post=61513"},{"taxonomy":"post_tag","embeddable":true,"href":"https:\/\/radiorevelacionfm.cl\/index.php?rest_route=%2Fwp%2Fv2%2Ftags&post=61513"}],"curies":[{"name":"wp","href":"https:\/\/api.w.org\/{rel}","templated":true}]}}