{"id":61506,"date":"2025-11-18T10:45:49","date_gmt":"2025-11-18T13:45:49","guid":{"rendered":"https:\/\/radiorevelacionfm.cl\/?p=61506"},"modified":"2025-11-18T10:45:49","modified_gmt":"2025-11-18T13:45:49","slug":"en-la-region-profesionales-y-tecnicos-se-capacitan-para-tener-una-agricultura-moderna-y-sustentable","status":"publish","type":"post","link":"https:\/\/radiorevelacionfm.cl\/?p=61506","title":{"rendered":"En la regi\u00f3n profesionales y t\u00e9cnicos se capacitan para tener una agricultura moderna y sustentable"},"content":{"rendered":"<div class=\"flex_column av_one_full  flex_column_div av-zero-column-padding first  avia-builder-el-0  el_before_av_one_full  avia-builder-el-first  \" style='border-radius:0px; '><div  class='avia-image-container  av-styling-    avia-builder-el-1  avia-builder-el-no-sibling  avia-align-center '  itemprop=\"image\" itemscope=\"itemscope\" itemtype=\"https:\/\/schema.org\/ImageObject\"  ><div class='avia-image-container-inner'><div class='avia-image-overlay-wrap'><img decoding=\"async\" class='wp-image-61507 avia-img-lazy-loading-not-61507 avia_image' src=\"https:\/\/radiorevelacionfm.cl\/wp-content\/uploads\/2025\/11\/5-1-1-1.jpg\" alt='' title='5 1 (1) (1)' height=\"600\" width=\"906\"  itemprop=\"thumbnailUrl\" srcset=\"https:\/\/radiorevelacionfm.cl\/wp-content\/uploads\/2025\/11\/5-1-1-1.jpg 906w, https:\/\/radiorevelacionfm.cl\/wp-content\/uploads\/2025\/11\/5-1-1-1-300x199.jpg 300w, https:\/\/radiorevelacionfm.cl\/wp-content\/uploads\/2025\/11\/5-1-1-1-768x509.jpg 768w, https:\/\/radiorevelacionfm.cl\/wp-content\/uploads\/2025\/11\/5-1-1-1-705x467.jpg 705w, https:\/\/radiorevelacionfm.cl\/wp-content\/uploads\/2025\/11\/5-1-1-1-450x298.jpg 450w, https:\/\/radiorevelacionfm.cl\/wp-content\/uploads\/2025\/11\/5-1-1-1-600x397.jpg 600w\" sizes=\"(max-width: 906px) 100vw, 906px\" \/><\/div><\/div><\/div><\/div><div class=\"flex_column av_one_full  flex_column_div av-zero-column-padding first  avia-builder-el-2  el_after_av_one_full  el_before_av_one_full  column-top-margin\" style='border-radius:0px; '><section class=\"av_textblock_section \"  itemscope=\"itemscope\" itemtype=\"https:\/\/schema.org\/BlogPosting\" itemprop=\"blogPost\" ><div class='avia_textblock  '   itemprop=\"text\" ><p style=\"text-align: center;\"><span style=\"font-size: 18pt;\"><strong>En la regi\u00f3n profesionales y t\u00e9cnicos se capacitan para tener una agricultura moderna y sustentable<\/strong><\/span><\/p>\n<div id=\"gtx-trans\" style=\"position: absolute; left: -50px; top: 4.31534px;\">\n<div class=\"gtx-trans-icon\"><\/div>\n<\/div>\n<\/div><\/section><\/div><div class=\"flex_column av_one_full  flex_column_div av-zero-column-padding first  avia-builder-el-4  el_after_av_one_full  el_before_av_hr  column-top-margin\" style='border-radius:0px; '><section class=\"av_textblock_section \"  itemscope=\"itemscope\" itemtype=\"https:\/\/schema.org\/BlogPosting\" itemprop=\"blogPost\" ><div class='avia_textblock  '   itemprop=\"text\" ><p style=\"text-align: justify;\"><em>Programa de formaci\u00f3n en pr\u00e1cticas silvoagropecuarias, con foco en suelo y cambio clim\u00e1tico, utiliza modalidad online para llegar a los territorios m\u00e1s apartados de la Patagonia.<\/em><\/p>\n<p style=\"text-align: justify;\"><em>\u00a0<\/em>Con el objetivo de modernizar el campo y enfrentar los nuevos desaf\u00edos clim\u00e1ticos, profesionales y t\u00e9cnicos de la regi\u00f3n de Ays\u00e9n finalizaron con \u00e9xito capacitaci\u00f3n en pr\u00e1cticas sustentables. La iniciativa, impulsada por la Seremi de Agricultura con recursos del Gobierno Regional y su Consejo, utiliz\u00f3 una innovadora plataforma e-learning para superar las barreras de conectividad y facilitar el acceso al conocimiento.<\/p>\n<p style=\"text-align: justify;\">La capacitaci\u00f3n, enmarcada en el programa Suelos de Ays\u00e9n, form\u00f3 a profesionales y t\u00e9cnicos del sector silvoagropecuario en la formulaci\u00f3n de planes de manejo que incorporan nuevas tecnolog\u00edas y pr\u00e1cticas amigables con el medio ambiente, como el uso de enmiendas naturales, cortinas cortaviento y sistemas de cerco el\u00e9ctrico, entre otros.<\/p>\n<p style=\"text-align: justify;\">Una de las participantes, Edith Alarc\u00f3n, de Villa Cerro Castillo, quien es operadora e ingeniera forestal de profesi\u00f3n, destac\u00f3 la importancia de la modalidad online para una madre de dos hijas que vive en una zona alejada. \u00abBasta con el celular o el computador para llegar a lugares donde no llega otra capacitaci\u00f3n\u00bb, afirm\u00f3. Al mismo tiempo destac\u00f3 que el curso se pod\u00eda adaptar a los distintos ritmos de aprendizaje.<\/p>\n<p style=\"text-align: justify;\">Por su parte, \u00d3scar Mart\u00ednez, de profesi\u00f3n ingeniero agr\u00f3nomo, quien realiz\u00f3 por primera vez el curso, destac\u00f3 la oportunidad para encauzar los conocimientos universitarios hacia algo concreto, como la elaboraci\u00f3n de planes de manejo para los productores. \u00abEn una regi\u00f3n tan extensa como la nuestra, que el curso se haya dictado de manera online facilita much\u00edsimo el traspasar el conocimiento\u00bb, se\u00f1al\u00f3.<\/p>\n<p style=\"text-align: justify;\">Ra\u00fal Moya, gerente general de INIA Educa, y quienes realizaron la capacitaci\u00f3n, explic\u00f3 que la instituci\u00f3n utiliza metodolog\u00edas andrag\u00f3gicas, para adultos, que buscan un \u00abdi\u00e1logo de saberes\u00bb con el agricultor. \u00abNo se trata de imponer una pr\u00e1ctica nueva, sino de conversar con \u00e9l, dialogar y ver las ventajas, el para qu\u00e9, qu\u00e9 voy a ganar si logro esta nueva pr\u00e1ctica\u00bb, sostuvo. Este enfoque es clave para superar la renuencia al cambio en la agricultura tradicional.<\/p>\n<p style=\"text-align: justify;\">En este mismo sentido, Camila Reyes, directora regional de INIA Tamel Aike, se\u00f1al\u00f3 que el programa incorpora pr\u00e1cticas silvoagroambientales que buscan mejorar no solo la productividad, sino tambi\u00e9n la sustentabilidad. \u00abEl cambio clim\u00e1tico trae nuevos desaf\u00edos para nuestros productores; tenemos que adelantarnos aplicando estas nuevas pr\u00e1cticas\u00bb, afirm\u00f3.<\/p>\n<p style=\"text-align: justify;\">Finalmente, Eugenio Ruiz, seremi de Agricultura, recalc\u00f3 que la iniciativa es fundamental para \u00abincorporar esta nueva tecnolog\u00eda al campo de Ays\u00e9n\u00bb y que los productores puedan \u00abacercarse a una producci\u00f3n m\u00e1s limpia y sustentable\u00bb. Subray\u00f3 que el cambio clim\u00e1tico \u00ablleg\u00f3 para quedarse\u00bb y que estas herramientas son esenciales para una nueva planificaci\u00f3n acorde a las condiciones actuales de la regi\u00f3n.<\/p>\n<p style=\"text-align: justify;\">Con esta capacitaci\u00f3n, la regi\u00f3n avanza en la modernizaci\u00f3n de su campo, formando capital humano local capaz de liderar la transici\u00f3n hacia una agricultura m\u00e1s productiva, tecnificada y resiliente.<\/p>\n<\/div><\/section><\/div><div  style='height:50px' class='hr hr-invisible   avia-builder-el-6  el_after_av_one_full  el_before_av_social_share '><span class='hr-inner ' ><span class='hr-inner-style'><\/span><\/span><\/div><\/p>\n<div  class='av-social-sharing-box  avia-builder-el-7  el_after_av_hr  el_before_av_hr  '><div class='av-share-box'><h5 class='av-share-link-description av-no-toc '>Compartir esta noticia<\/h5><ul class='av-share-box-list noLightbox'><li class='av-share-link av-social-link-facebook' ><a target=\"_blank\" aria-label=\"Compartir en Facebook\" href='https:\/\/www.facebook.com\/sharer.php?u=https:\/\/radiorevelacionfm.cl\/?p=61506&#038;t=En%20la%20regi%C3%B3n%20profesionales%20y%20t%C3%A9cnicos%20se%20capacitan%20para%20tener%20una%20agricultura%20moderna%20y%20sustentable' aria-hidden='false' data-av_icon='\ue8f3' data-av_iconfont='entypo-fontello' title='' data-avia-related-tooltip='Compartir en Facebook' rel=\"noopener\"><span class='avia_hidden_link_text'>Compartir en Facebook<\/span><\/a><\/li><li class='av-share-link av-social-link-twitter' ><a target=\"_blank\" aria-label=\"Compartir en Twitter\" href='https:\/\/twitter.com\/share?text=En%20la%20regi%C3%B3n%20profesionales%20y%20t%C3%A9cnicos%20se%20capacitan%20para%20tener%20una%20agricultura%20moderna%20y%20sustentable&#038;url=https:\/\/radiorevelacionfm.cl\/?p=61506' aria-hidden='false' data-av_icon='\ue8f1' data-av_iconfont='entypo-fontello' title='' data-avia-related-tooltip='Compartir en Twitter' rel=\"noopener\"><span class='avia_hidden_link_text'>Compartir en Twitter<\/span><\/a><\/li><li class='av-share-link av-social-link-whatsapp' ><a target=\"_blank\" aria-label=\"Compartir en Whatsapp\" href='https:\/\/api.whatsapp.com\/send?text=https:\/\/radiorevelacionfm.cl\/?p=61506' aria-hidden='false' data-av_icon='\uf232' data-av_iconfont='entypo-fontello' title='' data-avia-related-tooltip='Compartir en Whatsapp' rel=\"noopener\"><span class='avia_hidden_link_text'>Compartir en Whatsapp<\/span><\/a><\/li><li class='av-share-link av-social-link-linkedin' ><a target=\"_blank\" aria-label=\"Compartir en LinkedIn\" href='https:\/\/linkedin.com\/shareArticle?mini=true&#038;title=En%20la%20regi%C3%B3n%20profesionales%20y%20t%C3%A9cnicos%20se%20capacitan%20para%20tener%20una%20agricultura%20moderna%20y%20sustentable&#038;url=https:\/\/radiorevelacionfm.cl\/?p=61506' aria-hidden='false' data-av_icon='\ue8fc' data-av_iconfont='entypo-fontello' title='' data-avia-related-tooltip='Compartir en LinkedIn' rel=\"noopener\"><span class='avia_hidden_link_text'>Compartir en LinkedIn<\/span><\/a><\/li><li class='av-share-link av-social-link-mail' ><a  aria-label=\"Compartir por correo\" href='mailto:?subject=En%20la%20regi%C3%B3n%20profesionales%20y%20t%C3%A9cnicos%20se%20capacitan%20para%20tener%20una%20agricultura%20moderna%20y%20sustentable&#038;body=https:\/\/radiorevelacionfm.cl\/?p=61506' aria-hidden='false' data-av_icon='\ue805' data-av_iconfont='entypo-fontello' title='' data-avia-related-tooltip='Compartir por correo'><span class='avia_hidden_link_text'>Compartir por correo<\/span><\/a><\/li><\/ul><\/div><\/div>\n<div  style='height:50px' class='hr hr-invisible   avia-builder-el-8  el_after_av_social_share  el_before_av_comments_list '><span class='hr-inner ' ><span class='hr-inner-style'><\/span><\/span><\/div>\n<div  class='av-buildercomment  av-blog-meta-html-info-disabled av-blog-meta-tag-disabled  '><\/div>\n","protected":false},"excerpt":{"rendered":"","protected":false},"author":1,"featured_media":61507,"comment_status":"closed","ping_status":"closed","sticky":false,"template":"","format":"standard","meta":{"footnotes":""},"categories":[58],"tags":[],"class_list":["post-61506","post","type-post","status-publish","format-standard","has-post-thumbnail","hentry","category-agricultura"],"jetpack_featured_media_url":"https:\/\/radiorevelacionfm.cl\/wp-content\/uploads\/2025\/11\/5-1-1-1.jpg","_links":{"self":[{"href":"https:\/\/radiorevelacionfm.cl\/index.php?rest_route=\/wp\/v2\/posts\/61506","targetHints":{"allow":["GET"]}}],"collection":[{"href":"https:\/\/radiorevelacionfm.cl\/index.php?rest_route=\/wp\/v2\/posts"}],"about":[{"href":"https:\/\/radiorevelacionfm.cl\/index.php?rest_route=\/wp\/v2\/types\/post"}],"author":[{"embeddable":true,"href":"https:\/\/radiorevelacionfm.cl\/index.php?rest_route=\/wp\/v2\/users\/1"}],"replies":[{"embeddable":true,"href":"https:\/\/radiorevelacionfm.cl\/index.php?rest_route=%2Fwp%2Fv2%2Fcomments&post=61506"}],"version-history":[{"count":2,"href":"https:\/\/radiorevelacionfm.cl\/index.php?rest_route=\/wp\/v2\/posts\/61506\/revisions"}],"predecessor-version":[{"id":61512,"href":"https:\/\/radiorevelacionfm.cl\/index.php?rest_route=\/wp\/v2\/posts\/61506\/revisions\/61512"}],"wp:featuredmedia":[{"embeddable":true,"href":"https:\/\/radiorevelacionfm.cl\/index.php?rest_route=\/wp\/v2\/media\/61507"}],"wp:attachment":[{"href":"https:\/\/radiorevelacionfm.cl\/index.php?rest_route=%2Fwp%2Fv2%2Fmedia&parent=61506"}],"wp:term":[{"taxonomy":"category","embeddable":true,"href":"https:\/\/radiorevelacionfm.cl\/index.php?rest_route=%2Fwp%2Fv2%2Fcategories&post=61506"},{"taxonomy":"post_tag","embeddable":true,"href":"https:\/\/radiorevelacionfm.cl\/index.php?rest_route=%2Fwp%2Fv2%2Ftags&post=61506"}],"curies":[{"name":"wp","href":"https:\/\/api.w.org\/{rel}","templated":true}]}}