{"id":61502,"date":"2025-11-17T17:56:56","date_gmt":"2025-11-17T20:56:56","guid":{"rendered":"https:\/\/radiorevelacionfm.cl\/?p=61502"},"modified":"2025-11-17T17:56:56","modified_gmt":"2025-11-17T20:56:56","slug":"pdi-detiene-a-imputado-por-robo-de-vehiculo-motorizado-en-aysen-y-recupera-motocicleta","status":"publish","type":"post","link":"https:\/\/radiorevelacionfm.cl\/?p=61502","title":{"rendered":"PDI detiene a imputado por robo de veh\u00edculo motorizado en Ays\u00e9n y recupera motocicleta"},"content":{"rendered":"<div class=\"flex_column av_one_full  flex_column_div av-zero-column-padding first  avia-builder-el-0  el_before_av_one_full  avia-builder-el-first  \" style='border-radius:0px; '><div  class='avia-image-container  av-styling-    avia-builder-el-1  avia-builder-el-no-sibling  avia-align-center '  itemprop=\"image\" itemscope=\"itemscope\" itemtype=\"https:\/\/schema.org\/ImageObject\"  ><div class='avia-image-container-inner'><div class='avia-image-overlay-wrap'><img decoding=\"async\" class='wp-image-61503 avia-img-lazy-loading-not-61503 avia_image' src=\"https:\/\/radiorevelacionfm.cl\/wp-content\/uploads\/2025\/11\/WhatsApp-Image-2025-11-14-at-10.49.41-PM-1-1.jpeg\" alt='' title='WhatsApp Image 2025-11-14 at 10.49.41 PM (1) (1)' height=\"600\" width=\"800\"  itemprop=\"thumbnailUrl\" srcset=\"https:\/\/radiorevelacionfm.cl\/wp-content\/uploads\/2025\/11\/WhatsApp-Image-2025-11-14-at-10.49.41-PM-1-1.jpeg 800w, https:\/\/radiorevelacionfm.cl\/wp-content\/uploads\/2025\/11\/WhatsApp-Image-2025-11-14-at-10.49.41-PM-1-1-300x225.jpeg 300w, https:\/\/radiorevelacionfm.cl\/wp-content\/uploads\/2025\/11\/WhatsApp-Image-2025-11-14-at-10.49.41-PM-1-1-768x576.jpeg 768w, https:\/\/radiorevelacionfm.cl\/wp-content\/uploads\/2025\/11\/WhatsApp-Image-2025-11-14-at-10.49.41-PM-1-1-705x529.jpeg 705w, https:\/\/radiorevelacionfm.cl\/wp-content\/uploads\/2025\/11\/WhatsApp-Image-2025-11-14-at-10.49.41-PM-1-1-450x338.jpeg 450w, https:\/\/radiorevelacionfm.cl\/wp-content\/uploads\/2025\/11\/WhatsApp-Image-2025-11-14-at-10.49.41-PM-1-1-600x450.jpeg 600w\" sizes=\"(max-width: 800px) 100vw, 800px\" \/><\/div><\/div><\/div><\/div><div class=\"flex_column av_one_full  flex_column_div av-zero-column-padding first  avia-builder-el-2  el_after_av_one_full  el_before_av_one_full  column-top-margin\" style='border-radius:0px; '><section class=\"av_textblock_section \"  itemscope=\"itemscope\" itemtype=\"https:\/\/schema.org\/BlogPosting\" itemprop=\"blogPost\" ><div class='avia_textblock  '   itemprop=\"text\" ><p style=\"text-align: center;\"><strong><span style=\"font-size: 18pt;\">PDI detiene a imputado por robo de veh\u00edculo motorizado en Ays\u00e9n y recupera motocicleta<\/span><\/strong><\/p>\n<div id=\"gtx-trans\" style=\"position: absolute; left: -50px; top: 4.31534px;\">\n<div class=\"gtx-trans-icon\"><\/div>\n<\/div>\n<\/div><\/section><\/div><div class=\"flex_column av_one_full  flex_column_div av-zero-column-padding first  avia-builder-el-4  el_after_av_one_full  el_before_av_hr  column-top-margin\" style='border-radius:0px; '><section class=\"av_textblock_section \"  itemscope=\"itemscope\" itemtype=\"https:\/\/schema.org\/BlogPosting\" itemprop=\"blogPost\" ><div class='avia_textblock  '   itemprop=\"text\" ><p style=\"text-align: justify;\">El pasado viernes 14 de noviembre, detectives de la Brigada de Investigaci\u00f3n Criminal (BICRIM) Ays\u00e9n, en un trabajo coordinado con el Ministerio P\u00fablico, detuvieron a un imputado de 44 a\u00f1os por el delito de Robo de Veh\u00edculo Motorizado.<\/p>\n<p style=\"text-align: justify;\">Al respecto, el jefe de la BICRIM Ays\u00e9n, subprefecto Claudio Reyes Reyes, explic\u00f3 que \u201ca ra\u00edz de una denuncia acogida el 9 de noviembre del 2025 en el complejo policial Ays\u00e9n, mediante la cual se dio cuenta que se hab\u00eda sustra\u00eddo una motocicleta desde una arteria de esta comuna, los detectives comenzaron a realizar el trabajo de sitio de suceso, empadronamiento y el examen de c\u00e1maras del lugar, estableciendo que desconocidos sustrajeron esta motocicleta y la trasladaron por diferentes arterias de la comuna\u201d.<\/p>\n<p style=\"text-align: justify;\">En base al trabajo de an\u00e1lisis criminal, \u201cal realizar el estudio de las c\u00e1maras, se pudo advertir la posibilidad de que la motocicleta pudiera estar en un determinado lugar, motivo por el cual se realiza una entrada y registro voluntario del inmueble, encontrando la motocicleta y la persona arrendataria de este lugar admite su responsabilidad en los hechos\u201d, a\u00f1adi\u00f3 el subprefecto Reyes.<\/p>\n<p style=\"text-align: justify;\">Todos los antecedentes fueron informados al Ministerio P\u00fablico, cuyo fiscal de turno dispuso que el detenido fuera puesto a disposici\u00f3n del Juzgado de Garant\u00eda de Ays\u00e9n por su responsabilidad en el delito de Robo de Veh\u00edculo Motorizado.<\/p>\n<p style=\"text-align: justify;\">La motocicleta, avaluada en dos millones de pesos, fue recuperada y entregada a su propietario.<\/p>\n<p style=\"text-align: justify;\">Finalmente, el oficial policial destac\u00f3 que \u201ccon este tipo de acciones, la Polic\u00eda de Investigaciones da tranquilidad a la ciudadan\u00eda y hace el llamado a realizar las denuncias respectivas para comenzar todas las indagatorias e investigaciones, a trav\u00e9s del an\u00e1lisis y la inteligencia policial, para dar respuesta a estos requerimientos\u201d.<\/p>\n<\/div><\/section><\/div><div  style='height:50px' class='hr hr-invisible   avia-builder-el-6  el_after_av_one_full  el_before_av_social_share '><span class='hr-inner ' ><span class='hr-inner-style'><\/span><\/span><\/div><\/p>\n<div  class='av-social-sharing-box  avia-builder-el-7  el_after_av_hr  el_before_av_hr  '><div class='av-share-box'><h5 class='av-share-link-description av-no-toc '>Compartir esta noticia<\/h5><ul class='av-share-box-list noLightbox'><li class='av-share-link av-social-link-facebook' ><a target=\"_blank\" aria-label=\"Compartir en Facebook\" href='https:\/\/www.facebook.com\/sharer.php?u=https:\/\/radiorevelacionfm.cl\/?p=61502&#038;t=PDI%20detiene%20a%20imputado%20por%20robo%20de%20veh%C3%ADculo%20motorizado%20en%20Ays%C3%A9n%20y%20recupera%20motocicleta' aria-hidden='false' data-av_icon='\ue8f3' data-av_iconfont='entypo-fontello' title='' data-avia-related-tooltip='Compartir en Facebook' rel=\"noopener\"><span class='avia_hidden_link_text'>Compartir en Facebook<\/span><\/a><\/li><li class='av-share-link av-social-link-twitter' ><a target=\"_blank\" aria-label=\"Compartir en Twitter\" href='https:\/\/twitter.com\/share?text=PDI%20detiene%20a%20imputado%20por%20robo%20de%20veh%C3%ADculo%20motorizado%20en%20Ays%C3%A9n%20y%20recupera%20motocicleta&#038;url=https:\/\/radiorevelacionfm.cl\/?p=61502' aria-hidden='false' data-av_icon='\ue8f1' data-av_iconfont='entypo-fontello' title='' data-avia-related-tooltip='Compartir en Twitter' rel=\"noopener\"><span class='avia_hidden_link_text'>Compartir en Twitter<\/span><\/a><\/li><li class='av-share-link av-social-link-whatsapp' ><a target=\"_blank\" aria-label=\"Compartir en Whatsapp\" href='https:\/\/api.whatsapp.com\/send?text=https:\/\/radiorevelacionfm.cl\/?p=61502' aria-hidden='false' data-av_icon='\uf232' data-av_iconfont='entypo-fontello' title='' data-avia-related-tooltip='Compartir en Whatsapp' rel=\"noopener\"><span class='avia_hidden_link_text'>Compartir en Whatsapp<\/span><\/a><\/li><li class='av-share-link av-social-link-linkedin' ><a target=\"_blank\" aria-label=\"Compartir en LinkedIn\" href='https:\/\/linkedin.com\/shareArticle?mini=true&#038;title=PDI%20detiene%20a%20imputado%20por%20robo%20de%20veh%C3%ADculo%20motorizado%20en%20Ays%C3%A9n%20y%20recupera%20motocicleta&#038;url=https:\/\/radiorevelacionfm.cl\/?p=61502' aria-hidden='false' data-av_icon='\ue8fc' data-av_iconfont='entypo-fontello' title='' data-avia-related-tooltip='Compartir en LinkedIn' rel=\"noopener\"><span class='avia_hidden_link_text'>Compartir en LinkedIn<\/span><\/a><\/li><li class='av-share-link av-social-link-mail' ><a  aria-label=\"Compartir por correo\" href='mailto:?subject=PDI%20detiene%20a%20imputado%20por%20robo%20de%20veh%C3%ADculo%20motorizado%20en%20Ays%C3%A9n%20y%20recupera%20motocicleta&#038;body=https:\/\/radiorevelacionfm.cl\/?p=61502' aria-hidden='false' data-av_icon='\ue805' data-av_iconfont='entypo-fontello' title='' data-avia-related-tooltip='Compartir por correo'><span class='avia_hidden_link_text'>Compartir por correo<\/span><\/a><\/li><\/ul><\/div><\/div>\n<div  style='height:50px' class='hr hr-invisible   avia-builder-el-8  el_after_av_social_share  el_before_av_comments_list '><span class='hr-inner ' ><span class='hr-inner-style'><\/span><\/span><\/div>\n<div  class='av-buildercomment  av-blog-meta-html-info-disabled av-blog-meta-tag-disabled  '><\/div>\n","protected":false},"excerpt":{"rendered":"","protected":false},"author":1,"featured_media":61503,"comment_status":"closed","ping_status":"closed","sticky":false,"template":"","format":"standard","meta":{"footnotes":""},"categories":[36],"tags":[],"class_list":["post-61502","post","type-post","status-publish","format-standard","has-post-thumbnail","hentry","category-policial"],"jetpack_featured_media_url":"https:\/\/radiorevelacionfm.cl\/wp-content\/uploads\/2025\/11\/WhatsApp-Image-2025-11-14-at-10.49.41-PM-1-1.jpeg","_links":{"self":[{"href":"https:\/\/radiorevelacionfm.cl\/index.php?rest_route=\/wp\/v2\/posts\/61502","targetHints":{"allow":["GET"]}}],"collection":[{"href":"https:\/\/radiorevelacionfm.cl\/index.php?rest_route=\/wp\/v2\/posts"}],"about":[{"href":"https:\/\/radiorevelacionfm.cl\/index.php?rest_route=\/wp\/v2\/types\/post"}],"author":[{"embeddable":true,"href":"https:\/\/radiorevelacionfm.cl\/index.php?rest_route=\/wp\/v2\/users\/1"}],"replies":[{"embeddable":true,"href":"https:\/\/radiorevelacionfm.cl\/index.php?rest_route=%2Fwp%2Fv2%2Fcomments&post=61502"}],"version-history":[{"count":2,"href":"https:\/\/radiorevelacionfm.cl\/index.php?rest_route=\/wp\/v2\/posts\/61502\/revisions"}],"predecessor-version":[{"id":61505,"href":"https:\/\/radiorevelacionfm.cl\/index.php?rest_route=\/wp\/v2\/posts\/61502\/revisions\/61505"}],"wp:featuredmedia":[{"embeddable":true,"href":"https:\/\/radiorevelacionfm.cl\/index.php?rest_route=\/wp\/v2\/media\/61503"}],"wp:attachment":[{"href":"https:\/\/radiorevelacionfm.cl\/index.php?rest_route=%2Fwp%2Fv2%2Fmedia&parent=61502"}],"wp:term":[{"taxonomy":"category","embeddable":true,"href":"https:\/\/radiorevelacionfm.cl\/index.php?rest_route=%2Fwp%2Fv2%2Fcategories&post=61502"},{"taxonomy":"post_tag","embeddable":true,"href":"https:\/\/radiorevelacionfm.cl\/index.php?rest_route=%2Fwp%2Fv2%2Ftags&post=61502"}],"curies":[{"name":"wp","href":"https:\/\/api.w.org\/{rel}","templated":true}]}}