{"id":61494,"date":"2025-11-17T20:33:52","date_gmt":"2025-11-17T23:33:52","guid":{"rendered":"https:\/\/radiorevelacionfm.cl\/?p=61494"},"modified":"2025-11-17T20:33:52","modified_gmt":"2025-11-17T23:33:52","slug":"este-martes-se-abre-postulacion-al-segundo-llamado-para-el-subsidio-de-sectores-medios","status":"publish","type":"post","link":"https:\/\/radiorevelacionfm.cl\/?p=61494","title":{"rendered":"Este martes se abre postulaci\u00f3n al segundo llamado para el Subsidio de Sectores Medios"},"content":{"rendered":"<div class=\"flex_column av_one_full  flex_column_div av-zero-column-padding first  avia-builder-el-0  el_before_av_one_full  avia-builder-el-first  \" style='border-radius:0px; '><div  class='avia-image-container  av-styling-    avia-builder-el-1  avia-builder-el-no-sibling  avia-align-center '  itemprop=\"image\" itemscope=\"itemscope\" itemtype=\"https:\/\/schema.org\/ImageObject\"  ><div class='avia-image-container-inner'><div class='avia-image-overlay-wrap'><img decoding=\"async\" class='wp-image-61495 avia-img-lazy-loading-not-61495 avia_image' src=\"https:\/\/radiorevelacionfm.cl\/wp-content\/uploads\/2025\/11\/Archivo-casas-entregadas-en-Coyhaique-1-1.jpeg\" alt='' title='Archivo casas entregadas en Coyhaique (1) (1)' height=\"600\" width=\"900\"  itemprop=\"thumbnailUrl\" srcset=\"https:\/\/radiorevelacionfm.cl\/wp-content\/uploads\/2025\/11\/Archivo-casas-entregadas-en-Coyhaique-1-1.jpeg 900w, https:\/\/radiorevelacionfm.cl\/wp-content\/uploads\/2025\/11\/Archivo-casas-entregadas-en-Coyhaique-1-1-300x200.jpeg 300w, https:\/\/radiorevelacionfm.cl\/wp-content\/uploads\/2025\/11\/Archivo-casas-entregadas-en-Coyhaique-1-1-768x512.jpeg 768w, https:\/\/radiorevelacionfm.cl\/wp-content\/uploads\/2025\/11\/Archivo-casas-entregadas-en-Coyhaique-1-1-705x470.jpeg 705w, https:\/\/radiorevelacionfm.cl\/wp-content\/uploads\/2025\/11\/Archivo-casas-entregadas-en-Coyhaique-1-1-450x300.jpeg 450w, https:\/\/radiorevelacionfm.cl\/wp-content\/uploads\/2025\/11\/Archivo-casas-entregadas-en-Coyhaique-1-1-600x400.jpeg 600w\" sizes=\"(max-width: 900px) 100vw, 900px\" \/><\/div><\/div><\/div><\/div><div class=\"flex_column av_one_full  flex_column_div av-zero-column-padding first  avia-builder-el-2  el_after_av_one_full  el_before_av_one_full  column-top-margin\" style='border-radius:0px; '><section class=\"av_textblock_section \"  itemscope=\"itemscope\" itemtype=\"https:\/\/schema.org\/BlogPosting\" itemprop=\"blogPost\" ><div class='avia_textblock  '   itemprop=\"text\" ><p style=\"text-align: center;\"><span style=\"font-size: 18pt;\"><strong>Este martes se abre postulaci\u00f3n al segundo llamado para el Subsidio de Sectores Medios <\/strong><\/span><\/p>\n<div id=\"gtx-trans\" style=\"position: absolute; left: -50px; top: 4.31534px;\">\n<div class=\"gtx-trans-icon\"><\/div>\n<\/div>\n<\/div><\/section><\/div><div class=\"flex_column av_one_full  flex_column_div av-zero-column-padding first  avia-builder-el-4  el_after_av_one_full  el_before_av_hr  column-top-margin\" style='border-radius:0px; '><section class=\"av_textblock_section \"  itemscope=\"itemscope\" itemtype=\"https:\/\/schema.org\/BlogPosting\" itemprop=\"blogPost\" ><div class='avia_textblock  '   itemprop=\"text\" ><p style=\"text-align: justify;\">El Ministerio de Vivienda y Urbanismo (Minvu) record\u00f3 a la comunidad regional que desde este martes 18 de noviembre estar\u00e1n abiertas las postulaciones a los subsidios para las familias de sectores emergentes y medios (DS N\u00b01) que buscan acceder a la soluci\u00f3n habitacional definitiva.<\/p>\n<p style=\"text-align: justify;\">Tal como explic\u00f3 la Secretaria Regional Ministerial de Vivienda, Paulina Ruz Delfin, este segundo llamado del 2025 est\u00e1 dirigido a las familias ayseninas de ingresos medios que no son propietarias de una vivienda, que tienen capacidad de ahorro y posibilidad de complementar el valor de la casa con recursos propios o con un cr\u00e9dito hipotecario.<\/p>\n<p style=\"text-align: justify;\">\u201cLas postulaciones, que se realizar\u00e1n 100% en l\u00ednea (requiere Clave \u00danica), estar\u00e1n abiertas desde este martes 18 y hasta el viernes 28 de noviembre pr\u00f3ximo a trav\u00e9s del\u00a0<em>banner<\/em>\u00a0disponible en el sitio de internet del Ministerio de Vivienda:\u00a0<a href=\"http:\/\/www.minvu.cl\"><strong>www.minvu.cl<\/strong><\/a><strong>. <\/strong>Cabe recordar que el subsidio DS 1 permite comprar una vivienda nueva o usada o construir una casa en sitio propio, ya sea en sectores urbanos o rurales. El beneficio cuenta con tres tramos de postulaci\u00f3n para acceder a viviendas que, en el caso de la regi\u00f3n de Ays\u00e9n, pueden alcanzar un valor m\u00e1ximo de hasta 2.600 UF (unos 100 millones de pesos, aproximadamente), montos especiales que adem\u00e1s rigen para otras regiones extremas. Este programa ha tenido una buena recepci\u00f3n y cobertura en los \u00faltimos a\u00f1os, permitiendo que muchas familias de sectores medios puedan acceder a su casa propia. Por eso hacemos el llamado a que no dejen pasar esta oportunidad, que se informen y realicen sus postulaciones antes del pr\u00f3ximo viernes 28 de noviembre\u201d, precis\u00f3.<\/p>\n<p style=\"text-align: justify;\">Agreg\u00f3 la Seremi que para entregar un mejor servicio a las familias que postulen, se inform\u00f3 desde el Ministerio de Vivienda que la atenci\u00f3n se har\u00e1 en fechas escalonadas de acuerdo con el siguiente cronograma:<\/p>\n<ul style=\"text-align: justify;\">\n<li><strong>Postulaci\u00f3n autom\u00e1tica<\/strong>:\u00a0para personas postulantes no seleccionadas en el primer llamado al DS 1 de 2025. Recibir\u00e1n la propuesta por correo electr\u00f3nico o pueden hacerlo revisando directamente en el sitio web \u201cMinvu Conecta\u201d en <a href=\"http:\/\/www.minvuconecta.cl.\"><strong>minvuconecta.cl<\/strong>.<\/a> Desde el 18 al 28 de noviembre.<\/li>\n<\/ul>\n<ul style=\"text-align: justify;\">\n<li><strong>Postulaci\u00f3n en l\u00ednea<\/strong>:\u00a0dirigida a personas postulantes de llamados previos que\u00a0no aprobaron la propuesta de postulaci\u00f3n autom\u00e1tica\u00a0o nuevos postulantes que no requieran acreditar una situaci\u00f3n especial. Desde el 19 al 28 de noviembre.<\/li>\n<\/ul>\n<ul style=\"text-align: justify;\">\n<li><strong>V\u00eda formulario de Atenci\u00f3n Ciudadana<\/strong>: para quienes no puedan ser atendidas a trav\u00e9s de postulaci\u00f3n autom\u00e1tica o en l\u00ednea. Desde el 21 al 28 de noviembre.<\/li>\n<\/ul>\n<p style=\"text-align: justify;\">Entre los requisitos generales para postular, se cuentan: Tener m\u00ednimo 18 a\u00f1os de edad; Contar con C\u00e9dula de Identidad Nacional (personas extranjeras C\u00e9dula de Identidad para extranjeros vigente donde conste su residencia definitiva); Estar inscrito en el Registro Social de Hogares (RSH) y no superar el porcentaje de calificaci\u00f3n socioecon\u00f3mica que exige la alternativa del tramo al que postula; Acreditar una cuenta de ahorro abierta hace al menos doce meses; Contar con el ahorro m\u00ednimo de acuerdo con el tramo de postulaci\u00f3n (debe estar depositado al \u00faltimo d\u00eda h\u00e1bil del mes anterior al de la postulaci\u00f3n).<\/p>\n<p style=\"text-align: justify;\">Para este llamado se considerar\u00e1n tambi\u00e9n algunas condiciones especiales o facilidades, como: No se exigir\u00e1\u00a0preaprobaci\u00f3n de cr\u00e9dito hipotecario; Se ampliar\u00e1 la vigencia de documentos de acreditaci\u00f3n del terreno en la modalidad de construcci\u00f3n en sitio propio (emitidos con fecha no anterior al 1 de enero de 2024). Asimismo, no se exigir\u00e1 la presentaci\u00f3n de estos documentos a quienes los hayan presentado en el primer o segundo llamado al DS1 de 2024 o al primer llamado a este subsidio de este a\u00f1o (2025); La vigencia de la residencia definitiva de las personas extranjeras ser\u00e1 verificada en forma previa al proceso de selecci\u00f3n. (Ser\u00e1 necesario que presenten su c\u00e9dula de identidad para personas extranjeras en la que conste su residencia definitiva, exceptuando la postulaci\u00f3n autom\u00e1tica).<\/p>\n<p style=\"text-align: justify;\"><strong>\u00a0<\/strong><\/p>\n<\/div><\/section><\/div><div  style='height:50px' class='hr hr-invisible   avia-builder-el-6  el_after_av_one_full  el_before_av_social_share '><span class='hr-inner ' ><span class='hr-inner-style'><\/span><\/span><\/div><\/p>\n<div  class='av-social-sharing-box  avia-builder-el-7  el_after_av_hr  el_before_av_hr  '><div class='av-share-box'><h5 class='av-share-link-description av-no-toc '>Compartir esta noticia<\/h5><ul class='av-share-box-list noLightbox'><li class='av-share-link av-social-link-facebook' ><a target=\"_blank\" aria-label=\"Compartir en Facebook\" href='https:\/\/www.facebook.com\/sharer.php?u=https:\/\/radiorevelacionfm.cl\/?p=61494&#038;t=Este%20martes%20se%20abre%20postulaci%C3%B3n%20al%20segundo%20llamado%20para%20el%20Subsidio%20de%20Sectores%20Medios' aria-hidden='false' data-av_icon='\ue8f3' data-av_iconfont='entypo-fontello' title='' data-avia-related-tooltip='Compartir en Facebook' rel=\"noopener\"><span class='avia_hidden_link_text'>Compartir en Facebook<\/span><\/a><\/li><li class='av-share-link av-social-link-twitter' ><a target=\"_blank\" aria-label=\"Compartir en Twitter\" href='https:\/\/twitter.com\/share?text=Este%20martes%20se%20abre%20postulaci%C3%B3n%20al%20segundo%20llamado%20para%20el%20Subsidio%20de%20Sectores%20Medios&#038;url=https:\/\/radiorevelacionfm.cl\/?p=61494' aria-hidden='false' data-av_icon='\ue8f1' data-av_iconfont='entypo-fontello' title='' data-avia-related-tooltip='Compartir en Twitter' rel=\"noopener\"><span class='avia_hidden_link_text'>Compartir en Twitter<\/span><\/a><\/li><li class='av-share-link av-social-link-whatsapp' ><a target=\"_blank\" aria-label=\"Compartir en Whatsapp\" href='https:\/\/api.whatsapp.com\/send?text=https:\/\/radiorevelacionfm.cl\/?p=61494' aria-hidden='false' data-av_icon='\uf232' data-av_iconfont='entypo-fontello' title='' data-avia-related-tooltip='Compartir en Whatsapp' rel=\"noopener\"><span class='avia_hidden_link_text'>Compartir en Whatsapp<\/span><\/a><\/li><li class='av-share-link av-social-link-linkedin' ><a target=\"_blank\" aria-label=\"Compartir en LinkedIn\" href='https:\/\/linkedin.com\/shareArticle?mini=true&#038;title=Este%20martes%20se%20abre%20postulaci%C3%B3n%20al%20segundo%20llamado%20para%20el%20Subsidio%20de%20Sectores%20Medios&#038;url=https:\/\/radiorevelacionfm.cl\/?p=61494' aria-hidden='false' data-av_icon='\ue8fc' data-av_iconfont='entypo-fontello' title='' data-avia-related-tooltip='Compartir en LinkedIn' rel=\"noopener\"><span class='avia_hidden_link_text'>Compartir en LinkedIn<\/span><\/a><\/li><li class='av-share-link av-social-link-mail' ><a  aria-label=\"Compartir por correo\" href='mailto:?subject=Este%20martes%20se%20abre%20postulaci%C3%B3n%20al%20segundo%20llamado%20para%20el%20Subsidio%20de%20Sectores%20Medios&#038;body=https:\/\/radiorevelacionfm.cl\/?p=61494' aria-hidden='false' data-av_icon='\ue805' data-av_iconfont='entypo-fontello' title='' data-avia-related-tooltip='Compartir por correo'><span class='avia_hidden_link_text'>Compartir por correo<\/span><\/a><\/li><\/ul><\/div><\/div>\n<div  style='height:50px' class='hr hr-invisible   avia-builder-el-8  el_after_av_social_share  el_before_av_comments_list '><span class='hr-inner ' ><span class='hr-inner-style'><\/span><\/span><\/div>\n<div  class='av-buildercomment  av-blog-meta-html-info-disabled av-blog-meta-tag-disabled  '><\/div>\n","protected":false},"excerpt":{"rendered":"","protected":false},"author":1,"featured_media":61495,"comment_status":"closed","ping_status":"closed","sticky":false,"template":"","format":"standard","meta":{"footnotes":""},"categories":[57],"tags":[],"class_list":["post-61494","post","type-post","status-publish","format-standard","has-post-thumbnail","hentry","category-vivienda"],"jetpack_featured_media_url":"https:\/\/radiorevelacionfm.cl\/wp-content\/uploads\/2025\/11\/Archivo-casas-entregadas-en-Coyhaique-1-1.jpeg","_links":{"self":[{"href":"https:\/\/radiorevelacionfm.cl\/index.php?rest_route=\/wp\/v2\/posts\/61494","targetHints":{"allow":["GET"]}}],"collection":[{"href":"https:\/\/radiorevelacionfm.cl\/index.php?rest_route=\/wp\/v2\/posts"}],"about":[{"href":"https:\/\/radiorevelacionfm.cl\/index.php?rest_route=\/wp\/v2\/types\/post"}],"author":[{"embeddable":true,"href":"https:\/\/radiorevelacionfm.cl\/index.php?rest_route=\/wp\/v2\/users\/1"}],"replies":[{"embeddable":true,"href":"https:\/\/radiorevelacionfm.cl\/index.php?rest_route=%2Fwp%2Fv2%2Fcomments&post=61494"}],"version-history":[{"count":2,"href":"https:\/\/radiorevelacionfm.cl\/index.php?rest_route=\/wp\/v2\/posts\/61494\/revisions"}],"predecessor-version":[{"id":61510,"href":"https:\/\/radiorevelacionfm.cl\/index.php?rest_route=\/wp\/v2\/posts\/61494\/revisions\/61510"}],"wp:featuredmedia":[{"embeddable":true,"href":"https:\/\/radiorevelacionfm.cl\/index.php?rest_route=\/wp\/v2\/media\/61495"}],"wp:attachment":[{"href":"https:\/\/radiorevelacionfm.cl\/index.php?rest_route=%2Fwp%2Fv2%2Fmedia&parent=61494"}],"wp:term":[{"taxonomy":"category","embeddable":true,"href":"https:\/\/radiorevelacionfm.cl\/index.php?rest_route=%2Fwp%2Fv2%2Fcategories&post=61494"},{"taxonomy":"post_tag","embeddable":true,"href":"https:\/\/radiorevelacionfm.cl\/index.php?rest_route=%2Fwp%2Fv2%2Ftags&post=61494"}],"curies":[{"name":"wp","href":"https:\/\/api.w.org\/{rel}","templated":true}]}}