{"id":61491,"date":"2025-11-17T18:47:14","date_gmt":"2025-11-17T21:47:14","guid":{"rendered":"https:\/\/radiorevelacionfm.cl\/?p=61491"},"modified":"2025-11-17T18:47:14","modified_gmt":"2025-11-17T21:47:14","slug":"ministra-de-la-corte-suprema-gloria-ana-chevesich-culmina-visita-a-la-jurisdiccion-coyhaique","status":"publish","type":"post","link":"https:\/\/radiorevelacionfm.cl\/?p=61491","title":{"rendered":"Ministra de la Corte Suprema Gloria Ana Chevesich culmina visita a la jurisdicci\u00f3n Coyhaique"},"content":{"rendered":"<div class=\"flex_column av_one_full  flex_column_div av-zero-column-padding first  avia-builder-el-0  el_before_av_one_full  avia-builder-el-first  \" style='border-radius:0px; '><div  class='avia-image-container  av-styling-    avia-builder-el-1  avia-builder-el-no-sibling  avia-align-center '  itemprop=\"image\" itemscope=\"itemscope\" itemtype=\"https:\/\/schema.org\/ImageObject\"  ><div class='avia-image-container-inner'><div class='avia-image-overlay-wrap'><img decoding=\"async\" class='wp-image-61492 avia-img-lazy-loading-not-61492 avia_image' src=\"https:\/\/radiorevelacionfm.cl\/wp-content\/uploads\/2025\/11\/garantia-1-1.jpeg\" alt='' title='garantia (1) (1)' height=\"600\" width=\"900\"  itemprop=\"thumbnailUrl\" srcset=\"https:\/\/radiorevelacionfm.cl\/wp-content\/uploads\/2025\/11\/garantia-1-1.jpeg 900w, https:\/\/radiorevelacionfm.cl\/wp-content\/uploads\/2025\/11\/garantia-1-1-300x200.jpeg 300w, https:\/\/radiorevelacionfm.cl\/wp-content\/uploads\/2025\/11\/garantia-1-1-768x512.jpeg 768w, https:\/\/radiorevelacionfm.cl\/wp-content\/uploads\/2025\/11\/garantia-1-1-705x470.jpeg 705w, https:\/\/radiorevelacionfm.cl\/wp-content\/uploads\/2025\/11\/garantia-1-1-450x300.jpeg 450w, https:\/\/radiorevelacionfm.cl\/wp-content\/uploads\/2025\/11\/garantia-1-1-600x400.jpeg 600w\" sizes=\"(max-width: 900px) 100vw, 900px\" \/><\/div><\/div><\/div><\/div><div class=\"flex_column av_one_full  flex_column_div av-zero-column-padding first  avia-builder-el-2  el_after_av_one_full  el_before_av_one_full  column-top-margin\" style='border-radius:0px; '><section class=\"av_textblock_section \"  itemscope=\"itemscope\" itemtype=\"https:\/\/schema.org\/BlogPosting\" itemprop=\"blogPost\" ><div class='avia_textblock  '   itemprop=\"text\" ><p style=\"text-align: center;\"><span style=\"font-size: 18pt;\"><b>Ministra de la Corte Suprema Gloria Ana Chevesich culmina visita a la jurisdicci\u00f3n Coyhaique<\/b><\/span><\/p>\n<div id=\"gtx-trans\" style=\"position: absolute; left: -50px; top: 4.31534px;\">\n<div class=\"gtx-trans-icon\"><\/div>\n<\/div>\n<\/div><\/section><\/div><div class=\"flex_column av_one_full  flex_column_div av-zero-column-padding first  avia-builder-el-4  el_after_av_one_full  el_before_av_hr  column-top-margin\" style='border-radius:0px; '><section class=\"av_textblock_section \"  itemscope=\"itemscope\" itemtype=\"https:\/\/schema.org\/BlogPosting\" itemprop=\"blogPost\" ><div class='avia_textblock  '   itemprop=\"text\" ><p style=\"font-weight: 400; text-align: justify;\">La ministra de la Corte Suprema Gloria Ana Chevesich finaliz\u00f3 su visita a la jurisdicci\u00f3n Coyhaique, desarrollada entre el 10 y el 14 de noviembre, instancia destinada a supervisar el funcionamiento jurisdiccional y administrativo de los tribunales, conocer sus necesidades locales y fortalecer el v\u00ednculo del Poder Judicial con las comunidades de la zona austral.<\/p>\n<p style=\"font-weight: 400; text-align: justify;\">Durante cinco d\u00edas, la ministra recorri\u00f3 los tribunales de Chile Chico, Cochrane, Puerto Ays\u00e9n, Puerto Cisnes y Coyhaique, y sostuvo reuniones protocolares con autoridades judiciales y locales; de m\u00e1s de recoger inquietudes y propuestas para mejorar la gesti\u00f3n, la infraestructura y la atenci\u00f3n de usuarios en territorios aislados.<\/p>\n<p style=\"font-weight: 400; text-align: justify;\">Tras concluir el recorrido, la ministra Chevesich valor\u00f3 positivamente el desempe\u00f1o de los tribunales de la regi\u00f3n: \u201cMe llevo una muy buena impresi\u00f3n del funcionamiento de los tribunales. En cada localidad, tanto autoridades pol\u00edticas como actores del sistema de justicia penal destacaron el compromiso y la calidad del trabajo judicial\u201d.<\/p>\n<p style=\"font-weight: 400; text-align: justify;\">Asimismo, subray\u00f3 que la visita permiti\u00f3 constatar de primera fuente las realidades de acceso, dotaci\u00f3n e infraestructura que enfrentan los juzgados.<\/p>\n<p style=\"font-weight: 400; text-align: justify;\">En este sentido dijo que: \u201cEn algunos lugares hubo dificultades en los procesos de licitaci\u00f3n. En Puerto Ays\u00e9n, por ejemplo, se debi\u00f3 ajustar el presupuesto para avanzar en la construcci\u00f3n del juzgado, cuya nueva licitaci\u00f3n se realizar\u00e1 el pr\u00f3ximo a\u00f1o\u201d.<\/p>\n<p style=\"font-weight: 400; text-align: justify;\">Respecto de los tribunales de Coyhaique, enfatiz\u00f3 la urgencia de mejorar la separaci\u00f3n de accesos, especialmente en el Juzgado de Garant\u00eda y el Tribunal de Juicio Oral en lo Penal: \u201cEs necesario diferenciar el ingreso de jueces, funcionarios, imputados, testigos y v\u00edctimas. Ese es un aspecto que debe corregirse para fortalecer la seguridad y el adecuado funcionamiento\u201d.<\/p>\n<p style=\"font-weight: 400; text-align: justify;\"><strong>Territorios alejados<\/strong><\/p>\n<p style=\"font-weight: 400; text-align: justify;\">En el Juzgado Mixto de Chile Chico \u2014uno de los puntos m\u00e1s australes de la jurisdicci\u00f3n\u2014 la ministra fue recibida por el magistrado Guillermo Frene, quien destac\u00f3 la relevancia de esta instancia para poner en valor el trabajo que se realiza en un territorio marcado por la distancia y las condiciones clim\u00e1ticas extremas.<\/p>\n<p style=\"font-weight: 400; text-align: justify;\">\u201cNo obstante la distancia y las dificultades para llegar, la ministra tuvo la disposici\u00f3n de entrevistarse con cada uno de nosotros. Su presencia visibiliza nuestro trabajo y realza la labor que realizamos en un territorio aislado y exigente\u201d, se\u00f1al\u00f3 el magistrado.<\/p>\n<p style=\"font-weight: 400; text-align: justify;\">El tribunal tambi\u00e9n expuso las mejoras estructurales implementadas en los \u00faltimos a\u00f1os, entre ellas la renovaci\u00f3n de la fachada, recambio de ventanas, remodelaciones internas y actualizaci\u00f3n del mobiliario.<\/p>\n<p style=\"font-weight: 400; text-align: justify;\">En Cochrane, la ministra sostuvo audiencias protocolares y conoci\u00f3 los avances en modernizaci\u00f3n del edificio, junto con los desaf\u00edos propios del funcionamiento en zonas extremas.<\/p>\n<p style=\"font-weight: 400; text-align: justify;\">La magistrada (s) Luisa Cornejo destac\u00f3 la visita: \u201cQue una ministra de la Corte Suprema llegue hasta Cochrane es altamente significativo. Somos el tribunal m\u00e1s austral de la regi\u00f3n y su visita reconoce nuestro trabajo, nuestras dificultades y nuestro compromiso con el servicio judicial\u201d.<\/p>\n<p style=\"font-weight: 400; text-align: justify;\"><strong>Itinerancias judiciales: acercar la justicia al territorio<\/strong><\/p>\n<p style=\"font-weight: 400; text-align: justify;\">Los tribunales visitados informaron a la ministra sobre sus itinerancias, una herramienta clave para garantizar acceso a la justicia en localidades remotas.<\/p>\n<p style=\"font-weight: 400; text-align: justify;\">En Chile Chico y Cochrane se expusieron los pr\u00f3ximos desplazamientos a sectores como Tortel, Villa O\u2019Higgins, Fachinal, Puerto Guadal, Puerto Bertrand y Puerto Ingeniero Ib\u00e1\u00f1ez.<\/p>\n<p style=\"font-weight: 400; text-align: justify;\">\u201cLa presencia del tribunal en terreno permite resolver casos con mayor inmediaci\u00f3n, considerando la realidad social, cultural y geogr\u00e1fica de cada comunidad\u201d, agreg\u00f3 la magistrada Cornejo.<\/p>\n<p style=\"font-weight: 400; text-align: justify;\"><strong>Coyhaique y tribunales<\/strong><\/p>\n<p style=\"font-weight: 400; text-align: justify;\">En Coyhaique, la ministra se reuni\u00f3 con el Pleno de la Corte de Apelaciones y visit\u00f3 los tribunales de la capital regional, entre ellos: el Primer Juzgado de Letras, el Tribunal de Juicio Oral en lo Penal, el Juzgado de Garant\u00eda, el Juzgado Laboral y el Juzgado de Familia.<\/p>\n<p style=\"font-weight: 400; text-align: justify;\">En este \u00faltimo, la magistrada Norma Maldonado valor\u00f3 la instancia: \u201cLa visita permite mostrar nuestras necesidades y tambi\u00e9n nuestras fortalezas. Que la ministra tenga la voluntad de acercarse a primera instancia demuestra una genuina preocupaci\u00f3n por conocer c\u00f3mo trabajamos\u201d.<\/p>\n<p style=\"font-weight: 400; text-align: justify;\">Durante la cuarta jornada, la ministra visit\u00f3 los tribunales de Puerto Ays\u00e9n y Puerto Cisnes, donde sostuvo audiencias protocolares y conoci\u00f3 en detalle el funcionamiento local. En ambas comunas, se reuni\u00f3 con jueces y funcionarios para recoger sus apreciaciones sobre la labor jurisdiccional y las necesidades del territorio, reforzando la importancia de mantener un v\u00ednculo cercano entre el Poder Judicial y la comunidad.<\/p>\n<p style=\"font-weight: 400; text-align: justify;\">El viernes 14 de noviembre, la ministra concluy\u00f3 sus actividades con audiencias protocolares con autoridades regionales del sistema de justicia como Jaime \u00c1lvarez, fiscal judicial; Juan Patricio Silva, presidente de la Asociaci\u00f3n de Magistrados y Magistradas; Hern\u00e1n Libedinsky, fiscal regional del Ministerio P\u00fablico; y Jorge Moraga, defensor regional.<\/p>\n<p style=\"font-weight: 400; text-align: justify;\">Posteriormente sostuvo un punto de prensa con medios locales de Coyhaique, instancia que permiti\u00f3 acercar el trabajo institucional a la ciudadan\u00eda a trav\u00e9s de sus medios informativos y fortalecer la vinculaci\u00f3n del Poder Judicial con las comunidades de la regi\u00f3n.<\/p>\n<\/div><\/section><\/div><div  style='height:50px' class='hr hr-invisible   avia-builder-el-6  el_after_av_one_full  el_before_av_social_share '><span class='hr-inner ' ><span class='hr-inner-style'><\/span><\/span><\/div><\/p>\n<div  class='av-social-sharing-box  avia-builder-el-7  el_after_av_hr  el_before_av_hr  '><div class='av-share-box'><h5 class='av-share-link-description av-no-toc '>Compartir esta noticia<\/h5><ul class='av-share-box-list noLightbox'><li class='av-share-link av-social-link-facebook' ><a target=\"_blank\" aria-label=\"Compartir en Facebook\" href='https:\/\/www.facebook.com\/sharer.php?u=https:\/\/radiorevelacionfm.cl\/?p=61491&#038;t=Ministra%20de%20la%20Corte%20Suprema%20Gloria%20Ana%20Chevesich%20culmina%20visita%20a%20la%20jurisdicci%C3%B3n%20Coyhaique' aria-hidden='false' data-av_icon='\ue8f3' data-av_iconfont='entypo-fontello' title='' data-avia-related-tooltip='Compartir en Facebook' rel=\"noopener\"><span class='avia_hidden_link_text'>Compartir en Facebook<\/span><\/a><\/li><li class='av-share-link av-social-link-twitter' ><a target=\"_blank\" aria-label=\"Compartir en Twitter\" href='https:\/\/twitter.com\/share?text=Ministra%20de%20la%20Corte%20Suprema%20Gloria%20Ana%20Chevesich%20culmina%20visita%20a%20la%20jurisdicci%C3%B3n%20Coyhaique&#038;url=https:\/\/radiorevelacionfm.cl\/?p=61491' aria-hidden='false' data-av_icon='\ue8f1' data-av_iconfont='entypo-fontello' title='' data-avia-related-tooltip='Compartir en Twitter' rel=\"noopener\"><span class='avia_hidden_link_text'>Compartir en Twitter<\/span><\/a><\/li><li class='av-share-link av-social-link-whatsapp' ><a target=\"_blank\" aria-label=\"Compartir en Whatsapp\" href='https:\/\/api.whatsapp.com\/send?text=https:\/\/radiorevelacionfm.cl\/?p=61491' aria-hidden='false' data-av_icon='\uf232' data-av_iconfont='entypo-fontello' title='' data-avia-related-tooltip='Compartir en Whatsapp' rel=\"noopener\"><span class='avia_hidden_link_text'>Compartir en Whatsapp<\/span><\/a><\/li><li class='av-share-link av-social-link-linkedin' ><a target=\"_blank\" aria-label=\"Compartir en LinkedIn\" href='https:\/\/linkedin.com\/shareArticle?mini=true&#038;title=Ministra%20de%20la%20Corte%20Suprema%20Gloria%20Ana%20Chevesich%20culmina%20visita%20a%20la%20jurisdicci%C3%B3n%20Coyhaique&#038;url=https:\/\/radiorevelacionfm.cl\/?p=61491' aria-hidden='false' data-av_icon='\ue8fc' data-av_iconfont='entypo-fontello' title='' data-avia-related-tooltip='Compartir en LinkedIn' rel=\"noopener\"><span class='avia_hidden_link_text'>Compartir en LinkedIn<\/span><\/a><\/li><li class='av-share-link av-social-link-mail' ><a  aria-label=\"Compartir por correo\" href='mailto:?subject=Ministra%20de%20la%20Corte%20Suprema%20Gloria%20Ana%20Chevesich%20culmina%20visita%20a%20la%20jurisdicci%C3%B3n%20Coyhaique&#038;body=https:\/\/radiorevelacionfm.cl\/?p=61491' aria-hidden='false' data-av_icon='\ue805' data-av_iconfont='entypo-fontello' title='' data-avia-related-tooltip='Compartir por correo'><span class='avia_hidden_link_text'>Compartir por correo<\/span><\/a><\/li><\/ul><\/div><\/div>\n<div  style='height:50px' class='hr hr-invisible   avia-builder-el-8  el_after_av_social_share  el_before_av_comments_list '><span class='hr-inner ' ><span class='hr-inner-style'><\/span><\/span><\/div>\n<div  class='av-buildercomment  av-blog-meta-html-info-disabled av-blog-meta-tag-disabled  '><\/div>\n","protected":false},"excerpt":{"rendered":"","protected":false},"author":1,"featured_media":61492,"comment_status":"closed","ping_status":"closed","sticky":false,"template":"","format":"standard","meta":{"footnotes":""},"categories":[55],"tags":[],"class_list":["post-61491","post","type-post","status-publish","format-standard","has-post-thumbnail","hentry","category-justicia"],"jetpack_featured_media_url":"https:\/\/radiorevelacionfm.cl\/wp-content\/uploads\/2025\/11\/garantia-1-1.jpeg","_links":{"self":[{"href":"https:\/\/radiorevelacionfm.cl\/index.php?rest_route=\/wp\/v2\/posts\/61491","targetHints":{"allow":["GET"]}}],"collection":[{"href":"https:\/\/radiorevelacionfm.cl\/index.php?rest_route=\/wp\/v2\/posts"}],"about":[{"href":"https:\/\/radiorevelacionfm.cl\/index.php?rest_route=\/wp\/v2\/types\/post"}],"author":[{"embeddable":true,"href":"https:\/\/radiorevelacionfm.cl\/index.php?rest_route=\/wp\/v2\/users\/1"}],"replies":[{"embeddable":true,"href":"https:\/\/radiorevelacionfm.cl\/index.php?rest_route=%2Fwp%2Fv2%2Fcomments&post=61491"}],"version-history":[{"count":2,"href":"https:\/\/radiorevelacionfm.cl\/index.php?rest_route=\/wp\/v2\/posts\/61491\/revisions"}],"predecessor-version":[{"id":61509,"href":"https:\/\/radiorevelacionfm.cl\/index.php?rest_route=\/wp\/v2\/posts\/61491\/revisions\/61509"}],"wp:featuredmedia":[{"embeddable":true,"href":"https:\/\/radiorevelacionfm.cl\/index.php?rest_route=\/wp\/v2\/media\/61492"}],"wp:attachment":[{"href":"https:\/\/radiorevelacionfm.cl\/index.php?rest_route=%2Fwp%2Fv2%2Fmedia&parent=61491"}],"wp:term":[{"taxonomy":"category","embeddable":true,"href":"https:\/\/radiorevelacionfm.cl\/index.php?rest_route=%2Fwp%2Fv2%2Fcategories&post=61491"},{"taxonomy":"post_tag","embeddable":true,"href":"https:\/\/radiorevelacionfm.cl\/index.php?rest_route=%2Fwp%2Fv2%2Ftags&post=61491"}],"curies":[{"name":"wp","href":"https:\/\/api.w.org\/{rel}","templated":true}]}}