{"id":61488,"date":"2025-11-17T16:52:03","date_gmt":"2025-11-17T19:52:03","guid":{"rendered":"https:\/\/radiorevelacionfm.cl\/?p=61488"},"modified":"2025-11-17T16:52:03","modified_gmt":"2025-11-17T19:52:03","slug":"hospital-de-puerto-aysen-refuerza-llamado-a-la-prevencion-y-deteccion-temprana-de-la-diabetes","status":"publish","type":"post","link":"https:\/\/radiorevelacionfm.cl\/?p=61488","title":{"rendered":"Hospital de Puerto Ays\u00e9n refuerza llamado a la prevenci\u00f3n y detecci\u00f3n temprana de la diabetes"},"content":{"rendered":"<div class=\"flex_column av_one_full  flex_column_div av-zero-column-padding first  avia-builder-el-0  el_before_av_one_full  avia-builder-el-first  \" style='border-radius:0px; '><div  class='avia-image-container  av-styling-    avia-builder-el-1  avia-builder-el-no-sibling  avia-align-center '  itemprop=\"image\" itemscope=\"itemscope\" itemtype=\"https:\/\/schema.org\/ImageObject\"  ><div class='avia-image-container-inner'><div class='avia-image-overlay-wrap'><img decoding=\"async\" class='wp-image-61489 avia-img-lazy-loading-not-61489 avia_image' src=\"https:\/\/radiorevelacionfm.cl\/wp-content\/uploads\/2025\/11\/REFERENCIAL-1-1.jpeg\" alt='' title='REFERENCIAL (1) (1)' height=\"600\" width=\"716\"  itemprop=\"thumbnailUrl\" srcset=\"https:\/\/radiorevelacionfm.cl\/wp-content\/uploads\/2025\/11\/REFERENCIAL-1-1.jpeg 716w, https:\/\/radiorevelacionfm.cl\/wp-content\/uploads\/2025\/11\/REFERENCIAL-1-1-300x251.jpeg 300w, https:\/\/radiorevelacionfm.cl\/wp-content\/uploads\/2025\/11\/REFERENCIAL-1-1-705x591.jpeg 705w, https:\/\/radiorevelacionfm.cl\/wp-content\/uploads\/2025\/11\/REFERENCIAL-1-1-450x377.jpeg 450w, https:\/\/radiorevelacionfm.cl\/wp-content\/uploads\/2025\/11\/REFERENCIAL-1-1-600x503.jpeg 600w\" sizes=\"(max-width: 716px) 100vw, 716px\" \/><\/div><\/div><\/div><\/div><div class=\"flex_column av_one_full  flex_column_div av-zero-column-padding first  avia-builder-el-2  el_after_av_one_full  el_before_av_one_full  column-top-margin\" style='border-radius:0px; '><section class=\"av_textblock_section \"  itemscope=\"itemscope\" itemtype=\"https:\/\/schema.org\/BlogPosting\" itemprop=\"blogPost\" ><div class='avia_textblock  '   itemprop=\"text\" ><p style=\"text-align: center;\"><span style=\"font-size: 18pt;\"><strong>Hospital de Puerto Ays\u00e9n refuerza llamado a la prevenci\u00f3n y detecci\u00f3n temprana de la diabetes<\/strong><\/span><\/p>\n<div id=\"gtx-trans\" style=\"position: absolute; left: -50px; top: 4.31534px;\">\n<div class=\"gtx-trans-icon\"><\/div>\n<\/div>\n<\/div><\/section><\/div><div class=\"flex_column av_one_full  flex_column_div av-zero-column-padding first  avia-builder-el-4  el_after_av_one_full  el_before_av_hr  column-top-margin\" style='border-radius:0px; '><section class=\"av_textblock_section \"  itemscope=\"itemscope\" itemtype=\"https:\/\/schema.org\/BlogPosting\" itemprop=\"blogPost\" ><div class='avia_textblock  '   itemprop=\"text\" ><p style=\"text-align: justify;\"><em>Una de cada diez personas podr\u00eda vivir con esta enfermedad en la regi\u00f3n.<\/em><\/p>\n<p style=\"text-align: justify;\">En el marco del Mes Mundial de la Diabetes, el Hospital de Puerto Ays\u00e9n se suma al llamado global \u201cRompiendo barreras, cerrando brechas\u201d, promoviendo la educaci\u00f3n y el acceso equitativo al diagn\u00f3stico y tratamiento de esta enfermedad cr\u00f3nica que afecta a millones de personas en el mundo.<\/p>\n<p style=\"text-align: justify;\">Seg\u00fan la Encuesta Nacional de Salud, mientras el promedio nacional de personas con diabetes alcanza el 12,4%, la Regi\u00f3n de Ays\u00e9n registra un 9,4% de personas mayores de 15 a\u00f1os con sospecha de esta condici\u00f3n. Aunque la cifra es menor al promedio nacional, preocupa que muchas personas podr\u00edan no estar diagnosticadas. Adem\u00e1s, el 41,9% de la poblaci\u00f3n adulta de Ays\u00e9n presenta colesterol alto, superando el promedio nacional y aumentando los riesgos asociados a enfermedades cardiovasculares y metab\u00f3licas.<\/p>\n<p style=\"text-align: justify;\">\u201cLa diabetes es una enfermedad silenciosa. Muchas personas no presentan s\u00edntomas en sus primeras etapas, por eso la detecci\u00f3n temprana es clave\u201d, explic\u00f3 la doctora Catalina Herrera Venegas, coordinadora cl\u00ednica del CESFAM de Puerto Ays\u00e9n. \u201cGran parte de los casos podr\u00edan evitarse o controlarse con h\u00e1bitos saludables y chequeos anuales preventivos\u201d, agreg\u00f3.<\/p>\n<p style=\"text-align: justify;\">La <strong>profesional <\/strong>se\u00f1al\u00f3 que la diabetes se produce cuando el cuerpo no puede regular los niveles de az\u00facar en sangre debido a un mal funcionamiento o d\u00e9ficit de insulina, hormona producida por el p\u00e1ncreas. Si no se controla a tiempo, puede generar da\u00f1os graves en \u00f3rganos vitales como el coraz\u00f3n, los ri\u00f1ones, los ojos y los nervios perif\u00e9ricos. De hecho, una de las principales causas de ingreso a di\u00e1lisis en Chile es la diabetes mal controlada.<\/p>\n<p style=\"text-align: justify;\">Entre los signos que pueden alertar sobre la enfermedad se incluyen una sed intensa, el aumento de la frecuencia urinaria, el cansancio persistente, el hambre excesiva y la p\u00e9rdida de peso sin causa aparente. Tambi\u00e9n pueden presentarse visi\u00f3n borrosa, sensaci\u00f3n de hormigueo o ardor en pies y manos, y una cicatrizaci\u00f3n m\u00e1s lenta de las heridas. Estos s\u00edntomas no deben normalizarse, pues pueden ser la manifestaci\u00f3n de una diabetes no diagnosticada.<\/p>\n<p style=\"text-align: justify;\">La doctora Herrera explic\u00f3 que las personas con sobrepeso u obesidad abdominal, h\u00e1bitos sedentarios, antecedentes familiares o mujeres que han tenido diabetes gestacional presentan un mayor riesgo de desarrollar la enfermedad. En hombres, una circunferencia abdominal superior a 90 cent\u00edmetros, y en mujeres mayores a 80, se considera un indicador de riesgo.<\/p>\n<p style=\"text-align: justify;\">Cabe mencionar, que el CESFAM local ofrece ex\u00e1menes preventivos gratuitos para toda la comunidad, a trav\u00e9s del Programa de Medicina Preventiva (EMP) y del EMPAM en adultos mayores, los cuales permiten detectar tempranamente alteraciones del az\u00facar y otros factores de riesgo.<\/p>\n<p style=\"text-align: justify;\">Finalmente, la doctora Herrera hizo un llamado a asumir los h\u00e1bitos saludables como una prioridad cultural y cotidiana. \u201cCaminar m\u00e1s, alimentarse con productos naturales, beber agua, dormir bien y reducir los alimentos procesados puede marcar la diferencia. La prevenci\u00f3n es la mejor herramienta contra la diabetes\u201d, destac\u00f3.<\/p>\n<\/div><\/section><\/div><div  style='height:50px' class='hr hr-invisible   avia-builder-el-6  el_after_av_one_full  el_before_av_social_share '><span class='hr-inner ' ><span class='hr-inner-style'><\/span><\/span><\/div><\/p>\n<div  class='av-social-sharing-box  avia-builder-el-7  el_after_av_hr  el_before_av_hr  '><div class='av-share-box'><h5 class='av-share-link-description av-no-toc '>Compartir esta noticia<\/h5><ul class='av-share-box-list noLightbox'><li class='av-share-link av-social-link-facebook' ><a target=\"_blank\" aria-label=\"Compartir en Facebook\" href='https:\/\/www.facebook.com\/sharer.php?u=https:\/\/radiorevelacionfm.cl\/?p=61488&#038;t=Hospital%20de%20Puerto%20Ays%C3%A9n%20refuerza%20llamado%20a%20la%20prevenci%C3%B3n%20y%20detecci%C3%B3n%20temprana%20de%20la%20diabetes' aria-hidden='false' data-av_icon='\ue8f3' data-av_iconfont='entypo-fontello' title='' data-avia-related-tooltip='Compartir en Facebook' rel=\"noopener\"><span class='avia_hidden_link_text'>Compartir en Facebook<\/span><\/a><\/li><li class='av-share-link av-social-link-twitter' ><a target=\"_blank\" aria-label=\"Compartir en Twitter\" href='https:\/\/twitter.com\/share?text=Hospital%20de%20Puerto%20Ays%C3%A9n%20refuerza%20llamado%20a%20la%20prevenci%C3%B3n%20y%20detecci%C3%B3n%20temprana%20de%20la%20diabetes&#038;url=https:\/\/radiorevelacionfm.cl\/?p=61488' aria-hidden='false' data-av_icon='\ue8f1' data-av_iconfont='entypo-fontello' title='' data-avia-related-tooltip='Compartir en Twitter' rel=\"noopener\"><span class='avia_hidden_link_text'>Compartir en Twitter<\/span><\/a><\/li><li class='av-share-link av-social-link-whatsapp' ><a target=\"_blank\" aria-label=\"Compartir en Whatsapp\" href='https:\/\/api.whatsapp.com\/send?text=https:\/\/radiorevelacionfm.cl\/?p=61488' aria-hidden='false' data-av_icon='\uf232' data-av_iconfont='entypo-fontello' title='' data-avia-related-tooltip='Compartir en Whatsapp' rel=\"noopener\"><span class='avia_hidden_link_text'>Compartir en Whatsapp<\/span><\/a><\/li><li class='av-share-link av-social-link-linkedin' ><a target=\"_blank\" aria-label=\"Compartir en LinkedIn\" href='https:\/\/linkedin.com\/shareArticle?mini=true&#038;title=Hospital%20de%20Puerto%20Ays%C3%A9n%20refuerza%20llamado%20a%20la%20prevenci%C3%B3n%20y%20detecci%C3%B3n%20temprana%20de%20la%20diabetes&#038;url=https:\/\/radiorevelacionfm.cl\/?p=61488' aria-hidden='false' data-av_icon='\ue8fc' data-av_iconfont='entypo-fontello' title='' data-avia-related-tooltip='Compartir en LinkedIn' rel=\"noopener\"><span class='avia_hidden_link_text'>Compartir en LinkedIn<\/span><\/a><\/li><li class='av-share-link av-social-link-mail' ><a  aria-label=\"Compartir por correo\" href='mailto:?subject=Hospital%20de%20Puerto%20Ays%C3%A9n%20refuerza%20llamado%20a%20la%20prevenci%C3%B3n%20y%20detecci%C3%B3n%20temprana%20de%20la%20diabetes&#038;body=https:\/\/radiorevelacionfm.cl\/?p=61488' aria-hidden='false' data-av_icon='\ue805' data-av_iconfont='entypo-fontello' title='' data-avia-related-tooltip='Compartir por correo'><span class='avia_hidden_link_text'>Compartir por correo<\/span><\/a><\/li><\/ul><\/div><\/div>\n<div  style='height:50px' class='hr hr-invisible   avia-builder-el-8  el_after_av_social_share  el_before_av_comments_list '><span class='hr-inner ' ><span class='hr-inner-style'><\/span><\/span><\/div>\n<div  class='av-buildercomment  av-blog-meta-html-info-disabled av-blog-meta-tag-disabled  '><\/div>\n","protected":false},"excerpt":{"rendered":"","protected":false},"author":1,"featured_media":61489,"comment_status":"closed","ping_status":"closed","sticky":false,"template":"","format":"standard","meta":{"footnotes":""},"categories":[46],"tags":[],"class_list":["post-61488","post","type-post","status-publish","format-standard","has-post-thumbnail","hentry","category-salud"],"jetpack_featured_media_url":"https:\/\/radiorevelacionfm.cl\/wp-content\/uploads\/2025\/11\/REFERENCIAL-1-1.jpeg","_links":{"self":[{"href":"https:\/\/radiorevelacionfm.cl\/index.php?rest_route=\/wp\/v2\/posts\/61488","targetHints":{"allow":["GET"]}}],"collection":[{"href":"https:\/\/radiorevelacionfm.cl\/index.php?rest_route=\/wp\/v2\/posts"}],"about":[{"href":"https:\/\/radiorevelacionfm.cl\/index.php?rest_route=\/wp\/v2\/types\/post"}],"author":[{"embeddable":true,"href":"https:\/\/radiorevelacionfm.cl\/index.php?rest_route=\/wp\/v2\/users\/1"}],"replies":[{"embeddable":true,"href":"https:\/\/radiorevelacionfm.cl\/index.php?rest_route=%2Fwp%2Fv2%2Fcomments&post=61488"}],"version-history":[{"count":2,"href":"https:\/\/radiorevelacionfm.cl\/index.php?rest_route=\/wp\/v2\/posts\/61488\/revisions"}],"predecessor-version":[{"id":61501,"href":"https:\/\/radiorevelacionfm.cl\/index.php?rest_route=\/wp\/v2\/posts\/61488\/revisions\/61501"}],"wp:featuredmedia":[{"embeddable":true,"href":"https:\/\/radiorevelacionfm.cl\/index.php?rest_route=\/wp\/v2\/media\/61489"}],"wp:attachment":[{"href":"https:\/\/radiorevelacionfm.cl\/index.php?rest_route=%2Fwp%2Fv2%2Fmedia&parent=61488"}],"wp:term":[{"taxonomy":"category","embeddable":true,"href":"https:\/\/radiorevelacionfm.cl\/index.php?rest_route=%2Fwp%2Fv2%2Fcategories&post=61488"},{"taxonomy":"post_tag","embeddable":true,"href":"https:\/\/radiorevelacionfm.cl\/index.php?rest_route=%2Fwp%2Fv2%2Ftags&post=61488"}],"curies":[{"name":"wp","href":"https:\/\/api.w.org\/{rel}","templated":true}]}}