{"id":61485,"date":"2025-11-17T16:21:00","date_gmt":"2025-11-17T19:21:00","guid":{"rendered":"https:\/\/radiorevelacionfm.cl\/?p=61485"},"modified":"2025-11-17T16:21:00","modified_gmt":"2025-11-17T19:21:00","slug":"aysen-corporacion-chelenko-finaliza-ejecucion-del-bien-publico-de-corfo-turismo-cero-impacto-con-alto-nivel-de-participacion-en-la-cuenca-del-lago-general-carrera","status":"publish","type":"post","link":"https:\/\/radiorevelacionfm.cl\/?p=61485","title":{"rendered":"AYS\u00c9N &#8211; Corporaci\u00f3n Chelenko finaliza ejecuci\u00f3n del Bien P\u00fablico de Corfo \u201cTurismo Cero Impacto\u201d con alto nivel de participaci\u00f3n en la cuenca del lago General Carrera"},"content":{"rendered":"<div class=\"flex_column av_one_full  flex_column_div av-zero-column-padding first  avia-builder-el-0  el_before_av_one_full  avia-builder-el-first  \" style='border-radius:0px; '><div  class='avia-image-container  av-styling-    avia-builder-el-1  avia-builder-el-no-sibling  avia-align-center '  itemprop=\"image\" itemscope=\"itemscope\" itemtype=\"https:\/\/schema.org\/ImageObject\"  ><div class='avia-image-container-inner'><div class='avia-image-overlay-wrap'><img decoding=\"async\" class='wp-image-61486 avia-img-lazy-loading-not-61486 avia_image' src=\"https:\/\/radiorevelacionfm.cl\/wp-content\/uploads\/2025\/11\/04_bbpp_huellacero-1_optimized.jpg\" alt='' title='04_bbpp_huellacero-(1)_optimized' height=\"600\" width=\"1067\"  itemprop=\"thumbnailUrl\" srcset=\"https:\/\/radiorevelacionfm.cl\/wp-content\/uploads\/2025\/11\/04_bbpp_huellacero-1_optimized.jpg 1067w, https:\/\/radiorevelacionfm.cl\/wp-content\/uploads\/2025\/11\/04_bbpp_huellacero-1_optimized-300x169.jpg 300w, https:\/\/radiorevelacionfm.cl\/wp-content\/uploads\/2025\/11\/04_bbpp_huellacero-1_optimized-1030x579.jpg 1030w, https:\/\/radiorevelacionfm.cl\/wp-content\/uploads\/2025\/11\/04_bbpp_huellacero-1_optimized-768x432.jpg 768w, https:\/\/radiorevelacionfm.cl\/wp-content\/uploads\/2025\/11\/04_bbpp_huellacero-1_optimized-705x396.jpg 705w, https:\/\/radiorevelacionfm.cl\/wp-content\/uploads\/2025\/11\/04_bbpp_huellacero-1_optimized-450x253.jpg 450w, https:\/\/radiorevelacionfm.cl\/wp-content\/uploads\/2025\/11\/04_bbpp_huellacero-1_optimized-600x337.jpg 600w\" sizes=\"(max-width: 1067px) 100vw, 1067px\" \/><\/div><\/div><\/div><\/div><div class=\"flex_column av_one_full  flex_column_div av-zero-column-padding first  avia-builder-el-2  el_after_av_one_full  el_before_av_one_full  column-top-margin\" style='border-radius:0px; '><section class=\"av_textblock_section \"  itemscope=\"itemscope\" itemtype=\"https:\/\/schema.org\/BlogPosting\" itemprop=\"blogPost\" ><div class='avia_textblock  '   itemprop=\"text\" ><p style=\"text-align: center;\"><span style=\"font-size: 18pt;\"><b>AYS\u00c9N &#8211; Corporaci\u00f3n Chelenko finaliza ejecuci\u00f3n del Bien P\u00fablico de Corfo \u201cTurismo Cero Impacto\u201d con alto nivel de participaci\u00f3n en la cuenca del lago General Carrera<\/b><\/span><\/p>\n<div id=\"gtx-trans\" style=\"position: absolute; left: -50px; top: 4.31534px;\">\n<div class=\"gtx-trans-icon\"><\/div>\n<\/div>\n<\/div><\/section><\/div><div class=\"flex_column av_one_full  flex_column_div av-zero-column-padding first  avia-builder-el-4  el_after_av_one_full  el_before_av_hr  column-top-margin\" style='border-radius:0px; '><section class=\"av_textblock_section \"  itemscope=\"itemscope\" itemtype=\"https:\/\/schema.org\/BlogPosting\" itemprop=\"blogPost\" ><div class='avia_textblock  '   itemprop=\"text\" ><p style=\"text-align: justify;\"><em>El seminario \u201cHabitar y Producir Sustentable en la ZOIT Chelenko\u201d y el cierre del Bien P\u00fablico reunieron a m\u00e1s de 60 personas para reflexionar sobre usos del agua, sustentabilidad y propuestas para un turismo responsable.<\/em><\/p>\n<p style=\"text-align: justify;\">Con gran participaci\u00f3n ciudadana, expositores de diversos sectores econ\u00f3micos de la cuenca y productores locales, junto a un marcado \u00e9nfasis en la sustentabilidad, se desarroll\u00f3 en Puerto R\u00edo Tranquilo el seminario \u201cHabitar y Producir Sustentable en la ZOIT Chelenko\u201d, actividad que coincidi\u00f3 con el cierre del Bien P\u00fablico \u201cTurismo Cero Impacto: Valor agregado y adaptaci\u00f3n clim\u00e1tica con cocina local y gesti\u00f3n de residuos\u201d, ejecutado por la Corporaci\u00f3n Chelenko y mandatado por Sernatur Ays\u00e9n. Este Bien P\u00fablico fue financiado por el Programa de Desarrollo Productivo Sostenible (DPS) del Ministerio de Econom\u00eda, Fomento y Turismo, con el apoyo de Corfo.<\/p>\n<p style=\"text-align: justify;\">La jornada reuni\u00f3 a m\u00e1s de 60 personas de distintas localidades de la cuenca del lago General Carrera, quienes participaron en mesas de trabajo, presentaciones t\u00e9cnicas y di\u00e1logos intersectoriales centrados en los desaf\u00edos del cambio clim\u00e1tico, la gesti\u00f3n del agua y la necesidad de avanzar hacia un turismo m\u00e1s responsable y arm\u00f3nico con los ecosistemas.<\/p>\n<p style=\"text-align: justify;\">\u201cEl cierre del Bien P\u00fablico marc\u00f3 un avance significativo en la articulaci\u00f3n p\u00fablico-privada para impulsar un turismo responsable\u201d, se\u00f1al\u00f3 Humberto Mar\u00edn Leiva, director de Corfo Ays\u00e9n. La iniciativa permiti\u00f3 instalar capacidades locales y generar herramientas concretas para enfrentar los desaf\u00edos del cambio clim\u00e1tico. En esa l\u00ednea, Mar\u00edn destac\u00f3:\u00a0<em>\u201cEste trabajo refleja c\u00f3mo la colaboraci\u00f3n entre instituciones, emprendedores y comunidades nos permite avanzar hacia un turismo m\u00e1s resiliente e innovador. Nuestro compromiso es seguir impulsando proyectos que agreguen valor y fortalezcan la competitividad del territorio\u201d<\/em>, subrayando la importancia de integrar sustentabilidad e innovaci\u00f3n en la estrategia regional.<\/p>\n<p style=\"text-align: justify;\"><strong>REFLEXIONES Y APRENDIZAJES<\/strong><\/p>\n<p style=\"text-align: justify;\">Durante la ma\u00f1ana, la jornada se centr\u00f3 en el cuidado y uso del agua, mediante exposiciones y talleres grupales, donde actores del turismo, horticultura, ganader\u00eda, educaci\u00f3n, la miner\u00eda, la artesan\u00eda e industria del salm\u00f3n, adem\u00e1s de vecinos, analizaron demandas y desaf\u00edos comunes. El objetivo del trabajo ser\u00e1 la elaboraci\u00f3n de una Estrategia del Agua para el sector tur\u00edstico en la Zona de Inter\u00e9s Tur\u00edstico Chelenko.<\/p>\n<p style=\"text-align: justify;\">En la tarde, se presentaron los resultados de los pilotos \u201cCocina Huella Cero\u201d y \u201cGesti\u00f3n Integral de Residuos S\u00f3lidos\u201d, junto con los avances hacia la instalaci\u00f3n de un futuro Observatorio de Turismo Sustentable y Cambio Clim\u00e1tico.\u00a0 Adem\u00e1s de emprendedores locales, se cont\u00f3 con la participaci\u00f3n de las expositoras Pamela Poo Cifuentes con el tema gastronom\u00eda y sustentabilidad, y D\u00e1mari Rijo Rivas, que abord\u00f3 la importancia de la reparaci\u00f3n de tipo comunitario en la gesti\u00f3n de residuos.\u00a0 Su presencia se logr\u00f3 gracias al apoyo del Programa Estrat\u00e9gico de Turismo (PER) Ays\u00e9n, iniciativa de Corfo Ays\u00e9n con financiamiento del Gobierno Regional de Ays\u00e9n.<\/p>\n<p style=\"text-align: justify;\"><strong>Daniela Urrutia P\u00e9rez, coordinadora del Piloto Cocina Huella Cero,<\/strong>\u00a0destac\u00f3 la importancia de la jornada. \u201cFue un maravilloso encuentro, con una gran concurrencia. Durante el d\u00eda trabajamos en torno a estrategias para un producir m\u00e1s sostenible, y en la tarde se presentaron los Bienes P\u00fablicos Turismo 0 Impacto, donde participaron alrededor de 30 personas de la cuenca. Esperamos sinceramente que estas instancias se sigan replicando, porque son clave para construir acciones comunitarias y cuidar nuestro territorio\u201d, se\u00f1al\u00f3.<\/p>\n<p style=\"text-align: justify;\">El proyecto, financiado con un 75% de aporte de Corfo y una inversi\u00f3n total de $157 millones, cont\u00f3 con la participaci\u00f3n de emprendedoras y emprendedores de S\u00e1nchez, Murta, Tranquilo, Guadal y Bertrand, adem\u00e1s del apoyo t\u00e9cnico del CIEP, Fundaci\u00f3n Lenga, la Corporaci\u00f3n Privada para el Desarrollo de Ays\u00e9n y el investigador culinario Christian Balboa.<\/p>\n<p style=\"text-align: justify;\"><strong>SUSTENTABILIDAD Y COLABORACI\u00d3N<\/strong><\/p>\n<p style=\"text-align: justify;\">La actividad tambi\u00e9n permiti\u00f3 compartir experiencias inspiradoras y degustar platos creados durante el piloto de cocina sostenible, basados en productos locales y t\u00e9cnicas que reducen la huella ambiental.<\/p>\n<p style=\"text-align: justify;\">Miriam Chible Contreras, presidenta de la Corporaci\u00f3n Chelenko, valor\u00f3 el proceso vivido.<br \/>\n\u201cEstamos muy contentos porque tanto el seminario como el cierre del Bien P\u00fablico est\u00e1n afianzados en la visi\u00f3n de la corporaci\u00f3n y de los Objetivos de Desarrollo Sostenible. Hubo participaci\u00f3n diversa, un ambiente de mucha armon\u00eda y la posibilidad de encontrarnos con quienes participaron en todo el proceso. Este trabajo nos permite avanzar hacia la sustentabilidad del destino Chelenko y fortalecer un desarrollo medible en el tiempo\u201d.\u00a0 Agreg\u00f3 que las conversaciones sobre el uso del agua, la vida de los ecosistemas y la producci\u00f3n sustentable abrieron la puerta a replicar estas instancias en otras zonas de la regi\u00f3n.<\/p>\n<p style=\"text-align: justify;\">Por su parte, el director de Corfo Ays\u00e9n, Humberto Mar\u00edn Leiva, valor\u00f3 la implementaci\u00f3n del Bien P\u00fablico y su contribuci\u00f3n al desarrollo productivo sostenible. \u201cEl objetivo es sentar las bases para un Observatorio de Turismo Sustentable y Cambio Clim\u00e1tico, esencial para futuras iniciativas p\u00fablicas y privadas. Este proyecto no s\u00f3lo mejora procesos productivos y mitiga impactos ambientales, sino que tambi\u00e9n fortalece la colaboraci\u00f3n territorial y proyecta un turismo m\u00e1s competitivo y responsable para la regi\u00f3n\u201d, se\u00f1al\u00f3.<\/p>\n<p style=\"text-align: justify;\">En tanto, el director de Sernatur Ays\u00e9n, Claudio Montecinos Angulo, destac\u00f3 que los resultados obtenidos est\u00e1n en coherencia con sus lineamientos estrat\u00e9gicos, especialmente frente a los desaf\u00edos que impone la crisis clim\u00e1tica para el sector turismo.<\/p>\n<p style=\"text-align: justify;\"><strong>RESULTADOS Y PROYECCI\u00d3N<\/strong><\/p>\n<p style=\"text-align: justify;\">Entre los principales resultados del Bien P\u00fablico destacan la elaboraci\u00f3n de diagn\u00f3sticos de gesti\u00f3n de residuos en cinco localidades de la cuenca, el acompa\u00f1amiento t\u00e9cnico a 20 emprendedores y emprendedoras del sector turismo, la creaci\u00f3n de una gu\u00eda educativa para Cocina Huella Cero y la producci\u00f3n de un documental que registra el proceso de gesti\u00f3n de residuos. Asimismo, se avanz\u00f3 en aspectos metodol\u00f3gicos para el dise\u00f1o de un futuro Observatorio de Turismo Sustentable y Cambio Clim\u00e1tico, junto con la instalaci\u00f3n de capacidades locales vinculadas al turismo responsable, la mitigaci\u00f3n y la adaptaci\u00f3n clim\u00e1tica. A esto se suma la creaci\u00f3n del programa radial y podcast \u201cChelenko Huella Cero\u201d, que ha permitido difundir los aprendizajes y fortalecer la participaci\u00f3n comunitaria en torno a la sustentabilidad del territorio.<\/p>\n<p style=\"text-align: justify;\">El proceso evidenci\u00f3 la creciente conciencia territorial sobre la urgencia clim\u00e1tica y la necesidad de construir estrategias sustentables desde la colaboraci\u00f3n comunitaria, sectorial e interinstitucional.<\/p>\n<\/div><\/section><\/div><div  style='height:50px' class='hr hr-invisible   avia-builder-el-6  el_after_av_one_full  el_before_av_social_share '><span class='hr-inner ' ><span class='hr-inner-style'><\/span><\/span><\/div><\/p>\n<div  class='av-social-sharing-box  avia-builder-el-7  el_after_av_hr  el_before_av_hr  '><div class='av-share-box'><h5 class='av-share-link-description av-no-toc '>Compartir esta noticia<\/h5><ul class='av-share-box-list noLightbox'><li class='av-share-link av-social-link-facebook' ><a target=\"_blank\" aria-label=\"Compartir en Facebook\" href='https:\/\/www.facebook.com\/sharer.php?u=https:\/\/radiorevelacionfm.cl\/?p=61485&#038;t=AYS%C3%89N%20%E2%80%93%20Corporaci%C3%B3n%20Chelenko%20finaliza%20ejecuci%C3%B3n%20del%20Bien%20P%C3%BAblico%20de%20Corfo%20%E2%80%9CTurismo%20Cero%20Impacto%E2%80%9D%20con%20alto%20nivel%20de%20participaci%C3%B3n%20en%20la%20cuenca%20del%20lago%20General%20Carrera' aria-hidden='false' data-av_icon='\ue8f3' data-av_iconfont='entypo-fontello' title='' data-avia-related-tooltip='Compartir en Facebook' rel=\"noopener\"><span class='avia_hidden_link_text'>Compartir en Facebook<\/span><\/a><\/li><li class='av-share-link av-social-link-twitter' ><a target=\"_blank\" aria-label=\"Compartir en Twitter\" href='https:\/\/twitter.com\/share?text=AYS%C3%89N%20%E2%80%93%20Corporaci%C3%B3n%20Chelenko%20finaliza%20ejecuci%C3%B3n%20del%20Bien%20P%C3%BAblico%20de%20Corfo%20%E2%80%9CTurismo%20Cero%20Impacto%E2%80%9D%20con%20alto%20nivel%20de%20participaci%C3%B3n%20en%20la%20cuenca%20del%20lago%20General%20Carrera&#038;url=https:\/\/radiorevelacionfm.cl\/?p=61485' aria-hidden='false' data-av_icon='\ue8f1' data-av_iconfont='entypo-fontello' title='' data-avia-related-tooltip='Compartir en Twitter' rel=\"noopener\"><span class='avia_hidden_link_text'>Compartir en Twitter<\/span><\/a><\/li><li class='av-share-link av-social-link-whatsapp' ><a target=\"_blank\" aria-label=\"Compartir en Whatsapp\" href='https:\/\/api.whatsapp.com\/send?text=https:\/\/radiorevelacionfm.cl\/?p=61485' aria-hidden='false' data-av_icon='\uf232' data-av_iconfont='entypo-fontello' title='' data-avia-related-tooltip='Compartir en Whatsapp' rel=\"noopener\"><span class='avia_hidden_link_text'>Compartir en Whatsapp<\/span><\/a><\/li><li class='av-share-link av-social-link-linkedin' ><a target=\"_blank\" aria-label=\"Compartir en LinkedIn\" href='https:\/\/linkedin.com\/shareArticle?mini=true&#038;title=AYS%C3%89N%20%E2%80%93%20Corporaci%C3%B3n%20Chelenko%20finaliza%20ejecuci%C3%B3n%20del%20Bien%20P%C3%BAblico%20de%20Corfo%20%E2%80%9CTurismo%20Cero%20Impacto%E2%80%9D%20con%20alto%20nivel%20de%20participaci%C3%B3n%20en%20la%20cuenca%20del%20lago%20General%20Carrera&#038;url=https:\/\/radiorevelacionfm.cl\/?p=61485' aria-hidden='false' data-av_icon='\ue8fc' data-av_iconfont='entypo-fontello' title='' data-avia-related-tooltip='Compartir en LinkedIn' rel=\"noopener\"><span class='avia_hidden_link_text'>Compartir en LinkedIn<\/span><\/a><\/li><li class='av-share-link av-social-link-mail' ><a  aria-label=\"Compartir por correo\" href='mailto:?subject=AYS%C3%89N%20%E2%80%93%20Corporaci%C3%B3n%20Chelenko%20finaliza%20ejecuci%C3%B3n%20del%20Bien%20P%C3%BAblico%20de%20Corfo%20%E2%80%9CTurismo%20Cero%20Impacto%E2%80%9D%20con%20alto%20nivel%20de%20participaci%C3%B3n%20en%20la%20cuenca%20del%20lago%20General%20Carrera&#038;body=https:\/\/radiorevelacionfm.cl\/?p=61485' aria-hidden='false' data-av_icon='\ue805' data-av_iconfont='entypo-fontello' title='' data-avia-related-tooltip='Compartir por correo'><span class='avia_hidden_link_text'>Compartir por correo<\/span><\/a><\/li><\/ul><\/div><\/div>\n<div  style='height:50px' class='hr hr-invisible   avia-builder-el-8  el_after_av_social_share  el_before_av_comments_list '><span class='hr-inner ' ><span class='hr-inner-style'><\/span><\/span><\/div>\n<div  class='av-buildercomment  av-blog-meta-html-info-disabled av-blog-meta-tag-disabled  '><\/div>\n","protected":false},"excerpt":{"rendered":"","protected":false},"author":1,"featured_media":61486,"comment_status":"closed","ping_status":"closed","sticky":false,"template":"","format":"standard","meta":{"footnotes":""},"categories":[54],"tags":[],"class_list":["post-61485","post","type-post","status-publish","format-standard","has-post-thumbnail","hentry","category-turismo"],"jetpack_featured_media_url":"https:\/\/radiorevelacionfm.cl\/wp-content\/uploads\/2025\/11\/04_bbpp_huellacero-1_optimized.jpg","_links":{"self":[{"href":"https:\/\/radiorevelacionfm.cl\/index.php?rest_route=\/wp\/v2\/posts\/61485","targetHints":{"allow":["GET"]}}],"collection":[{"href":"https:\/\/radiorevelacionfm.cl\/index.php?rest_route=\/wp\/v2\/posts"}],"about":[{"href":"https:\/\/radiorevelacionfm.cl\/index.php?rest_route=\/wp\/v2\/types\/post"}],"author":[{"embeddable":true,"href":"https:\/\/radiorevelacionfm.cl\/index.php?rest_route=\/wp\/v2\/users\/1"}],"replies":[{"embeddable":true,"href":"https:\/\/radiorevelacionfm.cl\/index.php?rest_route=%2Fwp%2Fv2%2Fcomments&post=61485"}],"version-history":[{"count":2,"href":"https:\/\/radiorevelacionfm.cl\/index.php?rest_route=\/wp\/v2\/posts\/61485\/revisions"}],"predecessor-version":[{"id":61500,"href":"https:\/\/radiorevelacionfm.cl\/index.php?rest_route=\/wp\/v2\/posts\/61485\/revisions\/61500"}],"wp:featuredmedia":[{"embeddable":true,"href":"https:\/\/radiorevelacionfm.cl\/index.php?rest_route=\/wp\/v2\/media\/61486"}],"wp:attachment":[{"href":"https:\/\/radiorevelacionfm.cl\/index.php?rest_route=%2Fwp%2Fv2%2Fmedia&parent=61485"}],"wp:term":[{"taxonomy":"category","embeddable":true,"href":"https:\/\/radiorevelacionfm.cl\/index.php?rest_route=%2Fwp%2Fv2%2Fcategories&post=61485"},{"taxonomy":"post_tag","embeddable":true,"href":"https:\/\/radiorevelacionfm.cl\/index.php?rest_route=%2Fwp%2Fv2%2Ftags&post=61485"}],"curies":[{"name":"wp","href":"https:\/\/api.w.org\/{rel}","templated":true}]}}