{"id":61477,"date":"2025-11-17T15:02:43","date_gmt":"2025-11-17T18:02:43","guid":{"rendered":"https:\/\/radiorevelacionfm.cl\/?p=61477"},"modified":"2025-11-17T15:02:43","modified_gmt":"2025-11-17T18:02:43","slug":"gobierno-lanza-campana-para-revitalizar-y-fortalecer-las-lenguas-indigenas","status":"publish","type":"post","link":"https:\/\/radiorevelacionfm.cl\/?p=61477","title":{"rendered":"Gobierno lanza campa\u00f1a para revitalizar y fortalecer las lenguas ind\u00edgenas"},"content":{"rendered":"<div class=\"flex_column av_one_full  flex_column_div av-zero-column-padding first  avia-builder-el-0  el_before_av_one_full  avia-builder-el-first  \" style='border-radius:0px; '><div  class='avia-image-container  av-styling-    avia-builder-el-1  avia-builder-el-no-sibling  avia-align-center '  itemprop=\"image\" itemscope=\"itemscope\" itemtype=\"https:\/\/schema.org\/ImageObject\"  ><div class='avia-image-container-inner'><div class='avia-image-overlay-wrap'><img decoding=\"async\" class='wp-image-61478 avia-img-lazy-loading-not-61478 avia_image' src=\"https:\/\/radiorevelacionfm.cl\/wp-content\/uploads\/2025\/11\/GRAFICAS-FINALES-LENGUAS_1-1-1.jpg\" alt='' title='GRAFICAS FINALES LENGUAS_1 (1) (1)' height=\"600\" width=\"480\"  itemprop=\"thumbnailUrl\" srcset=\"https:\/\/radiorevelacionfm.cl\/wp-content\/uploads\/2025\/11\/GRAFICAS-FINALES-LENGUAS_1-1-1.jpg 480w, https:\/\/radiorevelacionfm.cl\/wp-content\/uploads\/2025\/11\/GRAFICAS-FINALES-LENGUAS_1-1-1-240x300.jpg 240w, https:\/\/radiorevelacionfm.cl\/wp-content\/uploads\/2025\/11\/GRAFICAS-FINALES-LENGUAS_1-1-1-450x563.jpg 450w\" sizes=\"(max-width: 480px) 100vw, 480px\" \/><\/div><\/div><\/div><\/div><div class=\"flex_column av_one_full  flex_column_div av-zero-column-padding first  avia-builder-el-2  el_after_av_one_full  el_before_av_one_full  column-top-margin\" style='border-radius:0px; '><section class=\"av_textblock_section \"  itemscope=\"itemscope\" itemtype=\"https:\/\/schema.org\/BlogPosting\" itemprop=\"blogPost\" ><div class='avia_textblock  '   itemprop=\"text\" ><p style=\"text-align: center;\"><span style=\"font-size: 18pt;\"><strong>Gobierno lanza campa\u00f1a para revitalizar y fortalecer las lenguas ind\u00edgenas<\/strong><\/span><\/p>\n<div id=\"gtx-trans\" style=\"position: absolute; left: -50px; top: 4.31534px;\">\n<div class=\"gtx-trans-icon\"><\/div>\n<\/div>\n<\/div><\/section><\/div><div class=\"flex_column av_one_full  flex_column_div av-zero-column-padding first  avia-builder-el-4  el_after_av_one_full  el_before_av_hr  column-top-margin\" style='border-radius:0px; '><section class=\"av_textblock_section \"  itemscope=\"itemscope\" itemtype=\"https:\/\/schema.org\/BlogPosting\" itemprop=\"blogPost\" ><div class='avia_textblock  '   itemprop=\"text\" ><p style=\"text-align: justify;\"><em>Con la presencia de autoridades de gobierno, sociedad civil perteneciente a pueblos ind\u00edgenas, estudiantes y p\u00fablico general, se present\u00f3 una nueva versi\u00f3n de la campa\u00f1a \u201cLas lenguas son el futuro\u201d, iniciativa impulsada por el Observatorio de Participaci\u00f3n Ciudadana y No Discriminaci\u00f3n. <\/em><\/p>\n<p style=\"text-align: justify;\">En la Corporaci\u00f3n Cultural de Recoleta, se realiz\u00f3 el lanzamiento de la cuarta versi\u00f3n de la campa\u00f1a comunicacional \u201cLas lenguas son el futuro\u201d, cuyo objetivo es promover y fortalecer las lenguas de los pueblos ind\u00edgenas del pa\u00eds, con especial \u00e9nfasis en la promoci\u00f3n del uso de las lenguas entre los ni\u00f1os, ni\u00f1as y adolescentes y en la urgencia de formar nuevos hablantes.<\/p>\n<p style=\"text-align: justify;\">Esta campa\u00f1a se enmarca en el cumplimiento del Segundo Plan Nacional de Derechos Humanos (PNDH) de Chile, normado por la Ley N\u00b020.885, en el que se establece el compromiso del Observatorio de Participaci\u00f3n Ciudadana y No Discriminaci\u00f3n (OPCND) del Ministerio Secretar\u00eda General de Gobierno para la elaboraci\u00f3n de una campa\u00f1a comunicacional anual de fortalecimiento y promoci\u00f3n de las lenguas de los pueblos originarios del pa\u00eds, entendida como un acto de justicia.<\/p>\n<p style=\"text-align: justify;\">La actividad fue encabezada por el subsecretario general de Gobierno, Erwin D\u00edaz, quien sostuvo que \u201clas lenguas de los pueblos ind\u00edgenas son un derecho humano y un patrimonio vivo de la humanidad. No es s\u00f3lo un compromiso cultural, es un deber \u00e9tico y un mandato internacional que Chile asumi\u00f3 con responsabilidad. Cada vez que una lengua desaparece, se apaga una parte de nuestra historia y de nuestra identidad. Con la campa\u00f1a \u2018Las Lenguas son el Futuro\u2019 queremos impulsar su revitalizaci\u00f3n y, junto a las comunidades, abrir paso a un pa\u00eds que reconoce, valora y celebra sus ra\u00edces. Este es un llamado a todos y todas: aprender, respetar y transmitir estas lenguas es preservar qui\u00e9nes somos.\u201d<\/p>\n<p style=\"text-align: justify;\"><strong>Proceso participativo <\/strong><\/p>\n<p style=\"text-align: justify;\">El proceso de elaboraci\u00f3n de la campa\u00f1a fue desarrollado en conjunto con una mesa experta de personas vinculadas al desarrollo de iniciativas de revitalizaci\u00f3n de lenguas de los pueblos originarios, desde el gobierno, la academia y organizaciones de la sociedad civil.<\/p>\n<p style=\"text-align: justify;\">Fue as\u00ed como se acord\u00f3 fomentar y promocionar las lenguas de los pueblos originarios del pa\u00eds, desde diferentes contextos y grupos etarios. Se incluy\u00f3 a ni\u00f1os, ni\u00f1as y adolescentes pertenecientes a pueblos originarios y se consideraron cuatro lenguas: mapudung\u00fan, quechua, rapa nui y aymara, considerando que son los que tienen mayor cantidad de personas hablantes, pero manteniendo presente que actualmente est\u00e1n reconocidos 11 Pueblos Originarios en Chile (Ley\u00a0 19.253) con las lenguas en distintas fases de vitalidad.<\/p>\n<p style=\"text-align: justify;\">\u201cDesde el Observatorio destacamos y valoramos profundamente la participaci\u00f3n de todas las personas que le dieron forma a la campa\u00f1a, ya que con su conocimiento y experiencia le dieron pertinencia al trabajo realizado. Creemos firmemente en el trabajo colaborativo y en escuchar las voces de los pueblos originarios, quienes enriquecen la cultural del pa\u00eds con su historia, lenguas y tradiciones. Destacamos la presencia de ni\u00f1os, ni\u00f1as y j\u00f3venes que son parte de la campa\u00f1a ya que en ellos est\u00e1 el valor de preservar y conservar las lenguas de cada uno de sus pueblos\u201d, destac\u00f3 la directora del OPCND, Daniela L\u00f3pez Leiva.<\/p>\n<p style=\"text-align: justify;\">Dentro de este trabajo colaborativo, fue fundamental el apoyo permanente de la Unidad de Coordinaci\u00f3n de Asuntos Ind\u00edgenas Y Afrodescendientes (UCAIA) del Ministerio de Desarrollo Social y Familia, a trav\u00e9s del trabajo que est\u00e1 realizando en el marco del Plan Decenal de Lenguas Ind\u00edgenas.\u00a0CU\u00d1A UCAIA<\/p>\n<p style=\"text-align: justify;\">La campa\u00f1a se difundir\u00e1 a trav\u00e9s de radiodifusoras de todo el pa\u00eds, as\u00ed como redes sociales. Asimismo, se encuentra alojada en la p\u00e1gina web\u00a0<strong>laslenguassonelfuturo.cl<\/strong>\u00a0donde se difunden diversas acciones de promoci\u00f3n e informaci\u00f3n de inter\u00e9s.<\/p>\n<\/div><\/section><\/div><div  style='height:50px' class='hr hr-invisible   avia-builder-el-6  el_after_av_one_full  el_before_av_social_share '><span class='hr-inner ' ><span class='hr-inner-style'><\/span><\/span><\/div><\/p>\n<div  class='av-social-sharing-box  avia-builder-el-7  el_after_av_hr  el_before_av_hr  '><div class='av-share-box'><h5 class='av-share-link-description av-no-toc '>Compartir esta noticia<\/h5><ul class='av-share-box-list noLightbox'><li class='av-share-link av-social-link-facebook' ><a target=\"_blank\" aria-label=\"Compartir en Facebook\" href='https:\/\/www.facebook.com\/sharer.php?u=https:\/\/radiorevelacionfm.cl\/?p=61477&#038;t=Gobierno%20lanza%20campa%C3%B1a%20para%20revitalizar%20y%20fortalecer%20las%20lenguas%20ind%C3%ADgenas' aria-hidden='false' data-av_icon='\ue8f3' data-av_iconfont='entypo-fontello' title='' data-avia-related-tooltip='Compartir en Facebook' rel=\"noopener\"><span class='avia_hidden_link_text'>Compartir en Facebook<\/span><\/a><\/li><li class='av-share-link av-social-link-twitter' ><a target=\"_blank\" aria-label=\"Compartir en Twitter\" href='https:\/\/twitter.com\/share?text=Gobierno%20lanza%20campa%C3%B1a%20para%20revitalizar%20y%20fortalecer%20las%20lenguas%20ind%C3%ADgenas&#038;url=https:\/\/radiorevelacionfm.cl\/?p=61477' aria-hidden='false' data-av_icon='\ue8f1' data-av_iconfont='entypo-fontello' title='' data-avia-related-tooltip='Compartir en Twitter' rel=\"noopener\"><span class='avia_hidden_link_text'>Compartir en Twitter<\/span><\/a><\/li><li class='av-share-link av-social-link-whatsapp' ><a target=\"_blank\" aria-label=\"Compartir en Whatsapp\" href='https:\/\/api.whatsapp.com\/send?text=https:\/\/radiorevelacionfm.cl\/?p=61477' aria-hidden='false' data-av_icon='\uf232' data-av_iconfont='entypo-fontello' title='' data-avia-related-tooltip='Compartir en Whatsapp' rel=\"noopener\"><span class='avia_hidden_link_text'>Compartir en Whatsapp<\/span><\/a><\/li><li class='av-share-link av-social-link-linkedin' ><a target=\"_blank\" aria-label=\"Compartir en LinkedIn\" href='https:\/\/linkedin.com\/shareArticle?mini=true&#038;title=Gobierno%20lanza%20campa%C3%B1a%20para%20revitalizar%20y%20fortalecer%20las%20lenguas%20ind%C3%ADgenas&#038;url=https:\/\/radiorevelacionfm.cl\/?p=61477' aria-hidden='false' data-av_icon='\ue8fc' data-av_iconfont='entypo-fontello' title='' data-avia-related-tooltip='Compartir en LinkedIn' rel=\"noopener\"><span class='avia_hidden_link_text'>Compartir en LinkedIn<\/span><\/a><\/li><li class='av-share-link av-social-link-mail' ><a  aria-label=\"Compartir por correo\" href='mailto:?subject=Gobierno%20lanza%20campa%C3%B1a%20para%20revitalizar%20y%20fortalecer%20las%20lenguas%20ind%C3%ADgenas&#038;body=https:\/\/radiorevelacionfm.cl\/?p=61477' aria-hidden='false' data-av_icon='\ue805' data-av_iconfont='entypo-fontello' title='' data-avia-related-tooltip='Compartir por correo'><span class='avia_hidden_link_text'>Compartir por correo<\/span><\/a><\/li><\/ul><\/div><\/div>\n<div  style='height:50px' class='hr hr-invisible   avia-builder-el-8  el_after_av_social_share  el_before_av_comments_list '><span class='hr-inner ' ><span class='hr-inner-style'><\/span><\/span><\/div>\n<div  class='av-buildercomment  av-blog-meta-html-info-disabled av-blog-meta-tag-disabled  '><\/div>\n","protected":false},"excerpt":{"rendered":"","protected":false},"author":1,"featured_media":61478,"comment_status":"closed","ping_status":"closed","sticky":false,"template":"","format":"standard","meta":{"footnotes":""},"categories":[38,62],"tags":[],"class_list":["post-61477","post","type-post","status-publish","format-standard","has-post-thumbnail","hentry","category-regional","category-social"],"jetpack_featured_media_url":"https:\/\/radiorevelacionfm.cl\/wp-content\/uploads\/2025\/11\/GRAFICAS-FINALES-LENGUAS_1-1-1.jpg","_links":{"self":[{"href":"https:\/\/radiorevelacionfm.cl\/index.php?rest_route=\/wp\/v2\/posts\/61477","targetHints":{"allow":["GET"]}}],"collection":[{"href":"https:\/\/radiorevelacionfm.cl\/index.php?rest_route=\/wp\/v2\/posts"}],"about":[{"href":"https:\/\/radiorevelacionfm.cl\/index.php?rest_route=\/wp\/v2\/types\/post"}],"author":[{"embeddable":true,"href":"https:\/\/radiorevelacionfm.cl\/index.php?rest_route=\/wp\/v2\/users\/1"}],"replies":[{"embeddable":true,"href":"https:\/\/radiorevelacionfm.cl\/index.php?rest_route=%2Fwp%2Fv2%2Fcomments&post=61477"}],"version-history":[{"count":2,"href":"https:\/\/radiorevelacionfm.cl\/index.php?rest_route=\/wp\/v2\/posts\/61477\/revisions"}],"predecessor-version":[{"id":61482,"href":"https:\/\/radiorevelacionfm.cl\/index.php?rest_route=\/wp\/v2\/posts\/61477\/revisions\/61482"}],"wp:featuredmedia":[{"embeddable":true,"href":"https:\/\/radiorevelacionfm.cl\/index.php?rest_route=\/wp\/v2\/media\/61478"}],"wp:attachment":[{"href":"https:\/\/radiorevelacionfm.cl\/index.php?rest_route=%2Fwp%2Fv2%2Fmedia&parent=61477"}],"wp:term":[{"taxonomy":"category","embeddable":true,"href":"https:\/\/radiorevelacionfm.cl\/index.php?rest_route=%2Fwp%2Fv2%2Fcategories&post=61477"},{"taxonomy":"post_tag","embeddable":true,"href":"https:\/\/radiorevelacionfm.cl\/index.php?rest_route=%2Fwp%2Fv2%2Ftags&post=61477"}],"curies":[{"name":"wp","href":"https:\/\/api.w.org\/{rel}","templated":true}]}}