{"id":61474,"date":"2025-11-17T15:52:04","date_gmt":"2025-11-17T18:52:04","guid":{"rendered":"https:\/\/radiorevelacionfm.cl\/?p=61474"},"modified":"2025-11-17T15:52:04","modified_gmt":"2025-11-17T18:52:04","slug":"feria-laboral-inacap-cpc-reunio-a-mas-de-105-mil-personas-y-ofrecio-mas-de-25-mil-oportunidades-en-todo-chile","status":"publish","type":"post","link":"https:\/\/radiorevelacionfm.cl\/?p=61474","title":{"rendered":"Feria Laboral INACAP-CPC reuni\u00f3 a m\u00e1s de 105 mil personas y ofreci\u00f3 m\u00e1s de 25 mil oportunidades en todo Chile"},"content":{"rendered":"<div class=\"flex_column av_one_full  flex_column_div av-zero-column-padding first  avia-builder-el-0  el_before_av_one_full  avia-builder-el-first  \" style='border-radius:0px; '><div  class='avia-image-container  av-styling-    avia-builder-el-1  avia-builder-el-no-sibling  avia-align-center '  itemprop=\"image\" itemscope=\"itemscope\" itemtype=\"https:\/\/schema.org\/ImageObject\"  ><div class='avia-image-container-inner'><div class='avia-image-overlay-wrap'><img decoding=\"async\" class='wp-image-61475 avia-img-lazy-loading-not-61475 avia_image' src=\"https:\/\/radiorevelacionfm.cl\/wp-content\/uploads\/2025\/11\/FERIA-LABORAL-INACAP-1-1-1.jpg\" alt='' title='FERIA LABORAL INACAP 1 (1) (1)' height=\"600\" width=\"824\"  itemprop=\"thumbnailUrl\" srcset=\"https:\/\/radiorevelacionfm.cl\/wp-content\/uploads\/2025\/11\/FERIA-LABORAL-INACAP-1-1-1.jpg 824w, https:\/\/radiorevelacionfm.cl\/wp-content\/uploads\/2025\/11\/FERIA-LABORAL-INACAP-1-1-1-300x218.jpg 300w, https:\/\/radiorevelacionfm.cl\/wp-content\/uploads\/2025\/11\/FERIA-LABORAL-INACAP-1-1-1-768x559.jpg 768w, https:\/\/radiorevelacionfm.cl\/wp-content\/uploads\/2025\/11\/FERIA-LABORAL-INACAP-1-1-1-705x513.jpg 705w, https:\/\/radiorevelacionfm.cl\/wp-content\/uploads\/2025\/11\/FERIA-LABORAL-INACAP-1-1-1-450x328.jpg 450w, https:\/\/radiorevelacionfm.cl\/wp-content\/uploads\/2025\/11\/FERIA-LABORAL-INACAP-1-1-1-600x437.jpg 600w\" sizes=\"(max-width: 824px) 100vw, 824px\" \/><\/div><\/div><\/div><\/div><div class=\"flex_column av_one_full  flex_column_div av-zero-column-padding first  avia-builder-el-2  el_after_av_one_full  el_before_av_one_full  column-top-margin\" style='border-radius:0px; '><section class=\"av_textblock_section \"  itemscope=\"itemscope\" itemtype=\"https:\/\/schema.org\/BlogPosting\" itemprop=\"blogPost\" ><div class='avia_textblock  '   itemprop=\"text\" ><p style=\"text-align: center;\"><span style=\"font-size: 18pt;\"><strong>Feria Laboral INACAP-CPC reuni\u00f3 a m\u00e1s de 105 mil personas\u00a0<\/strong><strong>y ofreci\u00f3 m\u00e1s de 25 mil oportunidades en todo Chile<\/strong><\/span><\/p>\n<div id=\"gtx-trans\" style=\"position: absolute; left: -50px; top: 4.31534px;\">\n<div class=\"gtx-trans-icon\"><\/div>\n<\/div>\n<\/div><\/section><\/div><div class=\"flex_column av_one_full  flex_column_div av-zero-column-padding first  avia-builder-el-4  el_after_av_one_full  el_before_av_hr  column-top-margin\" style='border-radius:0px; '><section class=\"av_textblock_section \"  itemscope=\"itemscope\" itemtype=\"https:\/\/schema.org\/BlogPosting\" itemprop=\"blogPost\" ><div class='avia_textblock  '   itemprop=\"text\" ><p style=\"text-align: justify;\"><em>Participaron m\u00e1s de 1.200 empresas de diferentes rubros, consolid\u00e1ndose como el encuentro presencial y online m\u00e1s grande del pa\u00eds, con alternativas de Arica a Punta Arenas.<\/em><\/p>\n<p style=\"text-align: justify;\">Por tercer a\u00f1o consecutivo la Feria Laboral INACAP-CPC consolid\u00f3 su posici\u00f3n como una de las instancias m\u00e1s relevantes del pa\u00eds, conectando talento, empresas y apoyo integral en la b\u00fasqueda de oportunidades laborales. Con formato online y dos jornadas presenciales en las sedes de INACAP de norte a sur, esta instancia cont\u00f3 con la participaci\u00f3n de m\u00e1s de 105 mil personas y ofreci\u00f3 m\u00e1s de 25 mil ofertas laborales, cifra que aument\u00f3 respecto del a\u00f1o anterior, con 4.000 oportunidades m\u00e1s de empleo.<\/p>\n<p style=\"text-align: justify;\">Ante esta masiva participaci\u00f3n que impulsa la conexi\u00f3n entre el talento y oportunidad laboral, la presidenta de la Confederaci\u00f3n de la Producci\u00f3n y del Comercio, Susana Jim\u00e9nez, recalc\u00f3 que \u201cLa Feria Laboral no es solo un evento, es una plataforma concreta que conecta a las personas con su futuro laboral, dinamiza los territorios y reafirma nuestro compromiso con una econom\u00eda m\u00e1s inclusiva y con oportunidades reales para todos\u201d.<\/p>\n<p style=\"text-align: justify;\">Esta feria fue la demostraci\u00f3n de la sinergia entre la oferta de empleo y la b\u00fasqueda de oportunidades, conexi\u00f3n que registr\u00f3 m\u00e1s de 90 mil postulaciones laborales en sectores productivos como miner\u00eda, energ\u00eda, retail, log\u00edstica, salud, tecnolog\u00eda, servicios, entre otros. Instancia en la que participaron empresas como CCU, Antofagasta Minerals, Carozzi, Banco de Chile, SQM, Codelco, Cencosud, CMCP, Camanchaca, PF Alimentos. Entre los puestos de trabajo se encontraban empleos part-time, t\u00e9cnicos y profesionales; pr\u00e1cticas profesionales.<\/p>\n<p style=\"text-align: justify;\">\u201cEstamos muy contentos con los resultados que nos dej\u00f3 la nueva edici\u00f3n de la Feria laboral, nos demuestra que se trata de una apuesta real por la empleabilidad y la movilidad social, un puente efectivo entre quienes buscan empleo formal y las empresas que requieren talento en todo el pa\u00eds. Sabemos que un empleo transforma vidas, por lo que seguiremos trabajando para que esta feria siga consolid\u00e1ndose como un espacio que abre oportunidades para hacia un Chile m\u00e1s productivo y con mayores oportunidades para todos\u201d, asegur\u00f3 Lucas Palacios, rector de INACAP.<\/p>\n<p style=\"text-align: justify;\">Patrice Van de Maele Siva, Vicerrector de INACAP Sede Coyhaique, se\u00f1al\u00f3 \u00abLa participaci\u00f3n de m\u00e1s de 200 personas en nuestra Feria Laboral refleja el compromiso que tenemos como instituci\u00f3n para generar espacios de encuentro entre empresas y personas que buscan empleo. Este tipo de instancias no solo contribuyen al desarrollo profesional, sino que tambi\u00e9n fortalecen el crecimiento de las organizaciones y la movilidad laboral en la regi\u00f3n.\u00bb<\/p>\n<p style=\"text-align: justify;\">Esta instancia permiti\u00f3 adem\u00e1s apoyar y orientar a los participantes de la feria a mejorar su CV a trav\u00e9s de la orientaci\u00f3n de expertos laborales, coach para enfrentar una entrevista de trabajo, entro otros. La alta participaci\u00f3n que tuvo la Feria Laboral INACAP-CPC, refleja el poder que genera cuando actores claves del mundo empresarial, educativo y del comercio se unen para conectar y dar oportunidades laborales, marcan la ruta profesional de todo un pa\u00eds.<\/p>\n<\/div><\/section><\/div><div  style='height:50px' class='hr hr-invisible   avia-builder-el-6  el_after_av_one_full  el_before_av_social_share '><span class='hr-inner ' ><span class='hr-inner-style'><\/span><\/span><\/div><\/p>\n<div  class='av-social-sharing-box  avia-builder-el-7  el_after_av_hr  el_before_av_hr  '><div class='av-share-box'><h5 class='av-share-link-description av-no-toc '>Compartir esta noticia<\/h5><ul class='av-share-box-list noLightbox'><li class='av-share-link av-social-link-facebook' ><a target=\"_blank\" aria-label=\"Compartir en Facebook\" href='https:\/\/www.facebook.com\/sharer.php?u=https:\/\/radiorevelacionfm.cl\/?p=61474&#038;t=Feria%20Laboral%20INACAP-CPC%20reuni%C3%B3%20a%20m%C3%A1s%20de%20105%20mil%20personas%20y%20ofreci%C3%B3%20m%C3%A1s%20de%2025%20mil%20oportunidades%20en%20todo%20Chile' aria-hidden='false' data-av_icon='\ue8f3' data-av_iconfont='entypo-fontello' title='' data-avia-related-tooltip='Compartir en Facebook' rel=\"noopener\"><span class='avia_hidden_link_text'>Compartir en Facebook<\/span><\/a><\/li><li class='av-share-link av-social-link-twitter' ><a target=\"_blank\" aria-label=\"Compartir en Twitter\" href='https:\/\/twitter.com\/share?text=Feria%20Laboral%20INACAP-CPC%20reuni%C3%B3%20a%20m%C3%A1s%20de%20105%20mil%20personas%20y%20ofreci%C3%B3%20m%C3%A1s%20de%2025%20mil%20oportunidades%20en%20todo%20Chile&#038;url=https:\/\/radiorevelacionfm.cl\/?p=61474' aria-hidden='false' data-av_icon='\ue8f1' data-av_iconfont='entypo-fontello' title='' data-avia-related-tooltip='Compartir en Twitter' rel=\"noopener\"><span class='avia_hidden_link_text'>Compartir en Twitter<\/span><\/a><\/li><li class='av-share-link av-social-link-whatsapp' ><a target=\"_blank\" aria-label=\"Compartir en Whatsapp\" href='https:\/\/api.whatsapp.com\/send?text=https:\/\/radiorevelacionfm.cl\/?p=61474' aria-hidden='false' data-av_icon='\uf232' data-av_iconfont='entypo-fontello' title='' data-avia-related-tooltip='Compartir en Whatsapp' rel=\"noopener\"><span class='avia_hidden_link_text'>Compartir en Whatsapp<\/span><\/a><\/li><li class='av-share-link av-social-link-linkedin' ><a target=\"_blank\" aria-label=\"Compartir en LinkedIn\" href='https:\/\/linkedin.com\/shareArticle?mini=true&#038;title=Feria%20Laboral%20INACAP-CPC%20reuni%C3%B3%20a%20m%C3%A1s%20de%20105%20mil%20personas%20y%20ofreci%C3%B3%20m%C3%A1s%20de%2025%20mil%20oportunidades%20en%20todo%20Chile&#038;url=https:\/\/radiorevelacionfm.cl\/?p=61474' aria-hidden='false' data-av_icon='\ue8fc' data-av_iconfont='entypo-fontello' title='' data-avia-related-tooltip='Compartir en LinkedIn' rel=\"noopener\"><span class='avia_hidden_link_text'>Compartir en LinkedIn<\/span><\/a><\/li><li class='av-share-link av-social-link-mail' ><a  aria-label=\"Compartir por correo\" href='mailto:?subject=Feria%20Laboral%20INACAP-CPC%20reuni%C3%B3%20a%20m%C3%A1s%20de%20105%20mil%20personas%20y%20ofreci%C3%B3%20m%C3%A1s%20de%2025%20mil%20oportunidades%20en%20todo%20Chile&#038;body=https:\/\/radiorevelacionfm.cl\/?p=61474' aria-hidden='false' data-av_icon='\ue805' data-av_iconfont='entypo-fontello' title='' data-avia-related-tooltip='Compartir por correo'><span class='avia_hidden_link_text'>Compartir por correo<\/span><\/a><\/li><\/ul><\/div><\/div>\n<div  style='height:50px' class='hr hr-invisible   avia-builder-el-8  el_after_av_social_share  el_before_av_comments_list '><span class='hr-inner ' ><span class='hr-inner-style'><\/span><\/span><\/div>\n<div  class='av-buildercomment  av-blog-meta-html-info-disabled av-blog-meta-tag-disabled  '><\/div>\n","protected":false},"excerpt":{"rendered":"","protected":false},"author":1,"featured_media":61475,"comment_status":"closed","ping_status":"closed","sticky":false,"template":"","format":"standard","meta":{"footnotes":""},"categories":[56],"tags":[],"class_list":["post-61474","post","type-post","status-publish","format-standard","has-post-thumbnail","hentry","category-trabajo"],"jetpack_featured_media_url":"https:\/\/radiorevelacionfm.cl\/wp-content\/uploads\/2025\/11\/FERIA-LABORAL-INACAP-1-1-1.jpg","_links":{"self":[{"href":"https:\/\/radiorevelacionfm.cl\/index.php?rest_route=\/wp\/v2\/posts\/61474","targetHints":{"allow":["GET"]}}],"collection":[{"href":"https:\/\/radiorevelacionfm.cl\/index.php?rest_route=\/wp\/v2\/posts"}],"about":[{"href":"https:\/\/radiorevelacionfm.cl\/index.php?rest_route=\/wp\/v2\/types\/post"}],"author":[{"embeddable":true,"href":"https:\/\/radiorevelacionfm.cl\/index.php?rest_route=\/wp\/v2\/users\/1"}],"replies":[{"embeddable":true,"href":"https:\/\/radiorevelacionfm.cl\/index.php?rest_route=%2Fwp%2Fv2%2Fcomments&post=61474"}],"version-history":[{"count":2,"href":"https:\/\/radiorevelacionfm.cl\/index.php?rest_route=\/wp\/v2\/posts\/61474\/revisions"}],"predecessor-version":[{"id":61484,"href":"https:\/\/radiorevelacionfm.cl\/index.php?rest_route=\/wp\/v2\/posts\/61474\/revisions\/61484"}],"wp:featuredmedia":[{"embeddable":true,"href":"https:\/\/radiorevelacionfm.cl\/index.php?rest_route=\/wp\/v2\/media\/61475"}],"wp:attachment":[{"href":"https:\/\/radiorevelacionfm.cl\/index.php?rest_route=%2Fwp%2Fv2%2Fmedia&parent=61474"}],"wp:term":[{"taxonomy":"category","embeddable":true,"href":"https:\/\/radiorevelacionfm.cl\/index.php?rest_route=%2Fwp%2Fv2%2Fcategories&post=61474"},{"taxonomy":"post_tag","embeddable":true,"href":"https:\/\/radiorevelacionfm.cl\/index.php?rest_route=%2Fwp%2Fv2%2Ftags&post=61474"}],"curies":[{"name":"wp","href":"https:\/\/api.w.org\/{rel}","templated":true}]}}