{"id":6147,"date":"2021-07-12T10:54:56","date_gmt":"2021-07-12T13:54:56","guid":{"rendered":"https:\/\/radiorevelacionfm.cl\/?p=6147"},"modified":"2021-07-12T10:54:56","modified_gmt":"2021-07-12T13:54:56","slug":"abierta-convocatoria-ciencia-publica-financiara-proyectos-para-vincular-ciencia-y-sociedad","status":"publish","type":"post","link":"https:\/\/radiorevelacionfm.cl\/?p=6147","title":{"rendered":"Abierta convocatoria Ciencia P\u00fablica: financiar\u00e1 proyectos para vincular Ciencia y Sociedad"},"content":{"rendered":"<div class=\"flex_column av_one_full  flex_column_div av-zero-column-padding first  avia-builder-el-0  el_before_av_one_full  avia-builder-el-first  \" style='border-radius:0px; '><div  class='avia-image-container  av-styling-    avia-builder-el-1  avia-builder-el-no-sibling  avia-align-center '  itemprop=\"image\" itemscope=\"itemscope\" itemtype=\"https:\/\/schema.org\/ImageObject\"  ><div class='avia-image-container-inner'><div class='avia-image-overlay-wrap'><img decoding=\"async\" class='wp-image-6148 avia-img-lazy-loading-not-6148 avia_image' src=\"https:\/\/radiorevelacionfm.cl\/wp-content\/uploads\/2021\/07\/ciencia-publica-5-1_optimized.jpg\" alt='' title='ciencia-publica-5-(1)_optimized' height=\"600\" width=\"901\"  itemprop=\"thumbnailUrl\" srcset=\"https:\/\/radiorevelacionfm.cl\/wp-content\/uploads\/2021\/07\/ciencia-publica-5-1_optimized.jpg 901w, https:\/\/radiorevelacionfm.cl\/wp-content\/uploads\/2021\/07\/ciencia-publica-5-1_optimized-300x200.jpg 300w, https:\/\/radiorevelacionfm.cl\/wp-content\/uploads\/2021\/07\/ciencia-publica-5-1_optimized-768x511.jpg 768w, https:\/\/radiorevelacionfm.cl\/wp-content\/uploads\/2021\/07\/ciencia-publica-5-1_optimized-705x469.jpg 705w, https:\/\/radiorevelacionfm.cl\/wp-content\/uploads\/2021\/07\/ciencia-publica-5-1_optimized-600x400.jpg 600w\" sizes=\"(max-width: 901px) 100vw, 901px\" \/><\/div><\/div><\/div><\/div><div class=\"flex_column av_one_full  flex_column_div av-zero-column-padding first  avia-builder-el-2  el_after_av_one_full  el_before_av_one_full  column-top-margin\" style='border-radius:0px; '><section class=\"av_textblock_section \"  itemscope=\"itemscope\" itemtype=\"https:\/\/schema.org\/BlogPosting\" itemprop=\"blogPost\" ><div class='avia_textblock  '   itemprop=\"text\" ><p style=\"text-align: center;\"><span style=\"font-size: 18pt;\"><b><span lang=\"es\">Abierta convocatoria Ciencia P\u00fablica: financiar\u00e1 proyectos para vincular Ciencia y Sociedad<\/span><\/b><\/span><\/p>\n<div id=\"gtx-trans\" style=\"position: absolute; left: -50px; top: 4.31534px;\">\n<div class=\"gtx-trans-icon\"><\/div>\n<\/div>\n<\/div><\/section><\/div><div class=\"flex_column av_one_full  flex_column_div av-zero-column-padding first  avia-builder-el-4  el_after_av_one_full  el_before_av_hr  column-top-margin\" style='border-radius:0px; '><section class=\"av_textblock_section \"  itemscope=\"itemscope\" itemtype=\"https:\/\/schema.org\/BlogPosting\" itemprop=\"blogPost\" ><div class='avia_textblock  '   itemprop=\"text\" ><div>\n<p class=\"v1MsoNormal\" style=\"text-align: justify;\"><span lang=\"es\">Tras una serie de reuniones con distintas organizaciones sociales y centros de investigaci\u00f3n de diversas regiones del pa\u00eds, el ministro de Ciencia, Andr\u00e9s Couve, anunci\u00f3 el inicio de las postulaciones a los Concursos de Divulgaci\u00f3n y Socializaci\u00f3n del Conocimiento \u00abCiencia P\u00fablica\u00bb, a trav\u00e9s de tres convocatorias: Espacios P\u00fablicos Regionales; Productos de Divulgaci\u00f3n; y Proyectos Comunitarios. La iniciativa estar\u00e1 disponible del 09 de julio al 16 de agosto a trav\u00e9s de la p\u00e1gina web\u00a0<\/span><span lang=\"es\"><a href=\"http:\/\/www.cienciapublica.cl\/\" target=\"_blank\" rel=\"noopener noreferrer\">www.cienciapublica.cl<\/a><\/span><span lang=\"es\">.<\/span><\/p>\n<p class=\"v1MsoNormal\" style=\"text-align: justify;\"><span lang=\"es\">\u00abLas comunidades deben ser part\u00edcipes de la generaci\u00f3n y divulgaci\u00f3n de conocimiento, agregando valor a los territorios e incentivando el encuentro de saberes. Acercar la ciencia y la innovaci\u00f3n a la ciudadan\u00eda hoy, nos prepara como sociedad para los desaf\u00edos que enfrentar\u00e1 Chile ma\u00f1ana. Para apoyar m\u00e1s iniciativas que promuevan el conocimiento en cada rinc\u00f3n de nuestro pa\u00eds, este a\u00f1o duplicamos el financiamiento de los Concursos Ciencia P\u00fablica\u00bb, dijo el ministro de Ciencia, Andr\u00e9s Couve.<\/span><\/p>\n<p class=\"v1MsoNormal\" style=\"text-align: justify;\"><span lang=\"es\">A trav\u00e9s de este programa, se busca generar espacios, experiencias memorables y productos de socializaci\u00f3n del conocimiento para toda la sociedad, as\u00ed lo manifest\u00f3 la Seremi de Ciencias de la Macrozona Austral, Pamela Santib\u00e1\u00f1ez. \u00abEl primero de los cuatro ejes de la Pol\u00edtica Nacional de Ciencia, Tecnolog\u00eda, Conocimiento e Innovaci\u00f3n es Vinculaci\u00f3n con la Sociedad, y lograr esa vinculaci\u00f3n es lo que busca el programa de Ciencia P\u00fablica\u00bb.<\/span><\/p>\n<p class=\"v1MsoNormal\" style=\"text-align: justify;\"><span lang=\"es\">\u00abMinCiencia detect\u00f3 tres puntos importantes. El primero, un aumento de la demanda por ciencia y tecnolog\u00eda en medios de comunicaci\u00f3n masivos (programas, informaci\u00f3n, noticias); el segundo, que la ciudadan\u00eda exige una mayor inversi\u00f3n en ciencia, cultura, y cuidado del medio ambiente e investigaci\u00f3n abocada a los problemas medioambientales; y, por \u00faltimo, que existe un bajo nivel de informaci\u00f3n en materias cient\u00edficas por parte de nuestra sociedad, ya que s\u00f3lo el 23% de la poblaci\u00f3n se declara como muy\/bastante informado en temas de ciencia\u00bb.<\/span><\/p>\n<p class=\"v1MsoNormal\" style=\"text-align: justify;\"><span lang=\"es\">La seremi recalc\u00f3 que lo importante en el proceso de vincular a la ciencia con la sociedad es que \u00abson otros los actores que deben participar, no necesariamente cient\u00edficos. Son los divulgadores y comunicadores cient\u00edficos, los artistas que logran conectar a la sociedad con la ciencia a trav\u00e9s de las emociones. Adem\u00e1s, en esta oportunidad, el programa busca que las comunidades locales, las juntas de vecinos, sean parte de este proceso de vinculaci\u00f3n. El conocimiento generado en el pa\u00eds, y en los territorios, es de todas y todos, y debe ser distribuido\u00bb.<\/span><\/p>\n<p class=\"v1MsoNormal\" style=\"text-align: justify;\"><span lang=\"es\">Por \u00faltimo, Santib\u00e1\u00f1ez se\u00f1al\u00f3 la importancia de potenciar la apropiaci\u00f3n social del conocimiento a trav\u00e9s de nuevas capacidades institucionales, y eso es lo que persigue este tipo de iniciativas. \u00abComo seremia, nos interesa que la comunidad participe de estos concursos, es por eso que a trav\u00e9s de diversos talleres nos hemos preocupado de difundir el primer eje de la pol\u00edtica, Vinculaci\u00f3n con la Sociedad, teniendo una muy buena acogida por parte de los diversos asistentes que ascendieron a 108 personas, pero adem\u00e1s, detectamos un gran n\u00famero de interesados en participar\u00bb.<\/span><\/p>\n<p class=\"v1MsoNormal\" style=\"text-align: justify;\"><b><span lang=\"es\">Concursos Ciencia P\u00fablica 2021<\/span><\/b><\/p>\n<p class=\"v1MsoNormal\" style=\"text-align: justify;\"><span lang=\"es\">El Concurso Ciencia P\u00fablica de Espacios P\u00fablicos Regionales destinar\u00e1 $960 millones a proyectos de un m\u00e1ximo de $60 millones, que tengan por objetivo el desarrollo y\/o implementaci\u00f3n de espacios destinados a la divulgaci\u00f3n de la ciencia, tecnolog\u00eda, conocimiento e innovaci\u00f3n a trav\u00e9s de experiencias memorables abiertas al p\u00fablico. Se seleccionar\u00e1 un proyecto por regi\u00f3n.<\/span><\/p>\n<p class=\"v1MsoNormal\" style=\"text-align: justify;\"><span lang=\"es\">El Concurso Ciencia P\u00fablica de Productos de Divulgaci\u00f3n, destinar\u00e1 $810 millones a proyectos originales de m\u00e1ximo $30 millones que tengan por objetivo la creaci\u00f3n y\/o producci\u00f3n de material audiovisual, animaciones, obras esc\u00e9nicas, espect\u00e1culos, juegos y videojuegos, aplicaciones para dispositivos m\u00f3viles, podcast y publicaciones (libros, revistas), con contenidos cient\u00edficos.<\/span><b><\/b><\/p>\n<p class=\"v1MsoNormal\" style=\"text-align: justify;\"><span lang=\"es\">El Concurso Nacional Ciencia P\u00fablica de Proyectos Comunitarios<b>\u00a0<\/b>destinar\u00e1 $160 millones a proyectos de m\u00e1ximo $8 millones, que busquen resolver problem\u00e1ticas y\/o generar conocimiento a partir de las necesidades e intereses de organizaciones comunitarias -como juntas de vecinos u organizaciones territoriales-, promoviendo la participaci\u00f3n de las mismas, y el trabajo con instituciones y\/o especialistas vinculados a la ciencia, tecnolog\u00eda, conocimiento e innovaci\u00f3n como centros de investigaci\u00f3n y universidades.<\/span><b><\/b><\/p>\n<p class=\"v1MsoNormal\" style=\"text-align: justify;\"><b><span lang=\"es\">\u00bfC\u00f3mo postular?<\/span><\/b><\/p>\n<p class=\"v1MsoNormal\" style=\"text-align: justify;\"><span lang=\"es\">A partir del 9 de julio y hasta el 16 de agosto estar\u00e1n disponibles las bases y el formulario de consultas para la postulaci\u00f3n en el sitio\u00a0<\/span><span lang=\"es\"><a href=\"http:\/\/www.cienciapublica.cl\/concursos\" target=\"_blank\" rel=\"noopener noreferrer\">www.cienciapublica.cl\/concursos<\/a><\/span><span lang=\"es\">\u00a0.<\/span><\/p>\n<p class=\"v1MsoNormal\" style=\"text-align: justify;\"><span lang=\"es\">Las postulaciones deber\u00e1n presentarse a trav\u00e9s de la plataforma\u00a0<\/span><span lang=\"es\"><a href=\"http:\/\/www.fondos.gob.cl\/\" target=\"_blank\" rel=\"noopener noreferrer\">www.fondos.gob.cl<\/a><\/span><span lang=\"es\">\u00a0accediendo con la Clave \u00danica.<\/span><\/p>\n<p class=\"v1MsoNormal\" style=\"text-align: justify;\"><span lang=\"es\">La \u00fanica v\u00eda de acceso oficial para realizar consultas sobre el proceso de postulaci\u00f3n ser\u00e1 el formulario disponible en\u00a0<\/span><span lang=\"es\"><a href=\"http:\/\/www.cienciapublica.cl\/concursos\" target=\"_blank\" rel=\"noopener noreferrer\">www.cienciapublica.cl\/concursos<\/a><\/span><span lang=\"es\">\u00a0hasta el 29 de julio.<\/span><\/p>\n<\/div>\n<p style=\"text-align: justify;\">&#8212;<\/p>\n<\/div><\/section><\/div><div  style='height:50px' class='hr hr-invisible   avia-builder-el-6  el_after_av_one_full  el_before_av_social_share '><span class='hr-inner ' ><span class='hr-inner-style'><\/span><\/span><\/div><\/p>\n<div  class='av-social-sharing-box  avia-builder-el-7  el_after_av_hr  el_before_av_hr  '><div class='av-share-box'><h5 class='av-share-link-description av-no-toc '>Compartir esta noticia<\/h5><ul class='av-share-box-list noLightbox'><li class='av-share-link av-social-link-facebook' ><a target=\"_blank\" aria-label=\"Compartir en Facebook\" href='https:\/\/www.facebook.com\/sharer.php?u=https:\/\/radiorevelacionfm.cl\/?p=6147&#038;t=Abierta%20convocatoria%20Ciencia%20P%C3%BAblica%3A%20financiar%C3%A1%20proyectos%20para%20vincular%20Ciencia%20y%20Sociedad' aria-hidden='false' data-av_icon='\ue8f3' data-av_iconfont='entypo-fontello' title='' data-avia-related-tooltip='Compartir en Facebook' rel=\"noopener\"><span class='avia_hidden_link_text'>Compartir en Facebook<\/span><\/a><\/li><li class='av-share-link av-social-link-twitter' ><a target=\"_blank\" aria-label=\"Compartir en Twitter\" href='https:\/\/twitter.com\/share?text=Abierta%20convocatoria%20Ciencia%20P%C3%BAblica%3A%20financiar%C3%A1%20proyectos%20para%20vincular%20Ciencia%20y%20Sociedad&#038;url=https:\/\/radiorevelacionfm.cl\/?p=6147' aria-hidden='false' data-av_icon='\ue8f1' data-av_iconfont='entypo-fontello' title='' data-avia-related-tooltip='Compartir en Twitter' rel=\"noopener\"><span class='avia_hidden_link_text'>Compartir en Twitter<\/span><\/a><\/li><li class='av-share-link av-social-link-whatsapp' ><a target=\"_blank\" aria-label=\"Compartir en Whatsapp\" href='https:\/\/api.whatsapp.com\/send?text=https:\/\/radiorevelacionfm.cl\/?p=6147' aria-hidden='false' data-av_icon='\uf232' data-av_iconfont='entypo-fontello' title='' data-avia-related-tooltip='Compartir en Whatsapp' rel=\"noopener\"><span class='avia_hidden_link_text'>Compartir en Whatsapp<\/span><\/a><\/li><li class='av-share-link av-social-link-linkedin' ><a target=\"_blank\" aria-label=\"Compartir en LinkedIn\" href='https:\/\/linkedin.com\/shareArticle?mini=true&#038;title=Abierta%20convocatoria%20Ciencia%20P%C3%BAblica%3A%20financiar%C3%A1%20proyectos%20para%20vincular%20Ciencia%20y%20Sociedad&#038;url=https:\/\/radiorevelacionfm.cl\/?p=6147' aria-hidden='false' data-av_icon='\ue8fc' data-av_iconfont='entypo-fontello' title='' data-avia-related-tooltip='Compartir en LinkedIn' rel=\"noopener\"><span class='avia_hidden_link_text'>Compartir en LinkedIn<\/span><\/a><\/li><li class='av-share-link av-social-link-mail' ><a  aria-label=\"Compartir por correo\" href='mailto:?subject=Abierta%20convocatoria%20Ciencia%20P%C3%BAblica%3A%20financiar%C3%A1%20proyectos%20para%20vincular%20Ciencia%20y%20Sociedad&#038;body=https:\/\/radiorevelacionfm.cl\/?p=6147' aria-hidden='false' data-av_icon='\ue805' data-av_iconfont='entypo-fontello' title='' data-avia-related-tooltip='Compartir por correo'><span class='avia_hidden_link_text'>Compartir por correo<\/span><\/a><\/li><\/ul><\/div><\/div>\n<div  style='height:50px' class='hr hr-invisible   avia-builder-el-8  el_after_av_social_share  el_before_av_comments_list '><span class='hr-inner ' ><span class='hr-inner-style'><\/span><\/span><\/div>\n<div  class='av-buildercomment  av-blog-meta-html-info-disabled av-blog-meta-tag-disabled  '><\/div>\n","protected":false},"excerpt":{"rendered":"","protected":false},"author":1,"featured_media":6148,"comment_status":"open","ping_status":"open","sticky":false,"template":"","format":"standard","meta":{"footnotes":""},"categories":[53],"tags":[],"class_list":["post-6147","post","type-post","status-publish","format-standard","has-post-thumbnail","hentry","category-ciencia"],"jetpack_featured_media_url":"https:\/\/radiorevelacionfm.cl\/wp-content\/uploads\/2021\/07\/ciencia-publica-5-1_optimized.jpg","_links":{"self":[{"href":"https:\/\/radiorevelacionfm.cl\/index.php?rest_route=\/wp\/v2\/posts\/6147","targetHints":{"allow":["GET"]}}],"collection":[{"href":"https:\/\/radiorevelacionfm.cl\/index.php?rest_route=\/wp\/v2\/posts"}],"about":[{"href":"https:\/\/radiorevelacionfm.cl\/index.php?rest_route=\/wp\/v2\/types\/post"}],"author":[{"embeddable":true,"href":"https:\/\/radiorevelacionfm.cl\/index.php?rest_route=\/wp\/v2\/users\/1"}],"replies":[{"embeddable":true,"href":"https:\/\/radiorevelacionfm.cl\/index.php?rest_route=%2Fwp%2Fv2%2Fcomments&post=6147"}],"version-history":[{"count":1,"href":"https:\/\/radiorevelacionfm.cl\/index.php?rest_route=\/wp\/v2\/posts\/6147\/revisions"}],"predecessor-version":[{"id":6149,"href":"https:\/\/radiorevelacionfm.cl\/index.php?rest_route=\/wp\/v2\/posts\/6147\/revisions\/6149"}],"wp:featuredmedia":[{"embeddable":true,"href":"https:\/\/radiorevelacionfm.cl\/index.php?rest_route=\/wp\/v2\/media\/6148"}],"wp:attachment":[{"href":"https:\/\/radiorevelacionfm.cl\/index.php?rest_route=%2Fwp%2Fv2%2Fmedia&parent=6147"}],"wp:term":[{"taxonomy":"category","embeddable":true,"href":"https:\/\/radiorevelacionfm.cl\/index.php?rest_route=%2Fwp%2Fv2%2Fcategories&post=6147"},{"taxonomy":"post_tag","embeddable":true,"href":"https:\/\/radiorevelacionfm.cl\/index.php?rest_route=%2Fwp%2Fv2%2Ftags&post=6147"}],"curies":[{"name":"wp","href":"https:\/\/api.w.org\/{rel}","templated":true}]}}