{"id":61466,"date":"2025-11-17T11:38:34","date_gmt":"2025-11-17T14:38:34","guid":{"rendered":"https:\/\/radiorevelacionfm.cl\/?p=61466"},"modified":"2025-11-17T11:38:34","modified_gmt":"2025-11-17T14:38:34","slug":"edelaysen-despliega-equipos-tecnicos-por-afectaciones-en-el-suministro-electrico-tras-fuertes-vientos-en-la-region-de-aysen","status":"publish","type":"post","link":"https:\/\/radiorevelacionfm.cl\/?p=61466","title":{"rendered":"Edelaysen despliega equipos t\u00e9cnicos por afectaciones en el suministro el\u00e9ctrico tras fuertes vientos en la regi\u00f3n de Ays\u00e9n"},"content":{"rendered":"<div class=\"flex_column av_one_full  flex_column_div av-zero-column-padding first  avia-builder-el-0  el_before_av_one_full  avia-builder-el-first  \" style='border-radius:0px; '><div  class='avia-image-container  av-styling-    avia-builder-el-1  avia-builder-el-no-sibling  avia-align-center '  itemprop=\"image\" itemscope=\"itemscope\" itemtype=\"https:\/\/schema.org\/ImageObject\"  ><div class='avia-image-container-inner'><div class='avia-image-overlay-wrap'><img decoding=\"async\" class='wp-image-61467 avia-img-lazy-loading-not-61467 avia_image' src=\"https:\/\/radiorevelacionfm.cl\/wp-content\/uploads\/2025\/11\/corte-luz-1.jpg\" alt='' title='corte luz (1)' height=\"600\" width=\"1131\"  itemprop=\"thumbnailUrl\" srcset=\"https:\/\/radiorevelacionfm.cl\/wp-content\/uploads\/2025\/11\/corte-luz-1.jpg 1131w, https:\/\/radiorevelacionfm.cl\/wp-content\/uploads\/2025\/11\/corte-luz-1-300x159.jpg 300w, https:\/\/radiorevelacionfm.cl\/wp-content\/uploads\/2025\/11\/corte-luz-1-1030x546.jpg 1030w, https:\/\/radiorevelacionfm.cl\/wp-content\/uploads\/2025\/11\/corte-luz-1-768x407.jpg 768w, https:\/\/radiorevelacionfm.cl\/wp-content\/uploads\/2025\/11\/corte-luz-1-705x374.jpg 705w, https:\/\/radiorevelacionfm.cl\/wp-content\/uploads\/2025\/11\/corte-luz-1-450x239.jpg 450w, https:\/\/radiorevelacionfm.cl\/wp-content\/uploads\/2025\/11\/corte-luz-1-600x318.jpg 600w\" sizes=\"(max-width: 1131px) 100vw, 1131px\" \/><\/div><\/div><\/div><\/div><div class=\"flex_column av_one_full  flex_column_div av-zero-column-padding first  avia-builder-el-2  el_after_av_one_full  el_before_av_one_full  column-top-margin\" style='border-radius:0px; '><section class=\"av_textblock_section \"  itemscope=\"itemscope\" itemtype=\"https:\/\/schema.org\/BlogPosting\" itemprop=\"blogPost\" ><div class='avia_textblock  '   itemprop=\"text\" ><p style=\"text-align: center;\"><span style=\"font-size: 18pt;\"><strong>\u00a0Edelaysen despliega equipos t\u00e9cnicos por afectaciones en el suministro el\u00e9ctrico tras fuertes vientos en la regi\u00f3n de Ays\u00e9n<\/strong><\/span><\/p>\n<div id=\"gtx-trans\" style=\"position: absolute; left: -50px; top: 4.31534px;\">\n<div class=\"gtx-trans-icon\"><\/div>\n<\/div>\n<\/div><\/section><\/div><div class=\"flex_column av_one_full  flex_column_div av-zero-column-padding first  avia-builder-el-4  el_after_av_one_full  el_before_av_hr  column-top-margin\" style='border-radius:0px; '><section class=\"av_textblock_section \"  itemscope=\"itemscope\" itemtype=\"https:\/\/schema.org\/BlogPosting\" itemprop=\"blogPost\" ><div class='avia_textblock  '   itemprop=\"text\" ><p style=\"text-align: justify;\"><em>Adem\u00e1s de Coyhaique, la localidad de Chacabuco en Ays\u00e9n se vio afectada por las fuertes r\u00e1fagas de viento registradas, entre 90 y 95 km\/hora, la madrugada de este domingo, provocando impactos en l\u00edneas por ca\u00edda de ramas.<\/em><\/p>\n<p style=\"text-align: justify;\">A ra\u00edz del sistema frontal que afecta a la regi\u00f3n de Ays\u00e9n principalmente en las comunas de Coyhaique, Puerto Ays\u00e9n y zona sur, Edelaysen inform\u00f3 que desde la madrugada del domingo se han registrado fuertes r\u00e1fagas de viento, entre 90 y 95 km\/hora, que han producido la ca\u00edda de ramas y otros elementos sobre la infraestructura el\u00e9ctrica, generando incidencias en distintos puntos de ambas comunas.<\/p>\n<p style=\"text-align: justify;\">De acuerdo con ello, desde la el\u00e9ctrica informaron que la mayor concentraci\u00f3n de afectaciones se ha identificado en los sectores El Verd\u00edn, Las Bandurrias, Teniente Vidal y la interconexi\u00f3n en El Divisadero, de la comuna de Coyhaique, adem\u00e1s de Chacabuco en la comuna de Ays\u00e9n, donde las brigadas se encuentran trabajando para restablecer el suministro de manera segura y progresiva.<\/p>\n<p style=\"text-align: justify;\">Al respecto Mar\u00eda de los \u00c1ngeles Gajardo, jefa de Servicio al Cliente se\u00f1al\u00f3 que: \u201cEntendemos que este tipo de interrupciones genera preocupaci\u00f3n en la comunidad, especialmente en los sectores rurales y aquellos m\u00e1s apartados de la zona urbana. Por ello, nuestros equipos se encuentran desplegados desde las primeras horas abordando cada incidencia y avanzando en la reposici\u00f3n del suministro conforme las condiciones de viento lo permiten. Mantendremos informados a nuestros clientes y continuaremos trabajando para restablecer el servicio en el menor tiempo posible\u201d.<\/p>\n<p style=\"text-align: justify;\">Desde la empresa detallaron que las proyecciones meteorol\u00f3gicas indican que las condiciones de viento se mantendr\u00e1n durante toda la jornada de este lunes. Ante cualquier incidencia o consulta sobre el estado del suministro, se reiter\u00f3 a la comunidad el uso de los canales oficiales de contacto: la l\u00ednea gratuita 800 600 803, el sitio web www.edelaysen.cl, la App Edelaysen y las redes sociales de Edelaysen.<\/p>\n<\/div><\/section><\/div><div  style='height:50px' class='hr hr-invisible   avia-builder-el-6  el_after_av_one_full  el_before_av_social_share '><span class='hr-inner ' ><span class='hr-inner-style'><\/span><\/span><\/div><\/p>\n<div  class='av-social-sharing-box  avia-builder-el-7  el_after_av_hr  el_before_av_hr  '><div class='av-share-box'><h5 class='av-share-link-description av-no-toc '>Compartir esta noticia<\/h5><ul class='av-share-box-list noLightbox'><li class='av-share-link av-social-link-facebook' ><a target=\"_blank\" aria-label=\"Compartir en Facebook\" href='https:\/\/www.facebook.com\/sharer.php?u=https:\/\/radiorevelacionfm.cl\/?p=61466&#038;t=Edelaysen%20despliega%20equipos%20t%C3%A9cnicos%20por%20afectaciones%20en%20el%20suministro%20el%C3%A9ctrico%20tras%20fuertes%20vientos%20en%20la%20regi%C3%B3n%20de%20Ays%C3%A9n' aria-hidden='false' data-av_icon='\ue8f3' data-av_iconfont='entypo-fontello' title='' data-avia-related-tooltip='Compartir en Facebook' rel=\"noopener\"><span class='avia_hidden_link_text'>Compartir en Facebook<\/span><\/a><\/li><li class='av-share-link av-social-link-twitter' ><a target=\"_blank\" aria-label=\"Compartir en Twitter\" href='https:\/\/twitter.com\/share?text=Edelaysen%20despliega%20equipos%20t%C3%A9cnicos%20por%20afectaciones%20en%20el%20suministro%20el%C3%A9ctrico%20tras%20fuertes%20vientos%20en%20la%20regi%C3%B3n%20de%20Ays%C3%A9n&#038;url=https:\/\/radiorevelacionfm.cl\/?p=61466' aria-hidden='false' data-av_icon='\ue8f1' data-av_iconfont='entypo-fontello' title='' data-avia-related-tooltip='Compartir en Twitter' rel=\"noopener\"><span class='avia_hidden_link_text'>Compartir en Twitter<\/span><\/a><\/li><li class='av-share-link av-social-link-whatsapp' ><a target=\"_blank\" aria-label=\"Compartir en Whatsapp\" href='https:\/\/api.whatsapp.com\/send?text=https:\/\/radiorevelacionfm.cl\/?p=61466' aria-hidden='false' data-av_icon='\uf232' data-av_iconfont='entypo-fontello' title='' data-avia-related-tooltip='Compartir en Whatsapp' rel=\"noopener\"><span class='avia_hidden_link_text'>Compartir en Whatsapp<\/span><\/a><\/li><li class='av-share-link av-social-link-linkedin' ><a target=\"_blank\" aria-label=\"Compartir en LinkedIn\" href='https:\/\/linkedin.com\/shareArticle?mini=true&#038;title=Edelaysen%20despliega%20equipos%20t%C3%A9cnicos%20por%20afectaciones%20en%20el%20suministro%20el%C3%A9ctrico%20tras%20fuertes%20vientos%20en%20la%20regi%C3%B3n%20de%20Ays%C3%A9n&#038;url=https:\/\/radiorevelacionfm.cl\/?p=61466' aria-hidden='false' data-av_icon='\ue8fc' data-av_iconfont='entypo-fontello' title='' data-avia-related-tooltip='Compartir en LinkedIn' rel=\"noopener\"><span class='avia_hidden_link_text'>Compartir en LinkedIn<\/span><\/a><\/li><li class='av-share-link av-social-link-mail' ><a  aria-label=\"Compartir por correo\" href='mailto:?subject=Edelaysen%20despliega%20equipos%20t%C3%A9cnicos%20por%20afectaciones%20en%20el%20suministro%20el%C3%A9ctrico%20tras%20fuertes%20vientos%20en%20la%20regi%C3%B3n%20de%20Ays%C3%A9n&#038;body=https:\/\/radiorevelacionfm.cl\/?p=61466' aria-hidden='false' data-av_icon='\ue805' data-av_iconfont='entypo-fontello' title='' data-avia-related-tooltip='Compartir por correo'><span class='avia_hidden_link_text'>Compartir por correo<\/span><\/a><\/li><\/ul><\/div><\/div>\n<div  style='height:50px' class='hr hr-invisible   avia-builder-el-8  el_after_av_social_share  el_before_av_comments_list '><span class='hr-inner ' ><span class='hr-inner-style'><\/span><\/span><\/div>\n<div  class='av-buildercomment  av-blog-meta-html-info-disabled av-blog-meta-tag-disabled  '><\/div>\n","protected":false},"excerpt":{"rendered":"","protected":false},"author":1,"featured_media":61467,"comment_status":"closed","ping_status":"closed","sticky":false,"template":"","format":"standard","meta":{"footnotes":""},"categories":[38],"tags":[],"class_list":["post-61466","post","type-post","status-publish","format-standard","has-post-thumbnail","hentry","category-regional"],"jetpack_featured_media_url":"https:\/\/radiorevelacionfm.cl\/wp-content\/uploads\/2025\/11\/corte-luz-1.jpg","_links":{"self":[{"href":"https:\/\/radiorevelacionfm.cl\/index.php?rest_route=\/wp\/v2\/posts\/61466","targetHints":{"allow":["GET"]}}],"collection":[{"href":"https:\/\/radiorevelacionfm.cl\/index.php?rest_route=\/wp\/v2\/posts"}],"about":[{"href":"https:\/\/radiorevelacionfm.cl\/index.php?rest_route=\/wp\/v2\/types\/post"}],"author":[{"embeddable":true,"href":"https:\/\/radiorevelacionfm.cl\/index.php?rest_route=\/wp\/v2\/users\/1"}],"replies":[{"embeddable":true,"href":"https:\/\/radiorevelacionfm.cl\/index.php?rest_route=%2Fwp%2Fv2%2Fcomments&post=61466"}],"version-history":[{"count":2,"href":"https:\/\/radiorevelacionfm.cl\/index.php?rest_route=\/wp\/v2\/posts\/61466\/revisions"}],"predecessor-version":[{"id":61470,"href":"https:\/\/radiorevelacionfm.cl\/index.php?rest_route=\/wp\/v2\/posts\/61466\/revisions\/61470"}],"wp:featuredmedia":[{"embeddable":true,"href":"https:\/\/radiorevelacionfm.cl\/index.php?rest_route=\/wp\/v2\/media\/61467"}],"wp:attachment":[{"href":"https:\/\/radiorevelacionfm.cl\/index.php?rest_route=%2Fwp%2Fv2%2Fmedia&parent=61466"}],"wp:term":[{"taxonomy":"category","embeddable":true,"href":"https:\/\/radiorevelacionfm.cl\/index.php?rest_route=%2Fwp%2Fv2%2Fcategories&post=61466"},{"taxonomy":"post_tag","embeddable":true,"href":"https:\/\/radiorevelacionfm.cl\/index.php?rest_route=%2Fwp%2Fv2%2Ftags&post=61466"}],"curies":[{"name":"wp","href":"https:\/\/api.w.org\/{rel}","templated":true}]}}