{"id":61462,"date":"2025-11-15T22:40:31","date_gmt":"2025-11-16T01:40:31","guid":{"rendered":"https:\/\/radiorevelacionfm.cl\/?p=61462"},"modified":"2025-11-15T22:40:31","modified_gmt":"2025-11-16T01:40:31","slug":"codesa-es-admitida-como-organizacion-observadora-de-la-convencion-marco-de-las-naciones-unidas-sobre-el-cambio-climatico","status":"publish","type":"post","link":"https:\/\/radiorevelacionfm.cl\/?p=61462","title":{"rendered":"CODESA es admitida como organizaci\u00f3n observadora de la Convenci\u00f3n Marco de las Naciones Unidas sobre el Cambio Clim\u00e1tico"},"content":{"rendered":"<div class=\"flex_column av_one_full  flex_column_div av-zero-column-padding first  avia-builder-el-0  el_before_av_one_full  avia-builder-el-first  \" style='border-radius:0px; '><div  class='avia-image-container  av-styling-    avia-builder-el-1  avia-builder-el-no-sibling  avia-align-center '  itemprop=\"image\" itemscope=\"itemscope\" itemtype=\"https:\/\/schema.org\/ImageObject\"  ><div class='avia-image-container-inner'><div class='avia-image-overlay-wrap'><img decoding=\"async\" class='wp-image-61463 avia-img-lazy-loading-not-61463 avia_image' src=\"https:\/\/radiorevelacionfm.cl\/wp-content\/uploads\/2025\/11\/20251115_223421_optimized-2.jpg\" alt='' title='20251115_223421_optimized-2' height=\"600\" width=\"897\"  itemprop=\"thumbnailUrl\" srcset=\"https:\/\/radiorevelacionfm.cl\/wp-content\/uploads\/2025\/11\/20251115_223421_optimized-2.jpg 897w, https:\/\/radiorevelacionfm.cl\/wp-content\/uploads\/2025\/11\/20251115_223421_optimized-2-300x201.jpg 300w, https:\/\/radiorevelacionfm.cl\/wp-content\/uploads\/2025\/11\/20251115_223421_optimized-2-768x514.jpg 768w, https:\/\/radiorevelacionfm.cl\/wp-content\/uploads\/2025\/11\/20251115_223421_optimized-2-705x472.jpg 705w, https:\/\/radiorevelacionfm.cl\/wp-content\/uploads\/2025\/11\/20251115_223421_optimized-2-450x301.jpg 450w, https:\/\/radiorevelacionfm.cl\/wp-content\/uploads\/2025\/11\/20251115_223421_optimized-2-600x401.jpg 600w\" sizes=\"(max-width: 897px) 100vw, 897px\" \/><\/div><\/div><\/div><\/div><div class=\"flex_column av_one_full  flex_column_div av-zero-column-padding first  avia-builder-el-2  el_after_av_one_full  el_before_av_one_full  column-top-margin\" style='border-radius:0px; '><section class=\"av_textblock_section \"  itemscope=\"itemscope\" itemtype=\"https:\/\/schema.org\/BlogPosting\" itemprop=\"blogPost\" ><div class='avia_textblock  '   itemprop=\"text\" ><p style=\"font-weight: 400; text-align: center;\"><span style=\"font-size: 18pt;\"><strong>CODESA es admitida como organizaci\u00f3n observadora de la Convenci\u00f3n Marco de las Naciones Unidas sobre el Cambio Clim\u00e1tico<\/strong><\/span><\/p>\n<div id=\"gtx-trans\" style=\"position: absolute; left: -50px; top: 4.31534px;\">\n<div class=\"gtx-trans-icon\"><\/div>\n<\/div>\n<\/div><\/section><\/div><div class=\"flex_column av_one_full  flex_column_div av-zero-column-padding first  avia-builder-el-4  el_after_av_one_full  el_before_av_hr  column-top-margin\" style='border-radius:0px; '><section class=\"av_textblock_section \"  itemscope=\"itemscope\" itemtype=\"https:\/\/schema.org\/BlogPosting\" itemprop=\"blogPost\" ><div class='avia_textblock  '   itemprop=\"text\" ><p style=\"font-weight: 400; text-align: justify;\">La Corporaci\u00f3n Privada para el Desarrollo de Ays\u00e9n (CODESA) fue admitida formalmente como organizaci\u00f3n observadora de la Convenci\u00f3n Marco de las Nacionales Unidas sobre el Cambio Clim\u00e1tico (CMNUCC). Esto, luego de la deliberaci\u00f3n de la sesi\u00f3n inaugural de la COP30 desarrollada este lunes en Bel\u00e9m do Par\u00e1, Brasil, en la que votan los representantes de los estados.<\/p>\n<p style=\"font-weight: 400; text-align: justify;\">De esta forma el organismo regional se suma a las cuatro que a nivel nacional cuentan con dicho estatus:\u00a0<strong>Colectivo Viento Sur<\/strong>,\u00a0<strong>Corporaci\u00f3n Fiscal\u00eda del Medio Ambiente (FIMA)<\/strong>,\u00a0<strong>Corporaci\u00f3n de Estudios y Desarrollo Norte Grande<\/strong>\u00a0y\u00a0<strong>ONG CEUS CHILE<\/strong>. Junto a CODESA, en el caso de Chile fue admitida tambi\u00e9n la Fundaci\u00f3n Ambition Loop<\/p>\n<p style=\"font-weight: 400; text-align: justify;\">Las organizaciones observadoras, que pueden participar en los distintos espacios de deliberaci\u00f3n de la CMNUCC no s\u00f3lo en las COP, cumplen el rol de \u201c<em>seguir las negociaciones para aportar informaci\u00f3n a las partes, promover la transparencia y sensibilizar al p\u00fablico<\/em>\u201d. Adem\u00e1s, \u201c<em>mostrar el trabajo y los resultados a trav\u00e9s de eventos paralelos, acciones de promoci\u00f3n y conferencias de prensa para difundir la investigaci\u00f3n, compartir lecciones y amplificar historias\u201d<\/em>, \u201c<em>reunirse con los delegados para compartir posiciones pol\u00edticas y presentaciones<\/em>\u201d y \u201c<em>elaborar documentos de posici\u00f3n y presentar comunicaciones formales en respuesta a las solicitudes de informaci\u00f3n y opiniones de los \u00f3rganos negociadores<\/em>\u201d, entre otras funciones.<\/p>\n<p style=\"font-weight: 400; text-align: justify;\">Para el\u00a0<strong>presidente de CODESA, Erwin Sandoval<\/strong>, esto \u201c<em>m\u00e1s all\u00e1 de la satisfacci\u00f3n como instituci\u00f3n, valoramos este paso porque tenemos la convicci\u00f3n, como organizaci\u00f3n, que la Patagonia tiene caracter\u00edsticas ambientales, territoriales, y tambi\u00e9n desaf\u00edos que hacen necesario su abordaje no solo a nivel local y nacional, sino tambi\u00e9n a nivel internacional<\/em>\u201d.<\/p>\n<p style=\"font-weight: 400; text-align: justify;\">Agreg\u00f3 que \u201c<em>tenemos el convencimiento de que este tipo de instrumentos, en el \u00e1mbito internacional, no pueden estar desacoplados de las visiones territoriales, de sus demandas y desaf\u00edos. Esperamos poder relevar en estas instancias todo el trabajo que hemos estado desarrollando en la regi\u00f3n en este \u00e1mbito, adem\u00e1s de las planificaciones que tenemos por delante<\/em>\u201d.<\/p>\n<p style=\"font-weight: 400; text-align: justify;\">Este hito es un paso m\u00e1s en el trabajo que CODESA viene impulsando en Ays\u00e9n en la materia, realizando seminarios, cursos y talleres que aporten una mirada desde la ciudadan\u00eda y la academia a la discusi\u00f3n clim\u00e1tica regional. Adem\u00e1s, en conjunto con Chile Sustentable y la Agrupaci\u00f3n Ays\u00e9n Reserva de Vida, ha publicado una serie de documentos que diagnostican y relevan las acciones de mitigaci\u00f3n y resiliencia, en clave de soluciones basadas en la naturaleza, co-beneficios y gesti\u00f3n de riesgo de desastres.<\/p>\n<p style=\"font-weight: 400; text-align: justify;\">Por estos d\u00edas una delegaci\u00f3n de la organizaci\u00f3n participa en la COP30, <a href=\"https:\/\/amazonclimatehub.org\/?event=falsas-soluciones-a-la-crisis-climatica-en-la-patagonia-la-nueva-cara-del-extractivismo\">exponiendo<\/a>\u00a0este domingo 16 sobre la \u201c<em>Falsas soluciones a la crisis clim\u00e1tica en la Patagonia: La nueva cara del extractivismo<\/em>\u201d en el Amazon Climate Hub-COP30, una plataforma de colaboraci\u00f3n internacional entre organizaciones que act\u00faan en sus territorios en torno a la lucha contra el cambio clim\u00e1tico desde la acci\u00f3n comunitaria.<\/p>\n<\/div><\/section><\/div><div  style='height:50px' class='hr hr-invisible   avia-builder-el-6  el_after_av_one_full  el_before_av_social_share '><span class='hr-inner ' ><span class='hr-inner-style'><\/span><\/span><\/div><\/p>\n<div  class='av-social-sharing-box  avia-builder-el-7  el_after_av_hr  el_before_av_hr  '><div class='av-share-box'><h5 class='av-share-link-description av-no-toc '>Compartir esta noticia<\/h5><ul class='av-share-box-list noLightbox'><li class='av-share-link av-social-link-facebook' ><a target=\"_blank\" aria-label=\"Compartir en Facebook\" href='https:\/\/www.facebook.com\/sharer.php?u=https:\/\/radiorevelacionfm.cl\/?p=61462&#038;t=CODESA%20es%20admitida%20como%20organizaci%C3%B3n%20observadora%20de%20la%20Convenci%C3%B3n%20Marco%20de%20las%20Naciones%20Unidas%20sobre%20el%20Cambio%20Clim%C3%A1tico' aria-hidden='false' data-av_icon='\ue8f3' data-av_iconfont='entypo-fontello' title='' data-avia-related-tooltip='Compartir en Facebook' rel=\"noopener\"><span class='avia_hidden_link_text'>Compartir en Facebook<\/span><\/a><\/li><li class='av-share-link av-social-link-twitter' ><a target=\"_blank\" aria-label=\"Compartir en Twitter\" href='https:\/\/twitter.com\/share?text=CODESA%20es%20admitida%20como%20organizaci%C3%B3n%20observadora%20de%20la%20Convenci%C3%B3n%20Marco%20de%20las%20Naciones%20Unidas%20sobre%20el%20Cambio%20Clim%C3%A1tico&#038;url=https:\/\/radiorevelacionfm.cl\/?p=61462' aria-hidden='false' data-av_icon='\ue8f1' data-av_iconfont='entypo-fontello' title='' data-avia-related-tooltip='Compartir en Twitter' rel=\"noopener\"><span class='avia_hidden_link_text'>Compartir en Twitter<\/span><\/a><\/li><li class='av-share-link av-social-link-whatsapp' ><a target=\"_blank\" aria-label=\"Compartir en Whatsapp\" href='https:\/\/api.whatsapp.com\/send?text=https:\/\/radiorevelacionfm.cl\/?p=61462' aria-hidden='false' data-av_icon='\uf232' data-av_iconfont='entypo-fontello' title='' data-avia-related-tooltip='Compartir en Whatsapp' rel=\"noopener\"><span class='avia_hidden_link_text'>Compartir en Whatsapp<\/span><\/a><\/li><li class='av-share-link av-social-link-linkedin' ><a target=\"_blank\" aria-label=\"Compartir en LinkedIn\" href='https:\/\/linkedin.com\/shareArticle?mini=true&#038;title=CODESA%20es%20admitida%20como%20organizaci%C3%B3n%20observadora%20de%20la%20Convenci%C3%B3n%20Marco%20de%20las%20Naciones%20Unidas%20sobre%20el%20Cambio%20Clim%C3%A1tico&#038;url=https:\/\/radiorevelacionfm.cl\/?p=61462' aria-hidden='false' data-av_icon='\ue8fc' data-av_iconfont='entypo-fontello' title='' data-avia-related-tooltip='Compartir en LinkedIn' rel=\"noopener\"><span class='avia_hidden_link_text'>Compartir en LinkedIn<\/span><\/a><\/li><li class='av-share-link av-social-link-mail' ><a  aria-label=\"Compartir por correo\" href='mailto:?subject=CODESA%20es%20admitida%20como%20organizaci%C3%B3n%20observadora%20de%20la%20Convenci%C3%B3n%20Marco%20de%20las%20Naciones%20Unidas%20sobre%20el%20Cambio%20Clim%C3%A1tico&#038;body=https:\/\/radiorevelacionfm.cl\/?p=61462' aria-hidden='false' data-av_icon='\ue805' data-av_iconfont='entypo-fontello' title='' data-avia-related-tooltip='Compartir por correo'><span class='avia_hidden_link_text'>Compartir por correo<\/span><\/a><\/li><\/ul><\/div><\/div>\n<div  style='height:50px' class='hr hr-invisible   avia-builder-el-8  el_after_av_social_share  el_before_av_comments_list '><span class='hr-inner ' ><span class='hr-inner-style'><\/span><\/span><\/div>\n<div  class='av-buildercomment  av-blog-meta-html-info-disabled av-blog-meta-tag-disabled  '><\/div>\n","protected":false},"excerpt":{"rendered":"","protected":false},"author":1,"featured_media":61463,"comment_status":"closed","ping_status":"closed","sticky":false,"template":"","format":"standard","meta":{"footnotes":""},"categories":[39],"tags":[],"class_list":["post-61462","post","type-post","status-publish","format-standard","has-post-thumbnail","hentry","category-medio-ambiente"],"jetpack_featured_media_url":"https:\/\/radiorevelacionfm.cl\/wp-content\/uploads\/2025\/11\/20251115_223421_optimized-2.jpg","_links":{"self":[{"href":"https:\/\/radiorevelacionfm.cl\/index.php?rest_route=\/wp\/v2\/posts\/61462","targetHints":{"allow":["GET"]}}],"collection":[{"href":"https:\/\/radiorevelacionfm.cl\/index.php?rest_route=\/wp\/v2\/posts"}],"about":[{"href":"https:\/\/radiorevelacionfm.cl\/index.php?rest_route=\/wp\/v2\/types\/post"}],"author":[{"embeddable":true,"href":"https:\/\/radiorevelacionfm.cl\/index.php?rest_route=\/wp\/v2\/users\/1"}],"replies":[{"embeddable":true,"href":"https:\/\/radiorevelacionfm.cl\/index.php?rest_route=%2Fwp%2Fv2%2Fcomments&post=61462"}],"version-history":[{"count":2,"href":"https:\/\/radiorevelacionfm.cl\/index.php?rest_route=\/wp\/v2\/posts\/61462\/revisions"}],"predecessor-version":[{"id":61465,"href":"https:\/\/radiorevelacionfm.cl\/index.php?rest_route=\/wp\/v2\/posts\/61462\/revisions\/61465"}],"wp:featuredmedia":[{"embeddable":true,"href":"https:\/\/radiorevelacionfm.cl\/index.php?rest_route=\/wp\/v2\/media\/61463"}],"wp:attachment":[{"href":"https:\/\/radiorevelacionfm.cl\/index.php?rest_route=%2Fwp%2Fv2%2Fmedia&parent=61462"}],"wp:term":[{"taxonomy":"category","embeddable":true,"href":"https:\/\/radiorevelacionfm.cl\/index.php?rest_route=%2Fwp%2Fv2%2Fcategories&post=61462"},{"taxonomy":"post_tag","embeddable":true,"href":"https:\/\/radiorevelacionfm.cl\/index.php?rest_route=%2Fwp%2Fv2%2Ftags&post=61462"}],"curies":[{"name":"wp","href":"https:\/\/api.w.org\/{rel}","templated":true}]}}