{"id":61451,"date":"2025-11-14T20:58:25","date_gmt":"2025-11-14T23:58:25","guid":{"rendered":"https:\/\/radiorevelacionfm.cl\/?p=61451"},"modified":"2025-11-14T20:58:25","modified_gmt":"2025-11-14T23:58:25","slug":"realizan-feria-de-salud-en-la-carcel-de-coyhaique","status":"publish","type":"post","link":"https:\/\/radiorevelacionfm.cl\/?p=61451","title":{"rendered":"Realizan Feria de Salud en la c\u00e1rcel de Coyhaique"},"content":{"rendered":"<div class=\"flex_column av_one_full  flex_column_div av-zero-column-padding first  avia-builder-el-0  el_before_av_one_full  avia-builder-el-first  \" style='border-radius:0px; '><div  class='avia-image-container  av-styling-    avia-builder-el-1  avia-builder-el-no-sibling  avia-align-center '  itemprop=\"image\" itemscope=\"itemscope\" itemtype=\"https:\/\/schema.org\/ImageObject\"  ><div class='avia-image-container-inner'><div class='avia-image-overlay-wrap'><img decoding=\"async\" class='wp-image-61452 avia-img-lazy-loading-not-61452 avia_image' src=\"https:\/\/radiorevelacionfm.cl\/wp-content\/uploads\/2025\/11\/IMG_2516-1-1.jpeg\" alt='' title='IMG_2516 (1) (1)' height=\"600\" width=\"900\"  itemprop=\"thumbnailUrl\" srcset=\"https:\/\/radiorevelacionfm.cl\/wp-content\/uploads\/2025\/11\/IMG_2516-1-1.jpeg 900w, https:\/\/radiorevelacionfm.cl\/wp-content\/uploads\/2025\/11\/IMG_2516-1-1-300x200.jpeg 300w, https:\/\/radiorevelacionfm.cl\/wp-content\/uploads\/2025\/11\/IMG_2516-1-1-768x512.jpeg 768w, https:\/\/radiorevelacionfm.cl\/wp-content\/uploads\/2025\/11\/IMG_2516-1-1-705x470.jpeg 705w, https:\/\/radiorevelacionfm.cl\/wp-content\/uploads\/2025\/11\/IMG_2516-1-1-450x300.jpeg 450w, https:\/\/radiorevelacionfm.cl\/wp-content\/uploads\/2025\/11\/IMG_2516-1-1-600x400.jpeg 600w\" sizes=\"(max-width: 900px) 100vw, 900px\" \/><\/div><\/div><\/div><\/div><div class=\"flex_column av_one_full  flex_column_div av-zero-column-padding first  avia-builder-el-2  el_after_av_one_full  el_before_av_one_full  column-top-margin\" style='border-radius:0px; '><section class=\"av_textblock_section \"  itemscope=\"itemscope\" itemtype=\"https:\/\/schema.org\/BlogPosting\" itemprop=\"blogPost\" ><div class='avia_textblock  '   itemprop=\"text\" ><p style=\"text-align: center;\"><span style=\"font-size: 18pt;\"><strong>Realizan Feria de Salud en la c\u00e1rcel de Coyhaique<\/strong><\/span><\/p>\n<div id=\"gtx-trans\" style=\"position: absolute; left: -50px; top: 4.31534px;\">\n<div class=\"gtx-trans-icon\"><\/div>\n<\/div>\n<\/div><\/section><\/div><div class=\"flex_column av_one_full  flex_column_div av-zero-column-padding first  avia-builder-el-4  el_after_av_one_full  el_before_av_hr  column-top-margin\" style='border-radius:0px; '><section class=\"av_textblock_section \"  itemscope=\"itemscope\" itemtype=\"https:\/\/schema.org\/BlogPosting\" itemprop=\"blogPost\" ><div class='avia_textblock  '   itemprop=\"text\" ><p style=\"text-align: justify;\"><strong><em>Iniciativas como \u00e9stas permiten llevar la salud a todos los espacios de la comunidad, promoviendo bienestar, prevenci\u00f3n y forman parte de las acciones contempladas en el convenio firmado entre SSA y GENCHI.<\/em><\/strong><\/p>\n<p style=\"text-align: justify;\">Con la participaci\u00f3n de distintos equipos de salud, se llev\u00f3 a cabo el pasado mi\u00e9rcoles una Feria de Salud en dependencias del Centro de Cumplimiento Penitenciario de Coyhaique, instancia organizada por el Servicio de Salud Ays\u00e9n y Gendarmer\u00eda de Chile, esto en el marco del trabajo que viene desarrollando la Mesa de Mujeres Privadas de Libertad Embarazadas y con Hijos Lactantes y que tuvo como objetivo atender y acompa\u00f1ar a este segmento de la poblaci\u00f3n.<\/p>\n<p style=\"text-align: justify;\">Cabe mencionar que, en la oportunidad, los equipos de salud entregaron informaci\u00f3n clave en temas de salud, realizaron acciones de vacunaci\u00f3n e impulsaron la educaci\u00f3n en sexualidad, maternidad, prevenci\u00f3n de enfermedades y promoci\u00f3n de h\u00e1bitos de vida saludable, tanto para las personas privadas de libertad como para el personal de Gendarmer\u00eda de Chile.<\/p>\n<p style=\"text-align: justify;\">El director del Servicio de Salud Ays\u00e9n Juan Pablo Bravo se refiri\u00f3 a esta actividad se\u00f1alando que \u00a0\u201cpara nosotros es un hito relevante y marca el inicio del convenio con algo real, una acci\u00f3n concreta que es esta feria de prevenci\u00f3n y promoci\u00f3n en que est\u00e1 participando el Hospital Regional de Coyhaique, la seremi de Salud, tambi\u00e9n el Cesfam Alejandro Gutierrez, seremi de Justicia, Defensor\u00eda, el INDH y es el reflejo del trabajo que se viene realizando hace un tiempo, y por eso estamos contentos como Servicio de Salud y tambi\u00e9n todas las instituciones participantes, porque la idea es reforzar el convenio, dar equidad en los territorios y que la salud llegue a todos, independientemente si est\u00e1n privados de libertad o en que parte del territorio est\u00e9n dentro de la regi\u00f3n de Ays\u00e9n, es llegar con la mejor atenci\u00f3n posible en el \u00e1mbito de salud\u201d.<\/p>\n<p style=\"text-align: justify;\">Por su parte, el seremi de Justicia y Derechos Humanos Samuel Navarro relev\u00f3 el trabajo colaborativo y que se traduce en este tipo de acciones indicando que \u201clo que hace esto es poner de manifiesto la importancia del trabajo intersectorial en este caso con el Servicio de salud Ays\u00e9n con sus distintos equipos y unidades el hospital regional, el Cesfam Alejandro Gutierrez, los equipos de la seremi de Salud y lo que hace es poner en pr\u00e1ctica, en ejercicio algo que ya ven\u00edamos trabajando y que es muy relevante para las personas privadas de libertad, hoy no solo estamos en la parte seguimiento de las enfermedades sino de prevenci\u00f3n, de promoci\u00f3n de la salud y como se ha se\u00f1alado las personas privadas de libertad est\u00e1n privadas de ese derecho pero no de otros y el derechos a la salud queda garantizado y de esta forma reafirmado con el trabajo que est\u00e1n haciendo los equipos de salud y Gendarmer\u00eda de Chile\u201d.<\/p>\n<p>Mientras que el jefe regional del Instituto Nacional de Derechos Humanos Joaqu\u00edn Bizama explic\u00f3 que \u201cdesde un enfoque de derechos humanos y que se vean frutos del trabajo de la mesa sin duda que es una alegr\u00eda para todos, el hecho que se pueda concretar esta feria de salud donde los internos y las internas del CCP Coyhaique puedan venir, hablar con profesionales de la salud, hacer consultas respecto a una situaci\u00f3n de salud que les afecte y que no hayan podido atenderse a tiempo, sin duda que va en el camino de proteger y promover los derechos y el acceso a la salud de aquellas personas que se encuentran hoy d\u00eda privadas de libertad\u201d.<\/p>\n<p style=\"text-align: justify;\">Finalmente, el alcaide del CCP Coyhaique Coronel Alvaro L\u00f3pez indic\u00f3 que \u201clo principal de esto, es que nuestra poblaci\u00f3n penal no pierda en ning\u00fan momento la atenci\u00f3n a la salud, eso es fundamental para cada uno de los ciudadanos de nuestro pa\u00eds y nuestra poblaci\u00f3n penal no esta ajena a eso, sin lugar a dudas es una mesa de trabajo significativa, hoy se est\u00e1n viendo los frutos y con todo esto mejoran los tiempos de atenci\u00f3n, es prioridad la poblaci\u00f3n penal y ello se traduce a mejor seguridad para la ciudadan\u00eda, ya que evitamos grandes tiempos de espera en el exterior con nuestros privados de libertad, esto mejora la seguridad en nuestros procedimientos y darle una mejor atenci\u00f3n a nuestra poblaci\u00f3n penal\u201d concluy\u00f3.<\/p>\n<\/div><\/section><\/div><div  style='height:50px' class='hr hr-invisible   avia-builder-el-6  el_after_av_one_full  el_before_av_social_share '><span class='hr-inner ' ><span class='hr-inner-style'><\/span><\/span><\/div><\/p>\n<div  class='av-social-sharing-box  avia-builder-el-7  el_after_av_hr  el_before_av_hr  '><div class='av-share-box'><h5 class='av-share-link-description av-no-toc '>Compartir esta noticia<\/h5><ul class='av-share-box-list noLightbox'><li class='av-share-link av-social-link-facebook' ><a target=\"_blank\" aria-label=\"Compartir en Facebook\" href='https:\/\/www.facebook.com\/sharer.php?u=https:\/\/radiorevelacionfm.cl\/?p=61451&#038;t=Realizan%20Feria%20de%20Salud%20en%20la%20c%C3%A1rcel%20de%20Coyhaique' aria-hidden='false' data-av_icon='\ue8f3' data-av_iconfont='entypo-fontello' title='' data-avia-related-tooltip='Compartir en Facebook' rel=\"noopener\"><span class='avia_hidden_link_text'>Compartir en Facebook<\/span><\/a><\/li><li class='av-share-link av-social-link-twitter' ><a target=\"_blank\" aria-label=\"Compartir en Twitter\" href='https:\/\/twitter.com\/share?text=Realizan%20Feria%20de%20Salud%20en%20la%20c%C3%A1rcel%20de%20Coyhaique&#038;url=https:\/\/radiorevelacionfm.cl\/?p=61451' aria-hidden='false' data-av_icon='\ue8f1' data-av_iconfont='entypo-fontello' title='' data-avia-related-tooltip='Compartir en Twitter' rel=\"noopener\"><span class='avia_hidden_link_text'>Compartir en Twitter<\/span><\/a><\/li><li class='av-share-link av-social-link-whatsapp' ><a target=\"_blank\" aria-label=\"Compartir en Whatsapp\" href='https:\/\/api.whatsapp.com\/send?text=https:\/\/radiorevelacionfm.cl\/?p=61451' aria-hidden='false' data-av_icon='\uf232' data-av_iconfont='entypo-fontello' title='' data-avia-related-tooltip='Compartir en Whatsapp' rel=\"noopener\"><span class='avia_hidden_link_text'>Compartir en Whatsapp<\/span><\/a><\/li><li class='av-share-link av-social-link-linkedin' ><a target=\"_blank\" aria-label=\"Compartir en LinkedIn\" href='https:\/\/linkedin.com\/shareArticle?mini=true&#038;title=Realizan%20Feria%20de%20Salud%20en%20la%20c%C3%A1rcel%20de%20Coyhaique&#038;url=https:\/\/radiorevelacionfm.cl\/?p=61451' aria-hidden='false' data-av_icon='\ue8fc' data-av_iconfont='entypo-fontello' title='' data-avia-related-tooltip='Compartir en LinkedIn' rel=\"noopener\"><span class='avia_hidden_link_text'>Compartir en LinkedIn<\/span><\/a><\/li><li class='av-share-link av-social-link-mail' ><a  aria-label=\"Compartir por correo\" href='mailto:?subject=Realizan%20Feria%20de%20Salud%20en%20la%20c%C3%A1rcel%20de%20Coyhaique&#038;body=https:\/\/radiorevelacionfm.cl\/?p=61451' aria-hidden='false' data-av_icon='\ue805' data-av_iconfont='entypo-fontello' title='' data-avia-related-tooltip='Compartir por correo'><span class='avia_hidden_link_text'>Compartir por correo<\/span><\/a><\/li><\/ul><\/div><\/div>\n<div  style='height:50px' class='hr hr-invisible   avia-builder-el-8  el_after_av_social_share  el_before_av_comments_list '><span class='hr-inner ' ><span class='hr-inner-style'><\/span><\/span><\/div>\n<div  class='av-buildercomment  av-blog-meta-html-info-disabled av-blog-meta-tag-disabled  '><\/div>\n","protected":false},"excerpt":{"rendered":"","protected":false},"author":1,"featured_media":61452,"comment_status":"closed","ping_status":"closed","sticky":false,"template":"","format":"standard","meta":{"footnotes":""},"categories":[55,38],"tags":[],"class_list":["post-61451","post","type-post","status-publish","format-standard","has-post-thumbnail","hentry","category-justicia","category-regional"],"jetpack_featured_media_url":"https:\/\/radiorevelacionfm.cl\/wp-content\/uploads\/2025\/11\/IMG_2516-1-1.jpeg","_links":{"self":[{"href":"https:\/\/radiorevelacionfm.cl\/index.php?rest_route=\/wp\/v2\/posts\/61451","targetHints":{"allow":["GET"]}}],"collection":[{"href":"https:\/\/radiorevelacionfm.cl\/index.php?rest_route=\/wp\/v2\/posts"}],"about":[{"href":"https:\/\/radiorevelacionfm.cl\/index.php?rest_route=\/wp\/v2\/types\/post"}],"author":[{"embeddable":true,"href":"https:\/\/radiorevelacionfm.cl\/index.php?rest_route=\/wp\/v2\/users\/1"}],"replies":[{"embeddable":true,"href":"https:\/\/radiorevelacionfm.cl\/index.php?rest_route=%2Fwp%2Fv2%2Fcomments&post=61451"}],"version-history":[{"count":2,"href":"https:\/\/radiorevelacionfm.cl\/index.php?rest_route=\/wp\/v2\/posts\/61451\/revisions"}],"predecessor-version":[{"id":61459,"href":"https:\/\/radiorevelacionfm.cl\/index.php?rest_route=\/wp\/v2\/posts\/61451\/revisions\/61459"}],"wp:featuredmedia":[{"embeddable":true,"href":"https:\/\/radiorevelacionfm.cl\/index.php?rest_route=\/wp\/v2\/media\/61452"}],"wp:attachment":[{"href":"https:\/\/radiorevelacionfm.cl\/index.php?rest_route=%2Fwp%2Fv2%2Fmedia&parent=61451"}],"wp:term":[{"taxonomy":"category","embeddable":true,"href":"https:\/\/radiorevelacionfm.cl\/index.php?rest_route=%2Fwp%2Fv2%2Fcategories&post=61451"},{"taxonomy":"post_tag","embeddable":true,"href":"https:\/\/radiorevelacionfm.cl\/index.php?rest_route=%2Fwp%2Fv2%2Ftags&post=61451"}],"curies":[{"name":"wp","href":"https:\/\/api.w.org\/{rel}","templated":true}]}}