{"id":61443,"date":"2025-11-15T12:11:10","date_gmt":"2025-11-15T15:11:10","guid":{"rendered":"https:\/\/radiorevelacionfm.cl\/?p=61443"},"modified":"2025-11-15T12:11:10","modified_gmt":"2025-11-15T15:11:10","slug":"observatorio-laboral-expone-detalles-de-cifras-laborales-estudios-y-encuestas-en-el-gobierno-regional-como-posibles-insumos-para-politicas-publicas","status":"publish","type":"post","link":"https:\/\/radiorevelacionfm.cl\/?p=61443","title":{"rendered":"Observatorio Laboral expone detalles de cifras laborales, estudios y encuestas en el Gobierno Regional como posibles insumos para pol\u00edticas p\u00fablicas"},"content":{"rendered":"<div class=\"flex_column av_one_full  flex_column_div av-zero-column-padding first  avia-builder-el-0  el_before_av_one_full  avia-builder-el-first  \" style='border-radius:0px; '><div  class='avia-image-container  av-styling-    avia-builder-el-1  avia-builder-el-no-sibling  avia-align-center '  itemprop=\"image\" itemscope=\"itemscope\" itemtype=\"https:\/\/schema.org\/ImageObject\"  ><div class='avia-image-container-inner'><div class='avia-image-overlay-wrap'><img decoding=\"async\" class='wp-image-61444 avia-img-lazy-loading-not-61444 avia_image' src=\"https:\/\/radiorevelacionfm.cl\/wp-content\/uploads\/2025\/11\/PHOTO-2025-11-11-16-01-23-1-1.jpg\" alt='' title='PHOTO-2025-11-11-16-01-23 (1) (1)' height=\"600\" width=\"901\"  itemprop=\"thumbnailUrl\" srcset=\"https:\/\/radiorevelacionfm.cl\/wp-content\/uploads\/2025\/11\/PHOTO-2025-11-11-16-01-23-1-1.jpg 901w, https:\/\/radiorevelacionfm.cl\/wp-content\/uploads\/2025\/11\/PHOTO-2025-11-11-16-01-23-1-1-300x200.jpg 300w, https:\/\/radiorevelacionfm.cl\/wp-content\/uploads\/2025\/11\/PHOTO-2025-11-11-16-01-23-1-1-768x511.jpg 768w, https:\/\/radiorevelacionfm.cl\/wp-content\/uploads\/2025\/11\/PHOTO-2025-11-11-16-01-23-1-1-705x469.jpg 705w, https:\/\/radiorevelacionfm.cl\/wp-content\/uploads\/2025\/11\/PHOTO-2025-11-11-16-01-23-1-1-450x300.jpg 450w, https:\/\/radiorevelacionfm.cl\/wp-content\/uploads\/2025\/11\/PHOTO-2025-11-11-16-01-23-1-1-600x400.jpg 600w\" sizes=\"(max-width: 901px) 100vw, 901px\" \/><\/div><\/div><\/div><\/div><div class=\"flex_column av_one_full  flex_column_div av-zero-column-padding first  avia-builder-el-2  el_after_av_one_full  el_before_av_one_full  column-top-margin\" style='border-radius:0px; '><section class=\"av_textblock_section \"  itemscope=\"itemscope\" itemtype=\"https:\/\/schema.org\/BlogPosting\" itemprop=\"blogPost\" ><div class='avia_textblock  '   itemprop=\"text\" ><p style=\"text-align: center;\"><span style=\"font-size: 18pt;\"><strong>Observatorio Laboral expone detalles de cifras laborales, estudios y encuestas en el Gobierno Regional como posibles insumos para pol\u00edticas p\u00fablicas<\/strong><\/span><\/p>\n<div id=\"gtx-trans\" style=\"position: absolute; left: -50px; top: 4.31534px;\">\n<div class=\"gtx-trans-icon\"><\/div>\n<\/div>\n<\/div><\/section><\/div><div class=\"flex_column av_one_full  flex_column_div av-zero-column-padding first  avia-builder-el-4  el_after_av_one_full  el_before_av_hr  column-top-margin\" style='border-radius:0px; '><section class=\"av_textblock_section \"  itemscope=\"itemscope\" itemtype=\"https:\/\/schema.org\/BlogPosting\" itemprop=\"blogPost\" ><div class='avia_textblock  '   itemprop=\"text\" ><p><em>La presentaci\u00f3n fue realizada ante la<\/em> <em>Comisi\u00f3n Desarrollo Social, Cultural y Deportivo, asistiendo el equipo completo del programa que actualmente se encuentra en fase final de resultados de los productos 2025.<\/em><\/p>\n<p style=\"text-align: justify;\">En el sal\u00f3n \u201cPadre Antonio Ronchi\u201d del edificio central del Gobierno Regional se realiz\u00f3 la exposici\u00f3n del Observatorio Laboral de Ays\u00e9n en compa\u00f1\u00eda del seremi (s) Christian Aros Troncoso, quien se encarg\u00f3 de iniciar la presentaci\u00f3n y mencionar la importancia que reviste para la Subsecretar\u00eda del Trabajo, entidad a cargo del programa como tambi\u00e9n para el Centro de Formaci\u00f3n T\u00e9cnica Estatal de la regi\u00f3n de Ays\u00e9n, casa de estudios que lo ejecuta.<\/p>\n<p style=\"text-align: justify;\">Desde el Ministerio del Trabajo y Previsi\u00f3n Social, su representante, Rodrigo D\u00edaz Cordaro, valor\u00f3 la oportunidad entregada desde el Gobierno Regional, especialmente poder dar a conocer resultados de manera individual a los consejeros regionales, y que cuyo prop\u00f3sito es entregar informaci\u00f3n de utilidad con miras a ser un aporte para las pol\u00edticas p\u00fablicas regionales y para la toma de decisiones al aprobar proyectos que fortalezcan la productividad y econom\u00eda del territorio.<\/p>\n<p style=\"text-align: justify;\">\u201c<em>Como Seremi del Trabajo y Previsi\u00f3n Social, estamos muy contentos dado que el Observatorio\u00a0Laboral que hoy d\u00eda lidera el Centro de Formaci\u00f3n T\u00e9cnica Estatal, pudo hacer una presentaci\u00f3n\u00a0ante el gobierno regional. Esto es muy importante porque as\u00ed los consejeros pudieron dimensionar\u00a0el aporte, el gran trabajo que hoy d\u00eda est\u00e1 haciendo el Observatorio desde el \u00e1mbito\u00a0laboral con esa lupa que va m\u00e1s all\u00e1 de lo que nos entrega habitualmente el INE. Entonces,\u00a0esta mirada de la zona productiva del litoral, tambi\u00e9n del sector del turismo, el sector\u00a0vinculado al mar, pesca y agricultura es fundamental para poder tener una mirada regional, local\u00a0respecto a lo que va ocurriendo con el empleo. As\u00ed que esto es una gran instancia y esperamos\u00a0que sirva esto para la pol\u00edtica p\u00fablica de nuestra regi\u00f3n de Ays\u00e9n\u201d<\/em><\/p>\n<p style=\"text-align: justify;\">El p\u00fablico objetivo en esta ocasi\u00f3n fue la Comisi\u00f3n Desarrollo Social, Cultural y Deportivo del Gobierno Regional, presidida por la consejera Paulina Hern\u00e1ndez y conformada por los consejeros Rosa Gonz\u00e1lez, Ximena Novoa y Rodrigo Rivera, quienes escucharon atentamente la presentaci\u00f3n hecha por el director ejecutivo del programa, C\u00e9sar G\u00f3mez Berrocal, quien explic\u00f3 los alcances de los productos que se generan y las metodolog\u00edas utilizadas para entregar informaci\u00f3n certera y objetiva que pueden contribuir a la toma de decisiones a nivel regional como, tambi\u00e9n de insumo para instaurar pol\u00edticas p\u00fablicas de ayuda a la ciudadan\u00eda.<\/p>\n<p style=\"text-align: justify;\"><em>\u201cDestacar que el prop\u00f3sito del Observatorio Laboral\u00a0guarda relaci\u00f3n con poder realizar prospecci\u00f3n de demanda ocupacional a\u00a0nivel regional y tambi\u00e9n poder realizar una caracterizaci\u00f3n tanto\u00a0cuantitativa como cualitativa de los distintos sectores productivos de la\u00a0regi\u00f3n. Tambi\u00e9n de los distintos grupos de la poblaci\u00f3n, poder levantar\u00a0informaci\u00f3n en torno a lo que guarda relaci\u00f3n con cambio demogr\u00e1fico, cambio\u00a0tecnol\u00f3gico o cambio clim\u00e1tico, para que de esta manera, a trav\u00e9s de los distintos informes y productos que est\u00e1 ejecutando el Observatorio,\u00a0las instituciones que tienen que tomar decisiones respecto al desarrollo\u00a0territorial, a la ejecuci\u00f3n de planes y programas, puedan realizar esto de manera\u00a0informada, que se pueda ocupar la data existente y los\u00a0distintos instrumentos que hoy estamos trabajando, y\u00a0encontramos que es bastante provechoso que el consejo regional pueda tener\u00a0acceso a esta informaci\u00f3n y que de esta manera podamos realizar un trabajo en\u00a0conjunto para cada vez que as\u00ed estas instancias lo requieran, para que puedan\u00a0votar, en este caso los proyectos que se est\u00e1n ejecutando, o realizar acciones de\u00a0seguimiento respecto a los mismos, con datos duros, ya sean t\u00e9rminos de informaci\u00f3n tanto cuantitativa como cualitativa.\u201d <\/em><\/p>\n<p style=\"text-align: justify;\">De la misma forma y desde la comisi\u00f3n, su presidenta, la consejera de la provincia General Carrera, Paulina Hern\u00e1ndez S\u00e1nchez se mostr\u00f3 satisfecha de conocer m\u00e1s a fondo la labor del observatorio y el aporte que realizan con sus estudios y productos de calidad ya que los orienta de mejor forma en la toma de decisiones.<\/p>\n<p style=\"text-align: justify;\">\u201c<em>Felicitar el tremendo trabajo que realizan y el aporte que tambi\u00e9n\u00a0se visualiza a trav\u00e9s de todo el levantamiento de informaci\u00f3n que realizan en la regi\u00f3n.\u00a0La verdad es que, ya lo se\u00f1al\u00e1bamos dentro de la comisi\u00f3n,\u00a0da un sentido de realidad a toda la programaci\u00f3n del recurso p\u00fablico\u00a0que podemos hacer desde el gobierno regional. Un aporte para las pol\u00edticas, planes y programas que levantamos como consejeros\u00a0visualizando las necesidades de los territorios,\u00a0pero que hoy d\u00eda con la informaci\u00f3n que levanta el observatorio,\u00a0puede darle la cuota de realidad, acentuar y decirnos, mostrarnos el mapa de la regi\u00f3n. Decirnos hacia d\u00f3nde tenemos que avanzar en materia de fuerza laboral,\u00a0en materia de empleabilidad, pero por supuesto hay algo no menor,\u00a0un antecedente que nos queda como labor, quiz\u00e1s,\u00a0que tiene relaci\u00f3n con la formalizaci\u00f3n de aquellos emprendimientos,\u00a0pero tambi\u00e9n personas, que realizan distintas labores dentro de nuestra regi\u00f3n<\/em>\u201d<\/p>\n<p style=\"text-align: justify;\">Entre las consultas realizadas por los consejeros regionales de la comisi\u00f3n, se solicitaron mayores detalles del estudio de OMIL 2024 que dio cuenta que, de las 10 comunas de la regi\u00f3n, Ays\u00e9n, Coyhaique y Cochrane poseen oficinas con convenios SENCE; Iba\u00f1ez, Tortel y Cisnes cuentan con dichos espacios, pero sin convenio y, por \u00faltimo, Lago Verde, Chile Chico, O\u2019Higgins y Guaitecas no cuentan con oficinas OMIL en sus municipios destinando dichas funciones a otros departamentos.<\/p>\n<p style=\"text-align: justify;\">Otro tema \u00a0profundizado en la exposici\u00f3n fue el Estudio de Estructura del Empleo Regional \u201cLongevidad poblacional y la informalidad laboral en la regi\u00f3n de Ays\u00e9n\u201d, en el cual se realiz\u00f3 un conversatorio hace unos d\u00edas entregando posibles escenarios como, por ejemplo: Dentro de un a\u00f1o debiese existir un aumento en la cantidad de hombres en edad de jubilar fuera de la fuerza de trabajo, los cuales ocupar\u00e1n un empleo informal. Adicionalmente, se mencion\u00f3 que, durante el \u00faltimo trimestre m\u00f3vil, (julio-septiembre 2025) los adultos mayores representaron un 11,3% del total de ocupados, es decir, de 58.448 personas en la regi\u00f3n, 6.620 corresponden a este tramo, y de esta \u00faltima cifra, 3.425 son ocupadas informales.<\/p>\n<p style=\"text-align: justify;\">Tambi\u00e9n hubo espacio para hablar del estudio de pertinencia regional centrado en la industria del turismo, en el cual, entre sus resultados se encuentra el an\u00e1lisis de movilidad laboral debido a la estacionalidad de la industria en la regi\u00f3n.<\/p>\n<p style=\"text-align: justify;\">Para revisar la presentaci\u00f3n completa, se puede visitar el sitio YouTube del Gobierno Regional de Ays\u00e9n <a href=\"https:\/\/www.youtube.com\/live\/MZtE32FtWb8\">https:\/\/www.youtube.com\/live\/MZtE32FtWb8<\/a>.<\/p>\n<p style=\"text-align: justify;\">El Observatorio Laboral de Ays\u00e9n, es parte de la Estrategia Nacional de Prospecci\u00f3n Laboral, convenio firmado entre el Centro de Formaci\u00f3n T\u00e9cnica Estatal de Ays\u00e9n y la Subsecretaria del Trabajo, representada por la Seremi de Trabajo y Previsi\u00f3n Social. Para acceder a sus productos y saber del quehacer de la entidad, pueden revisar sus redes sociales en Instagram como @olraysen, en X como @OLRAysen y su fanpage de Facebook: Observatorio Laboral Ays\u00e9n.<\/p>\n<\/div><\/section><\/div><div  style='height:50px' class='hr hr-invisible   avia-builder-el-6  el_after_av_one_full  el_before_av_social_share '><span class='hr-inner ' ><span class='hr-inner-style'><\/span><\/span><\/div><\/p>\n<div  class='av-social-sharing-box  avia-builder-el-7  el_after_av_hr  el_before_av_hr  '><div class='av-share-box'><h5 class='av-share-link-description av-no-toc '>Compartir esta noticia<\/h5><ul class='av-share-box-list noLightbox'><li class='av-share-link av-social-link-facebook' ><a target=\"_blank\" aria-label=\"Compartir en Facebook\" href='https:\/\/www.facebook.com\/sharer.php?u=https:\/\/radiorevelacionfm.cl\/?p=61443&#038;t=Observatorio%20Laboral%20expone%20detalles%20de%20cifras%20laborales%2C%20estudios%20y%20encuestas%20en%20el%20Gobierno%20Regional%20como%20posibles%20insumos%20para%20pol%C3%ADticas%20p%C3%BAblicas' aria-hidden='false' data-av_icon='\ue8f3' data-av_iconfont='entypo-fontello' title='' data-avia-related-tooltip='Compartir en Facebook' rel=\"noopener\"><span class='avia_hidden_link_text'>Compartir en Facebook<\/span><\/a><\/li><li class='av-share-link av-social-link-twitter' ><a target=\"_blank\" aria-label=\"Compartir en Twitter\" href='https:\/\/twitter.com\/share?text=Observatorio%20Laboral%20expone%20detalles%20de%20cifras%20laborales%2C%20estudios%20y%20encuestas%20en%20el%20Gobierno%20Regional%20como%20posibles%20insumos%20para%20pol%C3%ADticas%20p%C3%BAblicas&#038;url=https:\/\/radiorevelacionfm.cl\/?p=61443' aria-hidden='false' data-av_icon='\ue8f1' data-av_iconfont='entypo-fontello' title='' data-avia-related-tooltip='Compartir en Twitter' rel=\"noopener\"><span class='avia_hidden_link_text'>Compartir en Twitter<\/span><\/a><\/li><li class='av-share-link av-social-link-whatsapp' ><a target=\"_blank\" aria-label=\"Compartir en Whatsapp\" href='https:\/\/api.whatsapp.com\/send?text=https:\/\/radiorevelacionfm.cl\/?p=61443' aria-hidden='false' data-av_icon='\uf232' data-av_iconfont='entypo-fontello' title='' data-avia-related-tooltip='Compartir en Whatsapp' rel=\"noopener\"><span class='avia_hidden_link_text'>Compartir en Whatsapp<\/span><\/a><\/li><li class='av-share-link av-social-link-linkedin' ><a target=\"_blank\" aria-label=\"Compartir en LinkedIn\" href='https:\/\/linkedin.com\/shareArticle?mini=true&#038;title=Observatorio%20Laboral%20expone%20detalles%20de%20cifras%20laborales%2C%20estudios%20y%20encuestas%20en%20el%20Gobierno%20Regional%20como%20posibles%20insumos%20para%20pol%C3%ADticas%20p%C3%BAblicas&#038;url=https:\/\/radiorevelacionfm.cl\/?p=61443' aria-hidden='false' data-av_icon='\ue8fc' data-av_iconfont='entypo-fontello' title='' data-avia-related-tooltip='Compartir en LinkedIn' rel=\"noopener\"><span class='avia_hidden_link_text'>Compartir en LinkedIn<\/span><\/a><\/li><li class='av-share-link av-social-link-mail' ><a  aria-label=\"Compartir por correo\" href='mailto:?subject=Observatorio%20Laboral%20expone%20detalles%20de%20cifras%20laborales%2C%20estudios%20y%20encuestas%20en%20el%20Gobierno%20Regional%20como%20posibles%20insumos%20para%20pol%C3%ADticas%20p%C3%BAblicas&#038;body=https:\/\/radiorevelacionfm.cl\/?p=61443' aria-hidden='false' data-av_icon='\ue805' data-av_iconfont='entypo-fontello' title='' data-avia-related-tooltip='Compartir por correo'><span class='avia_hidden_link_text'>Compartir por correo<\/span><\/a><\/li><\/ul><\/div><\/div>\n<div  style='height:50px' class='hr hr-invisible   avia-builder-el-8  el_after_av_social_share  el_before_av_comments_list '><span class='hr-inner ' ><span class='hr-inner-style'><\/span><\/span><\/div>\n<div  class='av-buildercomment  av-blog-meta-html-info-disabled av-blog-meta-tag-disabled  '><\/div>\n","protected":false},"excerpt":{"rendered":"","protected":false},"author":1,"featured_media":61444,"comment_status":"closed","ping_status":"closed","sticky":false,"template":"","format":"standard","meta":{"footnotes":""},"categories":[38],"tags":[],"class_list":["post-61443","post","type-post","status-publish","format-standard","has-post-thumbnail","hentry","category-regional"],"jetpack_featured_media_url":"https:\/\/radiorevelacionfm.cl\/wp-content\/uploads\/2025\/11\/PHOTO-2025-11-11-16-01-23-1-1.jpg","_links":{"self":[{"href":"https:\/\/radiorevelacionfm.cl\/index.php?rest_route=\/wp\/v2\/posts\/61443","targetHints":{"allow":["GET"]}}],"collection":[{"href":"https:\/\/radiorevelacionfm.cl\/index.php?rest_route=\/wp\/v2\/posts"}],"about":[{"href":"https:\/\/radiorevelacionfm.cl\/index.php?rest_route=\/wp\/v2\/types\/post"}],"author":[{"embeddable":true,"href":"https:\/\/radiorevelacionfm.cl\/index.php?rest_route=\/wp\/v2\/users\/1"}],"replies":[{"embeddable":true,"href":"https:\/\/radiorevelacionfm.cl\/index.php?rest_route=%2Fwp%2Fv2%2Fcomments&post=61443"}],"version-history":[{"count":3,"href":"https:\/\/radiorevelacionfm.cl\/index.php?rest_route=\/wp\/v2\/posts\/61443\/revisions"}],"predecessor-version":[{"id":61461,"href":"https:\/\/radiorevelacionfm.cl\/index.php?rest_route=\/wp\/v2\/posts\/61443\/revisions\/61461"}],"wp:featuredmedia":[{"embeddable":true,"href":"https:\/\/radiorevelacionfm.cl\/index.php?rest_route=\/wp\/v2\/media\/61444"}],"wp:attachment":[{"href":"https:\/\/radiorevelacionfm.cl\/index.php?rest_route=%2Fwp%2Fv2%2Fmedia&parent=61443"}],"wp:term":[{"taxonomy":"category","embeddable":true,"href":"https:\/\/radiorevelacionfm.cl\/index.php?rest_route=%2Fwp%2Fv2%2Fcategories&post=61443"},{"taxonomy":"post_tag","embeddable":true,"href":"https:\/\/radiorevelacionfm.cl\/index.php?rest_route=%2Fwp%2Fv2%2Ftags&post=61443"}],"curies":[{"name":"wp","href":"https:\/\/api.w.org\/{rel}","templated":true}]}}