{"id":61440,"date":"2025-11-14T20:30:48","date_gmt":"2025-11-14T23:30:48","guid":{"rendered":"https:\/\/radiorevelacionfm.cl\/?p=61440"},"modified":"2025-11-14T20:30:48","modified_gmt":"2025-11-14T23:30:48","slug":"realizan-seminario-con-industria-salmonera-en-aysen-y-los-lagos-para-enfrentar-eventuales-contingencias-ambientales-de-cara-a-una-nueva-temporada-de-verano","status":"publish","type":"post","link":"https:\/\/radiorevelacionfm.cl\/?p=61440","title":{"rendered":"Realizan seminario con industria salmonera en Ays\u00e9n y Los Lagos para enfrentar eventuales contingencias ambientales de cara a una nueva temporada de verano"},"content":{"rendered":"<div class=\"flex_column av_one_full  flex_column_div av-zero-column-padding first  avia-builder-el-0  el_before_av_one_full  avia-builder-el-first  \" style='border-radius:0px; '><div  class='avia-image-container  av-styling-    avia-builder-el-1  avia-builder-el-no-sibling  avia-align-center '  itemprop=\"image\" itemscope=\"itemscope\" itemtype=\"https:\/\/schema.org\/ImageObject\"  ><div class='avia-image-container-inner'><div class='avia-image-overlay-wrap'><img decoding=\"async\" class='wp-image-61441 avia-img-lazy-loading-not-61441 avia_image' src=\"https:\/\/radiorevelacionfm.cl\/wp-content\/uploads\/2025\/11\/21-6-1-1.jpg\" alt='' title='21 (6) (1) (1)' height=\"600\" width=\"800\"  itemprop=\"thumbnailUrl\" srcset=\"https:\/\/radiorevelacionfm.cl\/wp-content\/uploads\/2025\/11\/21-6-1-1.jpg 800w, https:\/\/radiorevelacionfm.cl\/wp-content\/uploads\/2025\/11\/21-6-1-1-300x225.jpg 300w, https:\/\/radiorevelacionfm.cl\/wp-content\/uploads\/2025\/11\/21-6-1-1-768x576.jpg 768w, https:\/\/radiorevelacionfm.cl\/wp-content\/uploads\/2025\/11\/21-6-1-1-705x529.jpg 705w, https:\/\/radiorevelacionfm.cl\/wp-content\/uploads\/2025\/11\/21-6-1-1-450x338.jpg 450w, https:\/\/radiorevelacionfm.cl\/wp-content\/uploads\/2025\/11\/21-6-1-1-600x450.jpg 600w\" sizes=\"(max-width: 800px) 100vw, 800px\" \/><\/div><\/div><\/div><\/div><div class=\"flex_column av_one_full  flex_column_div av-zero-column-padding first  avia-builder-el-2  el_after_av_one_full  el_before_av_one_full  column-top-margin\" style='border-radius:0px; '><section class=\"av_textblock_section \"  itemscope=\"itemscope\" itemtype=\"https:\/\/schema.org\/BlogPosting\" itemprop=\"blogPost\" ><div class='avia_textblock  '   itemprop=\"text\" ><p style=\"text-align: center;\"><span style=\"font-size: 18pt;\"><b>Realizan seminario con industria salmonera en Ays\u00e9n y Los Lagos para enfrentar eventuales contingencias ambientales de cara a una nueva temporada de verano<\/b><\/span><\/p>\n<div id=\"gtx-trans\" style=\"position: absolute; left: -50px; top: 4.31534px;\">\n<div class=\"gtx-trans-icon\"><\/div>\n<\/div>\n<\/div><\/section><\/div><div class=\"flex_column av_one_full  flex_column_div av-zero-column-padding first  avia-builder-el-4  el_after_av_one_full  el_before_av_hr  column-top-margin\" style='border-radius:0px; '><section class=\"av_textblock_section \"  itemscope=\"itemscope\" itemtype=\"https:\/\/schema.org\/BlogPosting\" itemprop=\"blogPost\" ><div class='avia_textblock  '   itemprop=\"text\" ><p style=\"font-weight: 400; text-align: justify;\">El Servicio Nacional de Pesca y Acuicultura (Sernapesca) desarroll\u00f3 un seminario dirigido a la industria salmonera de las regiones de Ays\u00e9n y Los Lagos para trabajar de manera conjunta y preventiva ante posibles eventos de mortalidad masiva generados por el cambio clim\u00e1tico y evento La Ni\u00f1a, en el marco del plan de trabajo del Comit\u00e9 Interinstitucional de Contingencias Ambientales (CIICA).<\/p>\n<p style=\"font-weight: 400; text-align: justify;\">Esta instancia tuvo como objetivo reforzar la implementaci\u00f3n de las medidas de la prealerta ambiental vigente y las acciones preventivas para enfrentar eventuales contingencias ambientales por floraciones algales nocivas.<\/p>\n<p style=\"font-weight: 400; text-align: justify;\">La primera jornada de trabajo tuvo lugar en Puerto Ays\u00e9n el martes 11 de noviembre y la segunda se realiz\u00f3 en Puerto Montt el viernes 14 de noviembre, donde se abordaron los pron\u00f3sticos meteorol\u00f3gicos para la temporada primavera-verano 2025-2026, la normativa vigente que regula los eventos de mortalidad masiva y los planes de acci\u00f3n de las empresas asociados, as\u00ed como avances tecnol\u00f3gicos implementados por la industria salmonera para enfrentar estos eventos.<\/p>\n<p style=\"font-weight: 400; text-align: justify;\">De acuerdo con informaci\u00f3n entregada por IFOP,\u00a0actualmente las condiciones se consideran neutras asociadas a un evento de la Ni\u00f1a, sin que exista claridad respecto a la evoluci\u00f3n de las condiciones y su relaci\u00f3n con eventuales aumentos de temperaturas superficiales del mar y floraciones algales nocivas (FAN), por lo que resulta fundamental continuar con un monitoreo permanente de la zona.<\/p>\n<p style=\"font-weight: 400; text-align: justify;\">M\u00f3nica Rojas, subdirectora de acuicultura en Sernapesca, coment\u00f3: \u201cFueron dos jornadas muy provechosas, donde se coordin\u00f3 un trabajo conjunto y colaborativo por parte de la institucionalidad p\u00fablica, y el compromiso por parte de la industria de alertar ante cualquier variaci\u00f3n de sus par\u00e1metros de medici\u00f3n. Es importante que tengamos estas instancias de trabajo preventivo para que desde la vereda p\u00fablica nos enfrentemos a un posible evento de mortalidad masiva de manera r\u00e1pida, efectiva y resguardando, sobre todo, el medio ambiente marino, y por el lado de la industria, mejorar y actualizar sus planes para un manejo adecuado y eficiente de la mortalidad\u201d.<\/p>\n<\/div><\/section><\/div><div  style='height:50px' class='hr hr-invisible   avia-builder-el-6  el_after_av_one_full  el_before_av_social_share '><span class='hr-inner ' ><span class='hr-inner-style'><\/span><\/span><\/div><\/p>\n<div  class='av-social-sharing-box  avia-builder-el-7  el_after_av_hr  el_before_av_hr  '><div class='av-share-box'><h5 class='av-share-link-description av-no-toc '>Compartir esta noticia<\/h5><ul class='av-share-box-list noLightbox'><li class='av-share-link av-social-link-facebook' ><a target=\"_blank\" aria-label=\"Compartir en Facebook\" href='https:\/\/www.facebook.com\/sharer.php?u=https:\/\/radiorevelacionfm.cl\/?p=61440&#038;t=Realizan%20seminario%20con%20industria%20salmonera%20en%20Ays%C3%A9n%20y%20Los%20Lagos%20para%20enfrentar%20eventuales%20contingencias%20ambientales%20de%20cara%20a%20una%20nueva%20temporada%20de%20verano' aria-hidden='false' data-av_icon='\ue8f3' data-av_iconfont='entypo-fontello' title='' data-avia-related-tooltip='Compartir en Facebook' rel=\"noopener\"><span class='avia_hidden_link_text'>Compartir en Facebook<\/span><\/a><\/li><li class='av-share-link av-social-link-twitter' ><a target=\"_blank\" aria-label=\"Compartir en Twitter\" href='https:\/\/twitter.com\/share?text=Realizan%20seminario%20con%20industria%20salmonera%20en%20Ays%C3%A9n%20y%20Los%20Lagos%20para%20enfrentar%20eventuales%20contingencias%20ambientales%20de%20cara%20a%20una%20nueva%20temporada%20de%20verano&#038;url=https:\/\/radiorevelacionfm.cl\/?p=61440' aria-hidden='false' data-av_icon='\ue8f1' data-av_iconfont='entypo-fontello' title='' data-avia-related-tooltip='Compartir en Twitter' rel=\"noopener\"><span class='avia_hidden_link_text'>Compartir en Twitter<\/span><\/a><\/li><li class='av-share-link av-social-link-whatsapp' ><a target=\"_blank\" aria-label=\"Compartir en Whatsapp\" href='https:\/\/api.whatsapp.com\/send?text=https:\/\/radiorevelacionfm.cl\/?p=61440' aria-hidden='false' data-av_icon='\uf232' data-av_iconfont='entypo-fontello' title='' data-avia-related-tooltip='Compartir en Whatsapp' rel=\"noopener\"><span class='avia_hidden_link_text'>Compartir en Whatsapp<\/span><\/a><\/li><li class='av-share-link av-social-link-linkedin' ><a target=\"_blank\" aria-label=\"Compartir en LinkedIn\" href='https:\/\/linkedin.com\/shareArticle?mini=true&#038;title=Realizan%20seminario%20con%20industria%20salmonera%20en%20Ays%C3%A9n%20y%20Los%20Lagos%20para%20enfrentar%20eventuales%20contingencias%20ambientales%20de%20cara%20a%20una%20nueva%20temporada%20de%20verano&#038;url=https:\/\/radiorevelacionfm.cl\/?p=61440' aria-hidden='false' data-av_icon='\ue8fc' data-av_iconfont='entypo-fontello' title='' data-avia-related-tooltip='Compartir en LinkedIn' rel=\"noopener\"><span class='avia_hidden_link_text'>Compartir en LinkedIn<\/span><\/a><\/li><li class='av-share-link av-social-link-mail' ><a  aria-label=\"Compartir por correo\" href='mailto:?subject=Realizan%20seminario%20con%20industria%20salmonera%20en%20Ays%C3%A9n%20y%20Los%20Lagos%20para%20enfrentar%20eventuales%20contingencias%20ambientales%20de%20cara%20a%20una%20nueva%20temporada%20de%20verano&#038;body=https:\/\/radiorevelacionfm.cl\/?p=61440' aria-hidden='false' data-av_icon='\ue805' data-av_iconfont='entypo-fontello' title='' data-avia-related-tooltip='Compartir por correo'><span class='avia_hidden_link_text'>Compartir por correo<\/span><\/a><\/li><\/ul><\/div><\/div>\n<div  style='height:50px' class='hr hr-invisible   avia-builder-el-8  el_after_av_social_share  el_before_av_comments_list '><span class='hr-inner ' ><span class='hr-inner-style'><\/span><\/span><\/div>\n<div  class='av-buildercomment  av-blog-meta-html-info-disabled av-blog-meta-tag-disabled  '><\/div>\n","protected":false},"excerpt":{"rendered":"","protected":false},"author":1,"featured_media":61441,"comment_status":"closed","ping_status":"closed","sticky":false,"template":"","format":"standard","meta":{"footnotes":""},"categories":[60],"tags":[],"class_list":["post-61440","post","type-post","status-publish","format-standard","has-post-thumbnail","hentry","category-pesca"],"jetpack_featured_media_url":"https:\/\/radiorevelacionfm.cl\/wp-content\/uploads\/2025\/11\/21-6-1-1.jpg","_links":{"self":[{"href":"https:\/\/radiorevelacionfm.cl\/index.php?rest_route=\/wp\/v2\/posts\/61440","targetHints":{"allow":["GET"]}}],"collection":[{"href":"https:\/\/radiorevelacionfm.cl\/index.php?rest_route=\/wp\/v2\/posts"}],"about":[{"href":"https:\/\/radiorevelacionfm.cl\/index.php?rest_route=\/wp\/v2\/types\/post"}],"author":[{"embeddable":true,"href":"https:\/\/radiorevelacionfm.cl\/index.php?rest_route=\/wp\/v2\/users\/1"}],"replies":[{"embeddable":true,"href":"https:\/\/radiorevelacionfm.cl\/index.php?rest_route=%2Fwp%2Fv2%2Fcomments&post=61440"}],"version-history":[{"count":2,"href":"https:\/\/radiorevelacionfm.cl\/index.php?rest_route=\/wp\/v2\/posts\/61440\/revisions"}],"predecessor-version":[{"id":61457,"href":"https:\/\/radiorevelacionfm.cl\/index.php?rest_route=\/wp\/v2\/posts\/61440\/revisions\/61457"}],"wp:featuredmedia":[{"embeddable":true,"href":"https:\/\/radiorevelacionfm.cl\/index.php?rest_route=\/wp\/v2\/media\/61441"}],"wp:attachment":[{"href":"https:\/\/radiorevelacionfm.cl\/index.php?rest_route=%2Fwp%2Fv2%2Fmedia&parent=61440"}],"wp:term":[{"taxonomy":"category","embeddable":true,"href":"https:\/\/radiorevelacionfm.cl\/index.php?rest_route=%2Fwp%2Fv2%2Fcategories&post=61440"},{"taxonomy":"post_tag","embeddable":true,"href":"https:\/\/radiorevelacionfm.cl\/index.php?rest_route=%2Fwp%2Fv2%2Ftags&post=61440"}],"curies":[{"name":"wp","href":"https:\/\/api.w.org\/{rel}","templated":true}]}}