{"id":61433,"date":"2025-11-14T15:37:05","date_gmt":"2025-11-14T18:37:05","guid":{"rendered":"https:\/\/radiorevelacionfm.cl\/?p=61433"},"modified":"2025-11-14T15:37:05","modified_gmt":"2025-11-14T18:37:05","slug":"coyhaique-mujer-es-detenida-por-maltrato-animal","status":"publish","type":"post","link":"https:\/\/radiorevelacionfm.cl\/?p=61433","title":{"rendered":"Coyhaique: Mujer es detenida por maltrato animal"},"content":{"rendered":"<div class=\"flex_column av_one_full  flex_column_div av-zero-column-padding first  avia-builder-el-0  el_before_av_one_full  avia-builder-el-first  \" style='border-radius:0px; '><div  class='avia-image-container  av-styling-    avia-builder-el-1  avia-builder-el-no-sibling  avia-align-center '  itemprop=\"image\" itemscope=\"itemscope\" itemtype=\"https:\/\/schema.org\/ImageObject\"  ><div class='avia-image-container-inner'><div class='avia-image-overlay-wrap'><img decoding=\"async\" class='wp-image-61434 avia-img-lazy-loading-not-61434 avia_image' src=\"https:\/\/radiorevelacionfm.cl\/wp-content\/uploads\/2025\/11\/WhatsApp-Image-2025-11-14-at-3.08.56-PM.jpeg\" alt='' title='WhatsApp Image 2025-11-14 at 3.08.56 PM' height=\"600\" width=\"900\"  itemprop=\"thumbnailUrl\" srcset=\"https:\/\/radiorevelacionfm.cl\/wp-content\/uploads\/2025\/11\/WhatsApp-Image-2025-11-14-at-3.08.56-PM.jpeg 900w, https:\/\/radiorevelacionfm.cl\/wp-content\/uploads\/2025\/11\/WhatsApp-Image-2025-11-14-at-3.08.56-PM-300x200.jpeg 300w, https:\/\/radiorevelacionfm.cl\/wp-content\/uploads\/2025\/11\/WhatsApp-Image-2025-11-14-at-3.08.56-PM-768x512.jpeg 768w, https:\/\/radiorevelacionfm.cl\/wp-content\/uploads\/2025\/11\/WhatsApp-Image-2025-11-14-at-3.08.56-PM-705x470.jpeg 705w, https:\/\/radiorevelacionfm.cl\/wp-content\/uploads\/2025\/11\/WhatsApp-Image-2025-11-14-at-3.08.56-PM-450x300.jpeg 450w, https:\/\/radiorevelacionfm.cl\/wp-content\/uploads\/2025\/11\/WhatsApp-Image-2025-11-14-at-3.08.56-PM-600x400.jpeg 600w\" sizes=\"(max-width: 900px) 100vw, 900px\" \/><\/div><\/div><\/div><\/div><div class=\"flex_column av_one_full  flex_column_div av-zero-column-padding first  avia-builder-el-2  el_after_av_one_full  el_before_av_one_full  column-top-margin\" style='border-radius:0px; '><section class=\"av_textblock_section \"  itemscope=\"itemscope\" itemtype=\"https:\/\/schema.org\/BlogPosting\" itemprop=\"blogPost\" ><div class='avia_textblock  '   itemprop=\"text\" ><h2 class=\"title\" style=\"text-align: center;\"><span style=\"font-size: 18pt;\">Coyhaique: Mujer es detenida por maltrato animal <\/span><\/h2>\n<div id=\"gtx-trans\" style=\"position: absolute; left: -50px; top: 4.31534px;\">\n<div class=\"gtx-trans-icon\"><\/div>\n<\/div>\n<\/div><\/section><\/div><div class=\"flex_column av_one_full  flex_column_div av-zero-column-padding first  avia-builder-el-4  el_after_av_one_full  el_before_av_hr  column-top-margin\" style='border-radius:0px; '><section class=\"av_textblock_section \"  itemscope=\"itemscope\" itemtype=\"https:\/\/schema.org\/BlogPosting\" itemprop=\"blogPost\" ><div class='avia_textblock  '   itemprop=\"text\" ><p style=\"font-weight: 400; text-align: justify;\">Un nuevo caso de maltrato animal se registr\u00f3 en la capital regional. Seg\u00fan detectives de la Delitos Contra el Medio Ambiente y Patrimonio Cultural (Bidema) Ays\u00e9n, se habr\u00eda recibido una denuncia respecto a un can que se encontrar\u00eda al interior de un domicilio en malas condiciones corporales.<\/p>\n<p style=\"font-weight: 400; text-align: justify;\">Es as\u00ed que, los funcionarios policiales se dirigen al lugar se\u00f1alado por los denunciantes para constatar los hechos se\u00f1alados por los testigos.<\/p>\n<p style=\"font-weight: 400; text-align: justify;\">\u201cEn atenci\u00f3n de ello, el turno de la Bidema de Puerto Ays\u00e9n se constituy\u00f3 en la capital regional, espec\u00edficamente en el sitio de suceso. Al interior de \u00e9l (domicilio), en compa\u00f1\u00eda de un m\u00e9dico veterinario institucional de la OFAN (Oficina de An\u00e1lisis Criminal) Coyhaique, se logr\u00f3 establecer que un perro en el interior del domicilio, presentaba distintas heridas en la zona gl\u00fatea y caudal, las cuales no presentaban ning\u00fan signo de cura ni tratamiento\u201d, coment\u00f3 el subprefecto Marcelo Ladino, jefe de la Bidema Ays\u00e9n.<\/p>\n<p style=\"font-weight: 400; text-align: justify;\">El jefe de la brigada coment\u00f3 que el perro contaba con lesiones antiguas y recientes, lo que dificultaba saber el origen de estas.<\/p>\n<p style=\"font-weight: 400; text-align: justify;\">Con los antecedentes y la revisi\u00f3n de la v\u00edctima animal, se procedi\u00f3 a la detenci\u00f3n de la due\u00f1a del animal, una mujer chilena, mayor de edad, sin antecedentes, siendo puesta a disposici\u00f3n de los tribunales de justicia por el delito de Maltrato Animal en Situaci\u00f3n de Flagrancia.<\/p>\n<p style=\"font-weight: 400; text-align: justify;\">Asimismo, y con el fin de resguardar el bienestar del animal, la PDI gestion\u00f3 su derivaci\u00f3n a una organizaci\u00f3n ben\u00e9fica especializada en rescate y protecci\u00f3n de mascotas, para asegurar su adecuada atenci\u00f3n y eventual adopci\u00f3n.<\/p>\n<p>Fotograf\u00eda: Imagen Referencial<\/p>\n<p style=\"font-weight: 400; text-align: justify;\"><strong>\u00a0<\/strong><\/p>\n<\/div><\/section><\/div><div  style='height:50px' class='hr hr-invisible   avia-builder-el-6  el_after_av_one_full  el_before_av_social_share '><span class='hr-inner ' ><span class='hr-inner-style'><\/span><\/span><\/div><\/p>\n<div  class='av-social-sharing-box  avia-builder-el-7  el_after_av_hr  el_before_av_hr  '><div class='av-share-box'><h5 class='av-share-link-description av-no-toc '>Compartir esta noticia<\/h5><ul class='av-share-box-list noLightbox'><li class='av-share-link av-social-link-facebook' ><a target=\"_blank\" aria-label=\"Compartir en Facebook\" href='https:\/\/www.facebook.com\/sharer.php?u=https:\/\/radiorevelacionfm.cl\/?p=61433&#038;t=Coyhaique%3A%20Mujer%20es%20detenida%20por%20maltrato%20animal' aria-hidden='false' data-av_icon='\ue8f3' data-av_iconfont='entypo-fontello' title='' data-avia-related-tooltip='Compartir en Facebook' rel=\"noopener\"><span class='avia_hidden_link_text'>Compartir en Facebook<\/span><\/a><\/li><li class='av-share-link av-social-link-twitter' ><a target=\"_blank\" aria-label=\"Compartir en Twitter\" href='https:\/\/twitter.com\/share?text=Coyhaique%3A%20Mujer%20es%20detenida%20por%20maltrato%20animal&#038;url=https:\/\/radiorevelacionfm.cl\/?p=61433' aria-hidden='false' data-av_icon='\ue8f1' data-av_iconfont='entypo-fontello' title='' data-avia-related-tooltip='Compartir en Twitter' rel=\"noopener\"><span class='avia_hidden_link_text'>Compartir en Twitter<\/span><\/a><\/li><li class='av-share-link av-social-link-whatsapp' ><a target=\"_blank\" aria-label=\"Compartir en Whatsapp\" href='https:\/\/api.whatsapp.com\/send?text=https:\/\/radiorevelacionfm.cl\/?p=61433' aria-hidden='false' data-av_icon='\uf232' data-av_iconfont='entypo-fontello' title='' data-avia-related-tooltip='Compartir en Whatsapp' rel=\"noopener\"><span class='avia_hidden_link_text'>Compartir en Whatsapp<\/span><\/a><\/li><li class='av-share-link av-social-link-linkedin' ><a target=\"_blank\" aria-label=\"Compartir en LinkedIn\" href='https:\/\/linkedin.com\/shareArticle?mini=true&#038;title=Coyhaique%3A%20Mujer%20es%20detenida%20por%20maltrato%20animal&#038;url=https:\/\/radiorevelacionfm.cl\/?p=61433' aria-hidden='false' data-av_icon='\ue8fc' data-av_iconfont='entypo-fontello' title='' data-avia-related-tooltip='Compartir en LinkedIn' rel=\"noopener\"><span class='avia_hidden_link_text'>Compartir en LinkedIn<\/span><\/a><\/li><li class='av-share-link av-social-link-mail' ><a  aria-label=\"Compartir por correo\" href='mailto:?subject=Coyhaique%3A%20Mujer%20es%20detenida%20por%20maltrato%20animal&#038;body=https:\/\/radiorevelacionfm.cl\/?p=61433' aria-hidden='false' data-av_icon='\ue805' data-av_iconfont='entypo-fontello' title='' data-avia-related-tooltip='Compartir por correo'><span class='avia_hidden_link_text'>Compartir por correo<\/span><\/a><\/li><\/ul><\/div><\/div>\n<div  style='height:50px' class='hr hr-invisible   avia-builder-el-8  el_after_av_social_share  el_before_av_comments_list '><span class='hr-inner ' ><span class='hr-inner-style'><\/span><\/span><\/div>\n<div  class='av-buildercomment  av-blog-meta-html-info-disabled av-blog-meta-tag-disabled  '><\/div>\n","protected":false},"excerpt":{"rendered":"","protected":false},"author":1,"featured_media":61434,"comment_status":"closed","ping_status":"closed","sticky":false,"template":"","format":"standard","meta":{"footnotes":""},"categories":[36],"tags":[],"class_list":["post-61433","post","type-post","status-publish","format-standard","has-post-thumbnail","hentry","category-policial"],"jetpack_featured_media_url":"https:\/\/radiorevelacionfm.cl\/wp-content\/uploads\/2025\/11\/WhatsApp-Image-2025-11-14-at-3.08.56-PM.jpeg","_links":{"self":[{"href":"https:\/\/radiorevelacionfm.cl\/index.php?rest_route=\/wp\/v2\/posts\/61433","targetHints":{"allow":["GET"]}}],"collection":[{"href":"https:\/\/radiorevelacionfm.cl\/index.php?rest_route=\/wp\/v2\/posts"}],"about":[{"href":"https:\/\/radiorevelacionfm.cl\/index.php?rest_route=\/wp\/v2\/types\/post"}],"author":[{"embeddable":true,"href":"https:\/\/radiorevelacionfm.cl\/index.php?rest_route=\/wp\/v2\/users\/1"}],"replies":[{"embeddable":true,"href":"https:\/\/radiorevelacionfm.cl\/index.php?rest_route=%2Fwp%2Fv2%2Fcomments&post=61433"}],"version-history":[{"count":2,"href":"https:\/\/radiorevelacionfm.cl\/index.php?rest_route=\/wp\/v2\/posts\/61433\/revisions"}],"predecessor-version":[{"id":61436,"href":"https:\/\/radiorevelacionfm.cl\/index.php?rest_route=\/wp\/v2\/posts\/61433\/revisions\/61436"}],"wp:featuredmedia":[{"embeddable":true,"href":"https:\/\/radiorevelacionfm.cl\/index.php?rest_route=\/wp\/v2\/media\/61434"}],"wp:attachment":[{"href":"https:\/\/radiorevelacionfm.cl\/index.php?rest_route=%2Fwp%2Fv2%2Fmedia&parent=61433"}],"wp:term":[{"taxonomy":"category","embeddable":true,"href":"https:\/\/radiorevelacionfm.cl\/index.php?rest_route=%2Fwp%2Fv2%2Fcategories&post=61433"},{"taxonomy":"post_tag","embeddable":true,"href":"https:\/\/radiorevelacionfm.cl\/index.php?rest_route=%2Fwp%2Fv2%2Ftags&post=61433"}],"curies":[{"name":"wp","href":"https:\/\/api.w.org\/{rel}","templated":true}]}}