{"id":61431,"date":"2025-11-14T20:21:08","date_gmt":"2025-11-14T23:21:08","guid":{"rendered":"https:\/\/radiorevelacionfm.cl\/?p=61431"},"modified":"2025-11-14T20:21:08","modified_gmt":"2025-11-14T23:21:08","slug":"servicio-de-reinsercion-juvenil-aysen-desarrollo-su-primera-jornada-sobre-avances-y-desafios-del-nuevo-modelo-de-intervencion","status":"publish","type":"post","link":"https:\/\/radiorevelacionfm.cl\/?p=61431","title":{"rendered":"Servicio de Reinserci\u00f3n Juvenil Ays\u00e9n desarroll\u00f3 su primera jornada sobre avances y desaf\u00edos del nuevo modelo de intervenci\u00f3n"},"content":{"rendered":"<div class=\"flex_column av_one_full  flex_column_div av-zero-column-padding first  avia-builder-el-0  el_before_av_one_full  avia-builder-el-first  \" style='border-radius:0px; '><div  class='avia-image-container  av-styling-    avia-builder-el-1  avia-builder-el-no-sibling  avia-align-center '  itemprop=\"image\" itemscope=\"itemscope\" itemtype=\"https:\/\/schema.org\/ImageObject\"  ><div class='avia-image-container-inner'><div class='avia-image-overlay-wrap'><img decoding=\"async\" class='wp-image-61432 avia-img-lazy-loading-not-61432 avia_image' src=\"https:\/\/radiorevelacionfm.cl\/wp-content\/uploads\/2025\/11\/JORNADA-REINSERCION-1-1.jpg\" alt='' title='JORNADA REINSERCION (1) (1)' height=\"600\" width=\"800\"  itemprop=\"thumbnailUrl\" srcset=\"https:\/\/radiorevelacionfm.cl\/wp-content\/uploads\/2025\/11\/JORNADA-REINSERCION-1-1.jpg 800w, https:\/\/radiorevelacionfm.cl\/wp-content\/uploads\/2025\/11\/JORNADA-REINSERCION-1-1-300x225.jpg 300w, https:\/\/radiorevelacionfm.cl\/wp-content\/uploads\/2025\/11\/JORNADA-REINSERCION-1-1-768x576.jpg 768w, https:\/\/radiorevelacionfm.cl\/wp-content\/uploads\/2025\/11\/JORNADA-REINSERCION-1-1-705x529.jpg 705w, https:\/\/radiorevelacionfm.cl\/wp-content\/uploads\/2025\/11\/JORNADA-REINSERCION-1-1-450x338.jpg 450w, https:\/\/radiorevelacionfm.cl\/wp-content\/uploads\/2025\/11\/JORNADA-REINSERCION-1-1-600x450.jpg 600w\" sizes=\"(max-width: 800px) 100vw, 800px\" \/><\/div><\/div><\/div><\/div><div class=\"flex_column av_one_full  flex_column_div av-zero-column-padding first  avia-builder-el-2  el_after_av_one_full  el_before_av_one_full  column-top-margin\" style='border-radius:0px; '><section class=\"av_textblock_section \"  itemscope=\"itemscope\" itemtype=\"https:\/\/schema.org\/BlogPosting\" itemprop=\"blogPost\" ><div class='avia_textblock  '   itemprop=\"text\" ><p style=\"text-align: center;\"><span style=\"font-size: 18pt;\"><strong>Servicio de Reinserci\u00f3n Juvenil Ays\u00e9n desarroll\u00f3 su primera jornada sobre avances y desaf\u00edos del nuevo modelo de intervenci\u00f3n<\/strong><\/span><\/p>\n<div id=\"gtx-trans\" style=\"position: absolute; left: -50px; top: 4.31534px;\">\n<div class=\"gtx-trans-icon\"><\/div>\n<\/div>\n<\/div><\/section><\/div><div class=\"flex_column av_one_full  flex_column_div av-zero-column-padding first  avia-builder-el-4  el_after_av_one_full  el_before_av_hr  column-top-margin\" style='border-radius:0px; '><section class=\"av_textblock_section \"  itemscope=\"itemscope\" itemtype=\"https:\/\/schema.org\/BlogPosting\" itemprop=\"blogPost\" ><div class='avia_textblock  '   itemprop=\"text\" ><p style=\"text-align: justify;\">Con el prop\u00f3sito de fortalecer el an\u00e1lisis t\u00e9cnico y promover el intercambio de experiencias en torno a la implementaci\u00f3n del nuevo Modelo de Intervenci\u00f3n Especializado, el Servicio Nacional de Reinserci\u00f3n Social Juvenil, Regi\u00f3n de Ays\u00e9n, llev\u00f3 a cabo la I\u00b0 Jornada de Reinserci\u00f3n Juvenil: <em>\u201cAprendizajes y desaf\u00edos a 10 meses de la implementaci\u00f3n del nuevo modelo en la regi\u00f3n\u201d<\/em>.<br \/>\nLa instancia convoc\u00f3 a cerca de 100 personas, entre equipos t\u00e9cnicos del intersector y profesionales del servicio, quienes participaron en un espacio de reflexi\u00f3n sobre los avances alcanzados, las buenas pr\u00e1cticas identificadas y los retos que persisten en la consolidaci\u00f3n de un modelo de intervenci\u00f3n orientado a la inclusi\u00f3n social y la restituci\u00f3n de derechos de j\u00f3venes en conflicto con la ley.<\/p>\n<p style=\"text-align: justify;\">El programa contempl\u00f3 las exposiciones de la doctora Catalina Droppelmann, directora del Centro de Estudios Justicia y Sociedad de la Pontificia Universidad Cat\u00f3lica de Chile, quien abord\u00f3 el rol de la investigaci\u00f3n y la evidencia emp\u00edrica en la toma de decisiones en pol\u00edticas de justicia juvenil; de Pabla Erices, directora del Centro de Cumplimiento Penal Juvenil de Coyhaique, quien comparti\u00f3 la experiencia regional y los aprendizajes locales; y de Israel Villavicencio, director regional del servicio Nacional de Reinserci\u00f3n Social Juvenil, quien present\u00f3 los principales avances y desaf\u00edos en la implementaci\u00f3n del modelo en la regi\u00f3n, destacando el trabajo articulado entre las distintas \u00e1reas del servicio y las instituciones colaboradoras.<\/p>\n<p style=\"text-align: justify;\">\u201cEl encuentro nos permiti\u00f3 mirar con perspectiva el proceso que hemos vivido durante estos meses, reconociendo los logros alcanzados y los desaf\u00edos que a\u00fan tenemos para fortalecer un sistema centrado en la inclusi\u00f3n y en la garant\u00eda de derechos. Adem\u00e1s, la alta participaci\u00f3n y el inter\u00e9s demostrado nos motiva a proyectar una segunda versi\u00f3n de esta jornada para el pr\u00f3ximo a\u00f1o\u201d, se\u00f1al\u00f3 Israel Villavicencio, director regional del Servicio Nacional de Reinserci\u00f3n Social Juvenil.<\/p>\n<p style=\"text-align: justify;\">Esta primera jornada representa un paso significativo en la instalaci\u00f3n del nuevo servicio en la regi\u00f3n de Ays\u00e9n, y reafirma el compromiso institucional con la mejora continua, la articulaci\u00f3n intersectorial y la generaci\u00f3n de conocimiento que contribuya a una reinserci\u00f3n social juvenil m\u00e1s efectiva y sostenible.<\/p>\n<\/div><\/section><\/div><div  style='height:50px' class='hr hr-invisible   avia-builder-el-6  el_after_av_one_full  el_before_av_social_share '><span class='hr-inner ' ><span class='hr-inner-style'><\/span><\/span><\/div><\/p>\n<div  class='av-social-sharing-box  avia-builder-el-7  el_after_av_hr  el_before_av_hr  '><div class='av-share-box'><h5 class='av-share-link-description av-no-toc '>Compartir esta noticia<\/h5><ul class='av-share-box-list noLightbox'><li class='av-share-link av-social-link-facebook' ><a target=\"_blank\" aria-label=\"Compartir en Facebook\" href='https:\/\/www.facebook.com\/sharer.php?u=https:\/\/radiorevelacionfm.cl\/?p=61431&#038;t=Servicio%20de%20Reinserci%C3%B3n%20Juvenil%20Ays%C3%A9n%20desarroll%C3%B3%20su%20primera%20jornada%20sobre%20avances%20y%20desaf%C3%ADos%20del%20nuevo%20modelo%20de%20intervenci%C3%B3n' aria-hidden='false' data-av_icon='\ue8f3' data-av_iconfont='entypo-fontello' title='' data-avia-related-tooltip='Compartir en Facebook' rel=\"noopener\"><span class='avia_hidden_link_text'>Compartir en Facebook<\/span><\/a><\/li><li class='av-share-link av-social-link-twitter' ><a target=\"_blank\" aria-label=\"Compartir en Twitter\" href='https:\/\/twitter.com\/share?text=Servicio%20de%20Reinserci%C3%B3n%20Juvenil%20Ays%C3%A9n%20desarroll%C3%B3%20su%20primera%20jornada%20sobre%20avances%20y%20desaf%C3%ADos%20del%20nuevo%20modelo%20de%20intervenci%C3%B3n&#038;url=https:\/\/radiorevelacionfm.cl\/?p=61431' aria-hidden='false' data-av_icon='\ue8f1' data-av_iconfont='entypo-fontello' title='' data-avia-related-tooltip='Compartir en Twitter' rel=\"noopener\"><span class='avia_hidden_link_text'>Compartir en Twitter<\/span><\/a><\/li><li class='av-share-link av-social-link-whatsapp' ><a target=\"_blank\" aria-label=\"Compartir en Whatsapp\" href='https:\/\/api.whatsapp.com\/send?text=https:\/\/radiorevelacionfm.cl\/?p=61431' aria-hidden='false' data-av_icon='\uf232' data-av_iconfont='entypo-fontello' title='' data-avia-related-tooltip='Compartir en Whatsapp' rel=\"noopener\"><span class='avia_hidden_link_text'>Compartir en Whatsapp<\/span><\/a><\/li><li class='av-share-link av-social-link-linkedin' ><a target=\"_blank\" aria-label=\"Compartir en LinkedIn\" href='https:\/\/linkedin.com\/shareArticle?mini=true&#038;title=Servicio%20de%20Reinserci%C3%B3n%20Juvenil%20Ays%C3%A9n%20desarroll%C3%B3%20su%20primera%20jornada%20sobre%20avances%20y%20desaf%C3%ADos%20del%20nuevo%20modelo%20de%20intervenci%C3%B3n&#038;url=https:\/\/radiorevelacionfm.cl\/?p=61431' aria-hidden='false' data-av_icon='\ue8fc' data-av_iconfont='entypo-fontello' title='' data-avia-related-tooltip='Compartir en LinkedIn' rel=\"noopener\"><span class='avia_hidden_link_text'>Compartir en LinkedIn<\/span><\/a><\/li><li class='av-share-link av-social-link-mail' ><a  aria-label=\"Compartir por correo\" href='mailto:?subject=Servicio%20de%20Reinserci%C3%B3n%20Juvenil%20Ays%C3%A9n%20desarroll%C3%B3%20su%20primera%20jornada%20sobre%20avances%20y%20desaf%C3%ADos%20del%20nuevo%20modelo%20de%20intervenci%C3%B3n&#038;body=https:\/\/radiorevelacionfm.cl\/?p=61431' aria-hidden='false' data-av_icon='\ue805' data-av_iconfont='entypo-fontello' title='' data-avia-related-tooltip='Compartir por correo'><span class='avia_hidden_link_text'>Compartir por correo<\/span><\/a><\/li><\/ul><\/div><\/div>\n<div  style='height:50px' class='hr hr-invisible   avia-builder-el-8  el_after_av_social_share  el_before_av_comments_list '><span class='hr-inner ' ><span class='hr-inner-style'><\/span><\/span><\/div>\n<div  class='av-buildercomment  av-blog-meta-html-info-disabled av-blog-meta-tag-disabled  '><\/div>\n","protected":false},"excerpt":{"rendered":"","protected":false},"author":1,"featured_media":61432,"comment_status":"closed","ping_status":"closed","sticky":false,"template":"","format":"standard","meta":{"footnotes":""},"categories":[55],"tags":[],"class_list":["post-61431","post","type-post","status-publish","format-standard","has-post-thumbnail","hentry","category-justicia"],"jetpack_featured_media_url":"https:\/\/radiorevelacionfm.cl\/wp-content\/uploads\/2025\/11\/JORNADA-REINSERCION-1-1.jpg","_links":{"self":[{"href":"https:\/\/radiorevelacionfm.cl\/index.php?rest_route=\/wp\/v2\/posts\/61431","targetHints":{"allow":["GET"]}}],"collection":[{"href":"https:\/\/radiorevelacionfm.cl\/index.php?rest_route=\/wp\/v2\/posts"}],"about":[{"href":"https:\/\/radiorevelacionfm.cl\/index.php?rest_route=\/wp\/v2\/types\/post"}],"author":[{"embeddable":true,"href":"https:\/\/radiorevelacionfm.cl\/index.php?rest_route=\/wp\/v2\/users\/1"}],"replies":[{"embeddable":true,"href":"https:\/\/radiorevelacionfm.cl\/index.php?rest_route=%2Fwp%2Fv2%2Fcomments&post=61431"}],"version-history":[{"count":2,"href":"https:\/\/radiorevelacionfm.cl\/index.php?rest_route=\/wp\/v2\/posts\/61431\/revisions"}],"predecessor-version":[{"id":61456,"href":"https:\/\/radiorevelacionfm.cl\/index.php?rest_route=\/wp\/v2\/posts\/61431\/revisions\/61456"}],"wp:featuredmedia":[{"embeddable":true,"href":"https:\/\/radiorevelacionfm.cl\/index.php?rest_route=\/wp\/v2\/media\/61432"}],"wp:attachment":[{"href":"https:\/\/radiorevelacionfm.cl\/index.php?rest_route=%2Fwp%2Fv2%2Fmedia&parent=61431"}],"wp:term":[{"taxonomy":"category","embeddable":true,"href":"https:\/\/radiorevelacionfm.cl\/index.php?rest_route=%2Fwp%2Fv2%2Fcategories&post=61431"},{"taxonomy":"post_tag","embeddable":true,"href":"https:\/\/radiorevelacionfm.cl\/index.php?rest_route=%2Fwp%2Fv2%2Ftags&post=61431"}],"curies":[{"name":"wp","href":"https:\/\/api.w.org\/{rel}","templated":true}]}}