{"id":61421,"date":"2025-11-14T19:02:24","date_gmt":"2025-11-14T22:02:24","guid":{"rendered":"https:\/\/radiorevelacionfm.cl\/?p=61421"},"modified":"2025-11-14T19:02:24","modified_gmt":"2025-11-14T22:02:24","slug":"calidad-del-aire-taller-contaminacion-global-y-local-en-la-region-de-aysen-reunira-al-sector-construccion-este-18-de-noviembre","status":"publish","type":"post","link":"https:\/\/radiorevelacionfm.cl\/?p=61421","title":{"rendered":"Calidad del Aire: Taller Contaminaci\u00f3n Global y Local en la Regi\u00f3n de Ays\u00e9n reunir\u00e1 al sector construcci\u00f3n este 18 de noviembre."},"content":{"rendered":"<div class=\"flex_column av_one_full  flex_column_div av-zero-column-padding first  avia-builder-el-0  el_before_av_one_full  avia-builder-el-first  \" style='border-radius:0px; '><div  class='avia-image-container  av-styling-    avia-builder-el-1  avia-builder-el-no-sibling  avia-align-center '  itemprop=\"image\" itemscope=\"itemscope\" itemtype=\"https:\/\/schema.org\/ImageObject\"  ><div class='avia-image-container-inner'><div class='avia-image-overlay-wrap'><img decoding=\"async\" class='wp-image-61422 avia-img-lazy-loading-not-61422 avia_image' src=\"https:\/\/radiorevelacionfm.cl\/wp-content\/uploads\/2025\/11\/wide_optimized.jpg\" alt='' title='wide_optimized' height=\"600\" width=\"1048\"  itemprop=\"thumbnailUrl\" srcset=\"https:\/\/radiorevelacionfm.cl\/wp-content\/uploads\/2025\/11\/wide_optimized.jpg 1048w, https:\/\/radiorevelacionfm.cl\/wp-content\/uploads\/2025\/11\/wide_optimized-300x172.jpg 300w, https:\/\/radiorevelacionfm.cl\/wp-content\/uploads\/2025\/11\/wide_optimized-1030x590.jpg 1030w, https:\/\/radiorevelacionfm.cl\/wp-content\/uploads\/2025\/11\/wide_optimized-768x440.jpg 768w, https:\/\/radiorevelacionfm.cl\/wp-content\/uploads\/2025\/11\/wide_optimized-705x404.jpg 705w, https:\/\/radiorevelacionfm.cl\/wp-content\/uploads\/2025\/11\/wide_optimized-450x258.jpg 450w, https:\/\/radiorevelacionfm.cl\/wp-content\/uploads\/2025\/11\/wide_optimized-600x344.jpg 600w\" sizes=\"(max-width: 1048px) 100vw, 1048px\" \/><\/div><\/div><\/div><\/div><div class=\"flex_column av_one_full  flex_column_div av-zero-column-padding first  avia-builder-el-2  el_after_av_one_full  el_before_av_one_full  column-top-margin\" style='border-radius:0px; '><section class=\"av_textblock_section \"  itemscope=\"itemscope\" itemtype=\"https:\/\/schema.org\/BlogPosting\" itemprop=\"blogPost\" ><div class='avia_textblock  '   itemprop=\"text\" ><p style=\"text-align: center;\"><span style=\"font-size: 18pt;\"><strong>Calidad del Aire:\u00a0<\/strong><strong>Taller Contaminaci\u00f3n Global y Local en la Regi\u00f3n de Ays\u00e9n reunir\u00e1 al sector construcci\u00f3n este 18 de noviembre<\/strong><\/span><\/p>\n<div id=\"gtx-trans\" style=\"position: absolute; left: -50px; top: 4.31534px;\">\n<div class=\"gtx-trans-icon\"><\/div>\n<\/div>\n<\/div><\/section><\/div><div class=\"flex_column av_one_full  flex_column_div av-zero-column-padding first  avia-builder-el-4  el_after_av_one_full  el_before_av_hr  column-top-margin\" style='border-radius:0px; '><section class=\"av_textblock_section \"  itemscope=\"itemscope\" itemtype=\"https:\/\/schema.org\/BlogPosting\" itemprop=\"blogPost\" ><div class='avia_textblock  '   itemprop=\"text\" ><p style=\"text-align: justify;\">La Secretar\u00eda Regional Ministerial del Medio Ambiente de Ays\u00e9n, en coordinaci\u00f3n con la SEREMI de Vivienda y Urbanismo y el Servicio de Vivienda y Urbanizaci\u00f3n (SERVIU), realizar\u00e1 el pr\u00f3ximo 18 de noviembre, entre 09:00 y 12:00 horas, el taller \u201cContaminaci\u00f3n Global y Local en la Regi\u00f3n de Ays\u00e9n y su V\u00ednculo con los Objetivos de Desarrollo Sostenible\u201d, dirigido al sector construcci\u00f3n, inmobiliarias y entidades patrocinantes. La actividad se desarrollar\u00e1 en la Sala Multiuso de SERVIU, ubicada en Lautaro N\u00b03, Coyhaique.<\/p>\n<p style=\"text-align: justify;\"><em>\u201cInvitamos a todo el sector construcci\u00f3n a participar en esta actividad, donde abordaremos la vinculaci\u00f3n entre el PDA de Coyhaique y los Objetivos de Desarrollo Sostenible, especialmente el ODS 11 sobre ciudades y comunidades sostenibles, <\/em>con la contaminaci\u00f3n global y local<em>\u201d<\/em>, declar\u00f3 la encargada de calidad del aire de la\u00a0 SEREMI del Medio Ambiente, Jimena Silva<\/p>\n<p style=\"text-align: justify;\">La instancia se enmarca en el cumplimiento del <strong>Art\u00edculo 22 del Plan de Descontaminaci\u00f3n Atmosf\u00e9rica (PDA) de Coyhaique<\/strong>, que establece la realizaci\u00f3n de actividades informativas orientadas a empresas del rubro de la construcci\u00f3n que proyecten ejecutar obras dentro del \u00e1rea regulada por el Plan. El objetivo es entregar informaci\u00f3n clave sobre incentivos vigentes, nuevas exigencias y herramientas actualizadas para la construcci\u00f3n sustentable.<\/p>\n<p style=\"text-align: justify;\"><strong>Importancia de la eficiencia energ\u00e9tica para la descontaminaci\u00f3n<\/strong><\/p>\n<p style=\"text-align: justify;\">La eficiencia energ\u00e9tica en viviendas es una de las medidas m\u00e1s relevantes para enfrentar la contaminaci\u00f3n atmosf\u00e9rica en Coyhaique. Por ello, este taller busca fortalecer la vinculaci\u00f3n directa entre el Estado y los actores del sector construcci\u00f3n, promoviendo la actualizaci\u00f3n en reglamentaci\u00f3n t\u00e9rmica, mediciones de contaminaci\u00f3n local y su relaci\u00f3n con los <strong>Objetivos de Desarrollo Sostenible (ODS)<\/strong>.<\/p>\n<p style=\"text-align: justify;\">En este proceso, MINVU y SERVIU han sido aliados estrat\u00e9gicos en la implementaci\u00f3n y actualizaci\u00f3n del PDA, orientando al sector privado en el cumplimiento de nuevas normas y promoviendo la incorporaci\u00f3n de criterios de sustentabilidad en futuros proyectos habitacionales.<\/p>\n<p style=\"text-align: justify;\">La jornada contar\u00e1 con tres presentaciones especializadas de <strong>Manuela L\u00f3pez, <\/strong>Coordinadora Laboratorio Ecoclim\u00e1tico CIEP quien abordar\u00e1 \u201cResultados de mediciones de contaminaci\u00f3n en distintas localidades de la regi\u00f3n\u201d;<strong> Claudio Venegas, <\/strong>Coordinador de Inversiones MIDESOFYF quien presentar\u00e1 la \u201cestrategia regional para la implementaci\u00f3n de la Agenda 2030 y sus v\u00ednculos con el sector construcci\u00f3n\u201d; y <strong>Jeanette Matus<\/strong> \u2013 Profesional SERVIU Ays\u00e9n: \u00a0quien explicar\u00e1 la \u201cactualizaci\u00f3n de est\u00e1ndares y normas de acondicionamiento t\u00e9rmico\u201d.<\/p>\n<p style=\"text-align: justify;\"><strong>\u201cRevisaremos la nueva reglamentaci\u00f3n t\u00e9cnica que entra en vigencia el 27 de noviembre, junto a herramientas pr\u00e1cticas de c\u00e1lculo para facilitar su aplicaci\u00f3n en los proyectos de la regi\u00f3n.<\/strong><em>\u201d, concluy\u00f3 la <\/em>profesional SERVIU y expositora, Jeanette Matus.<\/p>\n<\/div><\/section><\/div><div  style='height:50px' class='hr hr-invisible   avia-builder-el-6  el_after_av_one_full  el_before_av_social_share '><span class='hr-inner ' ><span class='hr-inner-style'><\/span><\/span><\/div><\/p>\n<div  class='av-social-sharing-box  avia-builder-el-7  el_after_av_hr  el_before_av_hr  '><div class='av-share-box'><h5 class='av-share-link-description av-no-toc '>Compartir esta noticia<\/h5><ul class='av-share-box-list noLightbox'><li class='av-share-link av-social-link-facebook' ><a target=\"_blank\" aria-label=\"Compartir en Facebook\" href='https:\/\/www.facebook.com\/sharer.php?u=https:\/\/radiorevelacionfm.cl\/?p=61421&#038;t=Calidad%20del%20Aire%3A%20Taller%20Contaminaci%C3%B3n%20Global%20y%20Local%20en%20la%20Regi%C3%B3n%20de%20Ays%C3%A9n%20reunir%C3%A1%20al%20sector%20construcci%C3%B3n%20este%2018%20de%20noviembre.' aria-hidden='false' data-av_icon='\ue8f3' data-av_iconfont='entypo-fontello' title='' data-avia-related-tooltip='Compartir en Facebook' rel=\"noopener\"><span class='avia_hidden_link_text'>Compartir en Facebook<\/span><\/a><\/li><li class='av-share-link av-social-link-twitter' ><a target=\"_blank\" aria-label=\"Compartir en Twitter\" href='https:\/\/twitter.com\/share?text=Calidad%20del%20Aire%3A%20Taller%20Contaminaci%C3%B3n%20Global%20y%20Local%20en%20la%20Regi%C3%B3n%20de%20Ays%C3%A9n%20reunir%C3%A1%20al%20sector%20construcci%C3%B3n%20este%2018%20de%20noviembre.&#038;url=https:\/\/radiorevelacionfm.cl\/?p=61421' aria-hidden='false' data-av_icon='\ue8f1' data-av_iconfont='entypo-fontello' title='' data-avia-related-tooltip='Compartir en Twitter' rel=\"noopener\"><span class='avia_hidden_link_text'>Compartir en Twitter<\/span><\/a><\/li><li class='av-share-link av-social-link-whatsapp' ><a target=\"_blank\" aria-label=\"Compartir en Whatsapp\" href='https:\/\/api.whatsapp.com\/send?text=https:\/\/radiorevelacionfm.cl\/?p=61421' aria-hidden='false' data-av_icon='\uf232' data-av_iconfont='entypo-fontello' title='' data-avia-related-tooltip='Compartir en Whatsapp' rel=\"noopener\"><span class='avia_hidden_link_text'>Compartir en Whatsapp<\/span><\/a><\/li><li class='av-share-link av-social-link-linkedin' ><a target=\"_blank\" aria-label=\"Compartir en LinkedIn\" href='https:\/\/linkedin.com\/shareArticle?mini=true&#038;title=Calidad%20del%20Aire%3A%20Taller%20Contaminaci%C3%B3n%20Global%20y%20Local%20en%20la%20Regi%C3%B3n%20de%20Ays%C3%A9n%20reunir%C3%A1%20al%20sector%20construcci%C3%B3n%20este%2018%20de%20noviembre.&#038;url=https:\/\/radiorevelacionfm.cl\/?p=61421' aria-hidden='false' data-av_icon='\ue8fc' data-av_iconfont='entypo-fontello' title='' data-avia-related-tooltip='Compartir en LinkedIn' rel=\"noopener\"><span class='avia_hidden_link_text'>Compartir en LinkedIn<\/span><\/a><\/li><li class='av-share-link av-social-link-mail' ><a  aria-label=\"Compartir por correo\" href='mailto:?subject=Calidad%20del%20Aire%3A%20Taller%20Contaminaci%C3%B3n%20Global%20y%20Local%20en%20la%20Regi%C3%B3n%20de%20Ays%C3%A9n%20reunir%C3%A1%20al%20sector%20construcci%C3%B3n%20este%2018%20de%20noviembre.&#038;body=https:\/\/radiorevelacionfm.cl\/?p=61421' aria-hidden='false' data-av_icon='\ue805' data-av_iconfont='entypo-fontello' title='' data-avia-related-tooltip='Compartir por correo'><span class='avia_hidden_link_text'>Compartir por correo<\/span><\/a><\/li><\/ul><\/div><\/div>\n<div  style='height:50px' class='hr hr-invisible   avia-builder-el-8  el_after_av_social_share  el_before_av_comments_list '><span class='hr-inner ' ><span class='hr-inner-style'><\/span><\/span><\/div>\n<div  class='av-buildercomment  av-blog-meta-html-info-disabled av-blog-meta-tag-disabled  '><\/div>\n","protected":false},"excerpt":{"rendered":"","protected":false},"author":1,"featured_media":61422,"comment_status":"closed","ping_status":"closed","sticky":false,"template":"","format":"standard","meta":{"footnotes":""},"categories":[39],"tags":[],"class_list":["post-61421","post","type-post","status-publish","format-standard","has-post-thumbnail","hentry","category-medio-ambiente"],"jetpack_featured_media_url":"https:\/\/radiorevelacionfm.cl\/wp-content\/uploads\/2025\/11\/wide_optimized.jpg","_links":{"self":[{"href":"https:\/\/radiorevelacionfm.cl\/index.php?rest_route=\/wp\/v2\/posts\/61421","targetHints":{"allow":["GET"]}}],"collection":[{"href":"https:\/\/radiorevelacionfm.cl\/index.php?rest_route=\/wp\/v2\/posts"}],"about":[{"href":"https:\/\/radiorevelacionfm.cl\/index.php?rest_route=\/wp\/v2\/types\/post"}],"author":[{"embeddable":true,"href":"https:\/\/radiorevelacionfm.cl\/index.php?rest_route=\/wp\/v2\/users\/1"}],"replies":[{"embeddable":true,"href":"https:\/\/radiorevelacionfm.cl\/index.php?rest_route=%2Fwp%2Fv2%2Fcomments&post=61421"}],"version-history":[{"count":2,"href":"https:\/\/radiorevelacionfm.cl\/index.php?rest_route=\/wp\/v2\/posts\/61421\/revisions"}],"predecessor-version":[{"id":61454,"href":"https:\/\/radiorevelacionfm.cl\/index.php?rest_route=\/wp\/v2\/posts\/61421\/revisions\/61454"}],"wp:featuredmedia":[{"embeddable":true,"href":"https:\/\/radiorevelacionfm.cl\/index.php?rest_route=\/wp\/v2\/media\/61422"}],"wp:attachment":[{"href":"https:\/\/radiorevelacionfm.cl\/index.php?rest_route=%2Fwp%2Fv2%2Fmedia&parent=61421"}],"wp:term":[{"taxonomy":"category","embeddable":true,"href":"https:\/\/radiorevelacionfm.cl\/index.php?rest_route=%2Fwp%2Fv2%2Fcategories&post=61421"},{"taxonomy":"post_tag","embeddable":true,"href":"https:\/\/radiorevelacionfm.cl\/index.php?rest_route=%2Fwp%2Fv2%2Ftags&post=61421"}],"curies":[{"name":"wp","href":"https:\/\/api.w.org\/{rel}","templated":true}]}}