{"id":61415,"date":"2025-11-14T11:03:33","date_gmt":"2025-11-14T14:03:33","guid":{"rendered":"https:\/\/radiorevelacionfm.cl\/?p=61415"},"modified":"2025-11-14T11:03:33","modified_gmt":"2025-11-14T14:03:33","slug":"identifican-a-embarcaciones-de-los-lagos-realizando-faenas-de-pesca-ilegal-en-aysen","status":"publish","type":"post","link":"https:\/\/radiorevelacionfm.cl\/?p=61415","title":{"rendered":"Identifican a embarcaciones de Los Lagos realizando faenas de pesca ilegal en Ays\u00e9n"},"content":{"rendered":"<div class=\"flex_column av_one_full  flex_column_div av-zero-column-padding first  avia-builder-el-0  el_before_av_one_full  avia-builder-el-first  \" style='border-radius:0px; '><div  class='avia-image-container  av-styling-    avia-builder-el-1  avia-builder-el-no-sibling  avia-align-center '  itemprop=\"image\" itemscope=\"itemscope\" itemtype=\"https:\/\/schema.org\/ImageObject\"  ><div class='avia-image-container-inner'><div class='avia-image-overlay-wrap'><img decoding=\"async\" class='wp-image-61419 avia-img-lazy-loading-not-61419 avia_image' src=\"https:\/\/radiorevelacionfm.cl\/wp-content\/uploads\/2025\/11\/Foto-2025-11-14T084659.282-1-1.jpg\" alt='' title='Foto - 2025-11-14T084659.282 (1) (1)' height=\"600\" width=\"942\"  itemprop=\"thumbnailUrl\" srcset=\"https:\/\/radiorevelacionfm.cl\/wp-content\/uploads\/2025\/11\/Foto-2025-11-14T084659.282-1-1.jpg 942w, https:\/\/radiorevelacionfm.cl\/wp-content\/uploads\/2025\/11\/Foto-2025-11-14T084659.282-1-1-300x191.jpg 300w, https:\/\/radiorevelacionfm.cl\/wp-content\/uploads\/2025\/11\/Foto-2025-11-14T084659.282-1-1-768x489.jpg 768w, https:\/\/radiorevelacionfm.cl\/wp-content\/uploads\/2025\/11\/Foto-2025-11-14T084659.282-1-1-705x449.jpg 705w, https:\/\/radiorevelacionfm.cl\/wp-content\/uploads\/2025\/11\/Foto-2025-11-14T084659.282-1-1-450x287.jpg 450w, https:\/\/radiorevelacionfm.cl\/wp-content\/uploads\/2025\/11\/Foto-2025-11-14T084659.282-1-1-600x382.jpg 600w\" sizes=\"(max-width: 942px) 100vw, 942px\" \/><\/div><\/div><\/div><\/div><div class=\"flex_column av_one_full  flex_column_div av-zero-column-padding first  avia-builder-el-2  el_after_av_one_full  el_before_av_one_full  column-top-margin\" style='border-radius:0px; '><section class=\"av_textblock_section \"  itemscope=\"itemscope\" itemtype=\"https:\/\/schema.org\/BlogPosting\" itemprop=\"blogPost\" ><div class='avia_textblock  '   itemprop=\"text\" ><p style=\"text-align: center;\"><strong><span style=\"font-size: 18pt;\">Identifican a embarcaciones de Los Lagos realizando faenas de pesca ilegal en Ays\u00e9n<\/span><\/strong><\/p>\n<div id=\"gtx-trans\" style=\"position: absolute; left: -50px; top: 4.31534px;\">\n<div class=\"gtx-trans-icon\"><\/div>\n<\/div>\n<\/div><\/section><\/div><div class=\"flex_column av_one_full  flex_column_div av-zero-column-padding first  avia-builder-el-4  el_after_av_one_full  el_before_av_hr  column-top-margin\" style='border-radius:0px; '><section class=\"av_textblock_section \"  itemscope=\"itemscope\" itemtype=\"https:\/\/schema.org\/BlogPosting\" itemprop=\"blogPost\" ><div class='avia_textblock  '   itemprop=\"text\" ><p style=\"font-weight: 400; text-align: justify;\">A ra\u00edz de una denuncia, personal del Servicio Nacional de Pesca y Acuicultura, con apoyo aeronaval de la Armada de Chile, activaron una fiscalizaci\u00f3n para monitorear embarcaciones que se encontraban realizando faenas de pesca y extracci\u00f3n en zona de pesca del mar exterior de la regi\u00f3n.<\/p>\n<p style=\"font-weight: 400; text-align: justify;\">Durante el vuelo, se identific\u00f3 y registr\u00f3 a un total de 5 naves que se encontraban trabajando sobre los recursos luga roja, bacalao de profundidad y reineta. Posterior al vuelo, Sernapesca realiz\u00f3 el an\u00e1lisis documental y pudo determinar que las 2 embarcaciones que estaban extrayendo reineta incumpl\u00edan la normativa por estar inscritas en la regi\u00f3n de Los Lagos y, por lo tanto, sin autorizaci\u00f3n realizar faenas de pesca en la regi\u00f3n de Ays\u00e9n.<\/p>\n<p style=\"font-weight: 400; text-align: justify;\">Daniela Leiva, directora regional de Sernapesca en Ays\u00e9n coment\u00f3: \u201cAgradecemos la alerta ciudadana ante la presencia de estas embarcaciones, ya que la comunidad es un aliado que es clave para la protecci\u00f3n de nuestros recursos. Tambi\u00e9n valoramos el trabajo en conjunto con la Autoridad Mar\u00edtima, con quienes mantenemos una labor permanente, coordinada y altamente comprometida para combatir la pesca ilegal. Vivimos en una zona geogr\u00e1fica donde este soporte es fundamental para garantizar una fiscalizaci\u00f3n efectiva y continua de la actividad pesquera y acu\u00edcola, resguardando as\u00ed, nuestros recursos naturales\u201d.<\/p>\n<p style=\"font-weight: 400; text-align: justify;\">Por su parte, el\u00a0Gobernador Mar\u00edtimo de Ays\u00e9n, Capit\u00e1n de Fragata LT Octavio Valenzuela se refiri\u00f3 al constante trabajo para frenar estos actos il\u00edcitos: \u201cEstas tareas de fiscalizaci\u00f3n tienen el prop\u00f3sito de combatir la pesca ilegal no declarada y desincentivar il\u00edcitos en nuestras aguas jurisdiccionales, con el prop\u00f3sito de resguardar los intereses mar\u00edtimos y los recursos marinos. Estas actividades se desarrollaron en forma conjunta y permanente con Sernapesca. Hacemos un llamado a la comunidad, y principalmente al sector pesquero industrial y artesanal, a que hagan sus denuncias para que las autoridades fiscalizadoras puedan cumplir con su tarea de la mejor manera posible\u201d.<\/p>\n<p style=\"font-weight: 400; text-align: justify;\">Para consultas y denuncias se puede llamar al 137 de la Armada de Chile o al 800 320 032 de Sernapesca.<\/p>\n<\/div><\/section><\/div><div  style='height:50px' class='hr hr-invisible   avia-builder-el-6  el_after_av_one_full  el_before_av_social_share '><span class='hr-inner ' ><span class='hr-inner-style'><\/span><\/span><\/div><\/p>\n<div  class='av-social-sharing-box  avia-builder-el-7  el_after_av_hr  el_before_av_hr  '><div class='av-share-box'><h5 class='av-share-link-description av-no-toc '>Compartir esta noticia<\/h5><ul class='av-share-box-list noLightbox'><li class='av-share-link av-social-link-facebook' ><a target=\"_blank\" aria-label=\"Compartir en Facebook\" href='https:\/\/www.facebook.com\/sharer.php?u=https:\/\/radiorevelacionfm.cl\/?p=61415&#038;t=Identifican%20a%20embarcaciones%20de%20Los%20Lagos%20realizando%20faenas%20de%20pesca%20ilegal%20en%20Ays%C3%A9n' aria-hidden='false' data-av_icon='\ue8f3' data-av_iconfont='entypo-fontello' title='' data-avia-related-tooltip='Compartir en Facebook' rel=\"noopener\"><span class='avia_hidden_link_text'>Compartir en Facebook<\/span><\/a><\/li><li class='av-share-link av-social-link-twitter' ><a target=\"_blank\" aria-label=\"Compartir en Twitter\" href='https:\/\/twitter.com\/share?text=Identifican%20a%20embarcaciones%20de%20Los%20Lagos%20realizando%20faenas%20de%20pesca%20ilegal%20en%20Ays%C3%A9n&#038;url=https:\/\/radiorevelacionfm.cl\/?p=61415' aria-hidden='false' data-av_icon='\ue8f1' data-av_iconfont='entypo-fontello' title='' data-avia-related-tooltip='Compartir en Twitter' rel=\"noopener\"><span class='avia_hidden_link_text'>Compartir en Twitter<\/span><\/a><\/li><li class='av-share-link av-social-link-whatsapp' ><a target=\"_blank\" aria-label=\"Compartir en Whatsapp\" href='https:\/\/api.whatsapp.com\/send?text=https:\/\/radiorevelacionfm.cl\/?p=61415' aria-hidden='false' data-av_icon='\uf232' data-av_iconfont='entypo-fontello' title='' data-avia-related-tooltip='Compartir en Whatsapp' rel=\"noopener\"><span class='avia_hidden_link_text'>Compartir en Whatsapp<\/span><\/a><\/li><li class='av-share-link av-social-link-linkedin' ><a target=\"_blank\" aria-label=\"Compartir en LinkedIn\" href='https:\/\/linkedin.com\/shareArticle?mini=true&#038;title=Identifican%20a%20embarcaciones%20de%20Los%20Lagos%20realizando%20faenas%20de%20pesca%20ilegal%20en%20Ays%C3%A9n&#038;url=https:\/\/radiorevelacionfm.cl\/?p=61415' aria-hidden='false' data-av_icon='\ue8fc' data-av_iconfont='entypo-fontello' title='' data-avia-related-tooltip='Compartir en LinkedIn' rel=\"noopener\"><span class='avia_hidden_link_text'>Compartir en LinkedIn<\/span><\/a><\/li><li class='av-share-link av-social-link-mail' ><a  aria-label=\"Compartir por correo\" href='mailto:?subject=Identifican%20a%20embarcaciones%20de%20Los%20Lagos%20realizando%20faenas%20de%20pesca%20ilegal%20en%20Ays%C3%A9n&#038;body=https:\/\/radiorevelacionfm.cl\/?p=61415' aria-hidden='false' data-av_icon='\ue805' data-av_iconfont='entypo-fontello' title='' data-avia-related-tooltip='Compartir por correo'><span class='avia_hidden_link_text'>Compartir por correo<\/span><\/a><\/li><\/ul><\/div><\/div>\n<div  style='height:50px' class='hr hr-invisible   avia-builder-el-8  el_after_av_social_share  el_before_av_comments_list '><span class='hr-inner ' ><span class='hr-inner-style'><\/span><\/span><\/div>\n<div  class='av-buildercomment  av-blog-meta-html-info-disabled av-blog-meta-tag-disabled  '><\/div>\n","protected":false},"excerpt":{"rendered":"","protected":false},"author":1,"featured_media":61419,"comment_status":"closed","ping_status":"closed","sticky":false,"template":"","format":"standard","meta":{"footnotes":""},"categories":[60],"tags":[],"class_list":["post-61415","post","type-post","status-publish","format-standard","has-post-thumbnail","hentry","category-pesca"],"jetpack_featured_media_url":"https:\/\/radiorevelacionfm.cl\/wp-content\/uploads\/2025\/11\/Foto-2025-11-14T084659.282-1-1.jpg","_links":{"self":[{"href":"https:\/\/radiorevelacionfm.cl\/index.php?rest_route=\/wp\/v2\/posts\/61415","targetHints":{"allow":["GET"]}}],"collection":[{"href":"https:\/\/radiorevelacionfm.cl\/index.php?rest_route=\/wp\/v2\/posts"}],"about":[{"href":"https:\/\/radiorevelacionfm.cl\/index.php?rest_route=\/wp\/v2\/types\/post"}],"author":[{"embeddable":true,"href":"https:\/\/radiorevelacionfm.cl\/index.php?rest_route=\/wp\/v2\/users\/1"}],"replies":[{"embeddable":true,"href":"https:\/\/radiorevelacionfm.cl\/index.php?rest_route=%2Fwp%2Fv2%2Fcomments&post=61415"}],"version-history":[{"count":2,"href":"https:\/\/radiorevelacionfm.cl\/index.php?rest_route=\/wp\/v2\/posts\/61415\/revisions"}],"predecessor-version":[{"id":61425,"href":"https:\/\/radiorevelacionfm.cl\/index.php?rest_route=\/wp\/v2\/posts\/61415\/revisions\/61425"}],"wp:featuredmedia":[{"embeddable":true,"href":"https:\/\/radiorevelacionfm.cl\/index.php?rest_route=\/wp\/v2\/media\/61419"}],"wp:attachment":[{"href":"https:\/\/radiorevelacionfm.cl\/index.php?rest_route=%2Fwp%2Fv2%2Fmedia&parent=61415"}],"wp:term":[{"taxonomy":"category","embeddable":true,"href":"https:\/\/radiorevelacionfm.cl\/index.php?rest_route=%2Fwp%2Fv2%2Fcategories&post=61415"},{"taxonomy":"post_tag","embeddable":true,"href":"https:\/\/radiorevelacionfm.cl\/index.php?rest_route=%2Fwp%2Fv2%2Ftags&post=61415"}],"curies":[{"name":"wp","href":"https:\/\/api.w.org\/{rel}","templated":true}]}}