{"id":61411,"date":"2025-11-14T18:36:18","date_gmt":"2025-11-14T21:36:18","guid":{"rendered":"https:\/\/radiorevelacionfm.cl\/?p=61411"},"modified":"2025-11-14T18:36:18","modified_gmt":"2025-11-14T21:36:18","slug":"autoridades-laborales-detallan-derechos-de-trabajadores-para-votar-este-domingo-16-de-noviembre","status":"publish","type":"post","link":"https:\/\/radiorevelacionfm.cl\/?p=61411","title":{"rendered":"Autoridades laborales detallan derechos de trabajadores para votar este domingo 16 de noviembre"},"content":{"rendered":"<div class=\"flex_column av_one_full  flex_column_div av-zero-column-padding first  avia-builder-el-0  el_before_av_one_full  avia-builder-el-first  \" style='border-radius:0px; '><div  class='avia-image-container  av-styling-    avia-builder-el-1  avia-builder-el-no-sibling  avia-align-center '  itemprop=\"image\" itemscope=\"itemscope\" itemtype=\"https:\/\/schema.org\/ImageObject\"  ><div class='avia-image-container-inner'><div class='avia-image-overlay-wrap'><img decoding=\"async\" class='wp-image-61413 avia-img-lazy-loading-not-61413 avia_image' src=\"https:\/\/radiorevelacionfm.cl\/wp-content\/uploads\/2025\/11\/RecorridoComercio-9-1-1.jpeg\" alt='' title='RecorridoComercio (9) (1) (1)' height=\"600\" width=\"1070\"  itemprop=\"thumbnailUrl\" srcset=\"https:\/\/radiorevelacionfm.cl\/wp-content\/uploads\/2025\/11\/RecorridoComercio-9-1-1.jpeg 1070w, https:\/\/radiorevelacionfm.cl\/wp-content\/uploads\/2025\/11\/RecorridoComercio-9-1-1-300x168.jpeg 300w, https:\/\/radiorevelacionfm.cl\/wp-content\/uploads\/2025\/11\/RecorridoComercio-9-1-1-1030x578.jpeg 1030w, https:\/\/radiorevelacionfm.cl\/wp-content\/uploads\/2025\/11\/RecorridoComercio-9-1-1-768x431.jpeg 768w, https:\/\/radiorevelacionfm.cl\/wp-content\/uploads\/2025\/11\/RecorridoComercio-9-1-1-705x395.jpeg 705w, https:\/\/radiorevelacionfm.cl\/wp-content\/uploads\/2025\/11\/RecorridoComercio-9-1-1-450x252.jpeg 450w, https:\/\/radiorevelacionfm.cl\/wp-content\/uploads\/2025\/11\/RecorridoComercio-9-1-1-600x336.jpeg 600w\" sizes=\"(max-width: 1070px) 100vw, 1070px\" \/><\/div><\/div><\/div><\/div><div class=\"flex_column av_one_full  flex_column_div av-zero-column-padding first  avia-builder-el-2  el_after_av_one_full  el_before_av_one_full  column-top-margin\" style='border-radius:0px; '><section class=\"av_textblock_section \"  itemscope=\"itemscope\" itemtype=\"https:\/\/schema.org\/BlogPosting\" itemprop=\"blogPost\" ><div class='avia_textblock  '   itemprop=\"text\" ><p style=\"text-align: center;\"><span style=\"font-size: 18pt;\"><b>Autoridades laborales detallan derechos de trabajadores para votar este domingo 16 de noviembre<\/b><\/span><\/p>\n<div id=\"gtx-trans\" style=\"position: absolute; left: -50px; top: 4.31534px;\">\n<div class=\"gtx-trans-icon\"><\/div>\n<\/div>\n<\/div><\/section><\/div><div class=\"flex_column av_one_full  flex_column_div av-zero-column-padding first  avia-builder-el-4  el_after_av_one_full  el_before_av_hr  column-top-margin\" style='border-radius:0px; '><section class=\"av_textblock_section \"  itemscope=\"itemscope\" itemtype=\"https:\/\/schema.org\/BlogPosting\" itemprop=\"blogPost\" ><div class='avia_textblock  '   itemprop=\"text\" ><p style=\"text-align: justify;\"><em>Las autoridades realizaron un recorrido por locales comerciales informando a empleadores y trabajadores.<\/em><\/p>\n<p style=\"font-weight: 400; text-align: justify;\"><strong>\u00a0<\/strong>Un llamado a respetar la normativa que resguarda los derechos laborales y electorales de las y los trabajadores durante las elecciones presidenciales y parlamentarias de este domingo 16 de noviembre realizaron el Seremi(s) de Trabajo y Previsi\u00f3n Social, Rodrigo D\u00edaz Cordaro y el director regional de la Direcci\u00f3n del Trabajo, DT, Christian Aros Troncoso, quienes realizaron un recorrido por locales comerciales, donde recordaron las normas laborales y electorales que regir\u00e1n el pr\u00f3ximo domingo 16 de noviembre.<\/p>\n<p style=\"font-weight: 400; text-align: justify;\">El Seremi(s) Rodrigo D\u00edaz hizo hincapi\u00e9 en que todas las personas que deban trabajar ese d\u00eda cuentan con un permiso m\u00ednimo de tres horas para sufragar, sin que ello implique descuento de remuneraciones ni represalias, \u201cNos encontramos con el Director regional del Trabajo y estamos recorriendo el comercio regional informando de que este domingo los trabajadores tienen al menos tres horas para poder ir a votar. Esto es feriado irrenunciable y obligatorio para los malls solamente y strip centers, que en la regi\u00f3n no tenemos, por ello, no es feriado irrenunciable para el comercio y por lo tanto, su funcionamiento va a ser normal. As\u00ed que ah\u00ed el llamado para que los empleadores den las facilidades, se coordinen, de tal manera que todos los trabajadores y trabajadoras puedan concurrir a votar. Tenemos el tel\u00e9fono 600 450 4000 donde los trabajadores y trabajadoras pueden hacer las consultas en caso de duda\u201d, afirm\u00f3 el Seremi(s) de Trabajo y Previsi\u00f3n Social de Ays\u00e9n.<\/p>\n<p style=\"font-weight: 400; text-align: justify;\">A su vez, el Director regional del Trabajo, Christian Aros mencion\u00f3 los turnos y el derecho laboral que tienen los vocales de mesa, \u201cNosotros como Direcci\u00f3n del Trabajo vamos a estar fiscalizando ese d\u00eda de 9:00 de la ma\u00f1ana a 14 horas. Vamos a estar recibiendo las denuncias, como se\u00f1ala el Seremi(s), a trav\u00e9s de la l\u00ednea 600 450 4000 o a trav\u00e9s de la p\u00e1gina de la Direcci\u00f3n del Trabajo\u00a0<a href=\"http:\/\/www.dt.gob.cl\/\" data-saferedirecturl=\"https:\/\/www.google.com\/url?q=http:\/\/www.dt.gob.cl&amp;source=gmail&amp;ust=1763163264899000&amp;usg=AOvVaw14-RNWlW3bvQrQhE-473iu\">www.dt.gob.cl<\/a>. Tambi\u00e9n es importante recalcar que los vocales de mesa ese d\u00eda tienen autorizaci\u00f3n legal para ausentarse de sus labores y ese d\u00eda no puede ser descontado. Se considera trabajado para todos los efectos legales, igual que los miembros de los colegios escrutadores\u201d.<\/p>\n<p style=\"font-weight: 400; text-align: justify;\">En tanto, el administrador del supermercado regional Hiperpatag\u00f3nico dio cuenta que ya est\u00e1n coordinados para la jornada electoral, \u201cEste domingo estamos ya coordinados con todo lo que es turnos para el personal, para que no perdamos la continuidad de la atenci\u00f3n a p\u00fablico. As\u00ed que vamos a estar atendiendo absolutamente normal, desde las 8:30 a las 21 horas. As\u00ed que usted como cliente, no se preocupe, va a tener la atenci\u00f3n de costumbre. Y nos hemos encargado de que las personas que les corresponda ir a votar, lo hagan de acuerdo a las normativas legales vigentes, as\u00ed que no hay ning\u00fan problema, lo mismo que los vocales de mesa\u201d.<\/p>\n<p style=\"font-weight: 400; text-align: justify;\">Desde la Superintendencia de Seguridad Social se dict\u00f3 instrucciones que permiten armonizar la obligatoriedad del voto con el cumplimiento de reposo. Por tanto, la persona que est\u00e1 con licencia m\u00e9dica, y tomando en cuenta la prescripci\u00f3n m\u00e9dica y su estado de salud, puede efectivamente cumplir con la votaci\u00f3n, siempre\u00a0en una\u00a0mirada muy responsable y cuidando no poner en riesgo la recuperaci\u00f3n. De esta forma, el asistir a votar no se va a considerar un incumplimiento reposo.<\/p>\n<p style=\"font-weight: 400; text-align: justify;\">Asimismo, la entidad coment\u00f3 que las y los trabajadores que en el trayecto de su casa al trabajo pasan a votar, o aquellos que lo hacen en el transcurso de la jornada laboral, en estos espacios tambi\u00e9n estar\u00e1n cubiertos por la Ley de Accidentes del Trabajo en caso de cualquier siniestro que ocurra a prop\u00f3sito de ejercer el derecho a voto.<\/p>\n<\/div><\/section><\/div><div  style='height:50px' class='hr hr-invisible   avia-builder-el-6  el_after_av_one_full  el_before_av_social_share '><span class='hr-inner ' ><span class='hr-inner-style'><\/span><\/span><\/div><\/p>\n<div  class='av-social-sharing-box  avia-builder-el-7  el_after_av_hr  el_before_av_hr  '><div class='av-share-box'><h5 class='av-share-link-description av-no-toc '>Compartir esta noticia<\/h5><ul class='av-share-box-list noLightbox'><li class='av-share-link av-social-link-facebook' ><a target=\"_blank\" aria-label=\"Compartir en Facebook\" href='https:\/\/www.facebook.com\/sharer.php?u=https:\/\/radiorevelacionfm.cl\/?p=61411&#038;t=Autoridades%20laborales%20detallan%20derechos%20de%20trabajadores%20para%20votar%20este%20domingo%2016%20de%20noviembre' aria-hidden='false' data-av_icon='\ue8f3' data-av_iconfont='entypo-fontello' title='' data-avia-related-tooltip='Compartir en Facebook' rel=\"noopener\"><span class='avia_hidden_link_text'>Compartir en Facebook<\/span><\/a><\/li><li class='av-share-link av-social-link-twitter' ><a target=\"_blank\" aria-label=\"Compartir en Twitter\" href='https:\/\/twitter.com\/share?text=Autoridades%20laborales%20detallan%20derechos%20de%20trabajadores%20para%20votar%20este%20domingo%2016%20de%20noviembre&#038;url=https:\/\/radiorevelacionfm.cl\/?p=61411' aria-hidden='false' data-av_icon='\ue8f1' data-av_iconfont='entypo-fontello' title='' data-avia-related-tooltip='Compartir en Twitter' rel=\"noopener\"><span class='avia_hidden_link_text'>Compartir en Twitter<\/span><\/a><\/li><li class='av-share-link av-social-link-whatsapp' ><a target=\"_blank\" aria-label=\"Compartir en Whatsapp\" href='https:\/\/api.whatsapp.com\/send?text=https:\/\/radiorevelacionfm.cl\/?p=61411' aria-hidden='false' data-av_icon='\uf232' data-av_iconfont='entypo-fontello' title='' data-avia-related-tooltip='Compartir en Whatsapp' rel=\"noopener\"><span class='avia_hidden_link_text'>Compartir en Whatsapp<\/span><\/a><\/li><li class='av-share-link av-social-link-linkedin' ><a target=\"_blank\" aria-label=\"Compartir en LinkedIn\" href='https:\/\/linkedin.com\/shareArticle?mini=true&#038;title=Autoridades%20laborales%20detallan%20derechos%20de%20trabajadores%20para%20votar%20este%20domingo%2016%20de%20noviembre&#038;url=https:\/\/radiorevelacionfm.cl\/?p=61411' aria-hidden='false' data-av_icon='\ue8fc' data-av_iconfont='entypo-fontello' title='' data-avia-related-tooltip='Compartir en LinkedIn' rel=\"noopener\"><span class='avia_hidden_link_text'>Compartir en LinkedIn<\/span><\/a><\/li><li class='av-share-link av-social-link-mail' ><a  aria-label=\"Compartir por correo\" href='mailto:?subject=Autoridades%20laborales%20detallan%20derechos%20de%20trabajadores%20para%20votar%20este%20domingo%2016%20de%20noviembre&#038;body=https:\/\/radiorevelacionfm.cl\/?p=61411' aria-hidden='false' data-av_icon='\ue805' data-av_iconfont='entypo-fontello' title='' data-avia-related-tooltip='Compartir por correo'><span class='avia_hidden_link_text'>Compartir por correo<\/span><\/a><\/li><\/ul><\/div><\/div>\n<div  style='height:50px' class='hr hr-invisible   avia-builder-el-8  el_after_av_social_share  el_before_av_comments_list '><span class='hr-inner ' ><span class='hr-inner-style'><\/span><\/span><\/div>\n<div  class='av-buildercomment  av-blog-meta-html-info-disabled av-blog-meta-tag-disabled  '><\/div>\n","protected":false},"excerpt":{"rendered":"","protected":false},"author":1,"featured_media":61413,"comment_status":"closed","ping_status":"closed","sticky":false,"template":"","format":"standard","meta":{"footnotes":""},"categories":[38],"tags":[],"class_list":["post-61411","post","type-post","status-publish","format-standard","has-post-thumbnail","hentry","category-regional"],"jetpack_featured_media_url":"https:\/\/radiorevelacionfm.cl\/wp-content\/uploads\/2025\/11\/RecorridoComercio-9-1-1.jpeg","_links":{"self":[{"href":"https:\/\/radiorevelacionfm.cl\/index.php?rest_route=\/wp\/v2\/posts\/61411","targetHints":{"allow":["GET"]}}],"collection":[{"href":"https:\/\/radiorevelacionfm.cl\/index.php?rest_route=\/wp\/v2\/posts"}],"about":[{"href":"https:\/\/radiorevelacionfm.cl\/index.php?rest_route=\/wp\/v2\/types\/post"}],"author":[{"embeddable":true,"href":"https:\/\/radiorevelacionfm.cl\/index.php?rest_route=\/wp\/v2\/users\/1"}],"replies":[{"embeddable":true,"href":"https:\/\/radiorevelacionfm.cl\/index.php?rest_route=%2Fwp%2Fv2%2Fcomments&post=61411"}],"version-history":[{"count":2,"href":"https:\/\/radiorevelacionfm.cl\/index.php?rest_route=\/wp\/v2\/posts\/61411\/revisions"}],"predecessor-version":[{"id":61447,"href":"https:\/\/radiorevelacionfm.cl\/index.php?rest_route=\/wp\/v2\/posts\/61411\/revisions\/61447"}],"wp:featuredmedia":[{"embeddable":true,"href":"https:\/\/radiorevelacionfm.cl\/index.php?rest_route=\/wp\/v2\/media\/61413"}],"wp:attachment":[{"href":"https:\/\/radiorevelacionfm.cl\/index.php?rest_route=%2Fwp%2Fv2%2Fmedia&parent=61411"}],"wp:term":[{"taxonomy":"category","embeddable":true,"href":"https:\/\/radiorevelacionfm.cl\/index.php?rest_route=%2Fwp%2Fv2%2Fcategories&post=61411"},{"taxonomy":"post_tag","embeddable":true,"href":"https:\/\/radiorevelacionfm.cl\/index.php?rest_route=%2Fwp%2Fv2%2Ftags&post=61411"}],"curies":[{"name":"wp","href":"https:\/\/api.w.org\/{rel}","templated":true}]}}