{"id":61405,"date":"2025-11-14T16:27:53","date_gmt":"2025-11-14T19:27:53","guid":{"rendered":"https:\/\/radiorevelacionfm.cl\/?p=61405"},"modified":"2025-11-14T16:27:53","modified_gmt":"2025-11-14T19:27:53","slug":"estudiantes-del-liceo-juan-pablo-ii-de-coyhaique-visitan-central-termica-tehuelche-de-edelaysen","status":"publish","type":"post","link":"https:\/\/radiorevelacionfm.cl\/?p=61405","title":{"rendered":"Estudiantes del Liceo Juan Pablo II de Coyhaique visitan central t\u00e9rmica Tehuelche de Edelaysen"},"content":{"rendered":"<div class=\"flex_column av_one_full  flex_column_div av-zero-column-padding first  avia-builder-el-0  el_before_av_one_full  avia-builder-el-first  \" style='border-radius:0px; '><div  class='avia-image-container  av-styling-    avia-builder-el-1  avia-builder-el-no-sibling  avia-align-center '  itemprop=\"image\" itemscope=\"itemscope\" itemtype=\"https:\/\/schema.org\/ImageObject\"  ><div class='avia-image-container-inner'><div class='avia-image-overlay-wrap'><img decoding=\"async\" class='wp-image-61406 avia-img-lazy-loading-not-61406 avia_image' src=\"https:\/\/radiorevelacionfm.cl\/wp-content\/uploads\/2025\/11\/juan-pablo-2-1_optimized.jpeg\" alt='' title='juan-pablo-2-(1)_optimized' height=\"600\" width=\"800\"  itemprop=\"thumbnailUrl\" srcset=\"https:\/\/radiorevelacionfm.cl\/wp-content\/uploads\/2025\/11\/juan-pablo-2-1_optimized.jpeg 800w, https:\/\/radiorevelacionfm.cl\/wp-content\/uploads\/2025\/11\/juan-pablo-2-1_optimized-300x225.jpeg 300w, https:\/\/radiorevelacionfm.cl\/wp-content\/uploads\/2025\/11\/juan-pablo-2-1_optimized-768x576.jpeg 768w, https:\/\/radiorevelacionfm.cl\/wp-content\/uploads\/2025\/11\/juan-pablo-2-1_optimized-705x529.jpeg 705w, https:\/\/radiorevelacionfm.cl\/wp-content\/uploads\/2025\/11\/juan-pablo-2-1_optimized-450x338.jpeg 450w, https:\/\/radiorevelacionfm.cl\/wp-content\/uploads\/2025\/11\/juan-pablo-2-1_optimized-600x450.jpeg 600w\" sizes=\"(max-width: 800px) 100vw, 800px\" \/><\/div><\/div><\/div><\/div><div class=\"flex_column av_one_full  flex_column_div av-zero-column-padding first  avia-builder-el-2  el_after_av_one_full  el_before_av_one_full  column-top-margin\" style='border-radius:0px; '><section class=\"av_textblock_section \"  itemscope=\"itemscope\" itemtype=\"https:\/\/schema.org\/BlogPosting\" itemprop=\"blogPost\" ><div class='avia_textblock  '   itemprop=\"text\" ><p style=\"text-align: center;\"><strong><span style=\"font-size: 18pt;\">Estudiantes del Liceo Juan Pablo II de Coyhaique visitan central t\u00e9rmica Tehuelche de Edelaysen<\/span><\/strong><\/p>\n<div id=\"gtx-trans\" style=\"position: absolute; left: -50px; top: 4.31534px;\">\n<div class=\"gtx-trans-icon\"><\/div>\n<\/div>\n<\/div><\/section><\/div><div class=\"flex_column av_one_full  flex_column_div av-zero-column-padding first  avia-builder-el-4  el_after_av_one_full  el_before_av_hr  column-top-margin\" style='border-radius:0px; '><section class=\"av_textblock_section \"  itemscope=\"itemscope\" itemtype=\"https:\/\/schema.org\/BlogPosting\" itemprop=\"blogPost\" ><div class='avia_textblock  '   itemprop=\"text\" ><p style=\"text-align: justify;\"><em>La actividad, permiti\u00f3 a los alumnos conocer en terreno el funcionamiento del sistema el\u00e9ctrico local y las operaciones de generaci\u00f3n en la central Tehuelche en Coyhaique.<\/em><\/p>\n<p style=\"text-align: justify;\">En el marco del programa \u201cLiceos El\u00e9ctricos\u201d de Edelaysen, un grupo de estudiantes del Liceo Juan Pablo II, visit\u00f3 la central t\u00e9rmica Tehuelche, operada por Edelaysen, donde pudieron conocer de cerca como se genera la energ\u00eda que abastece a la comunidad de Coyhaique y su relevancia para la continuidad del suministro regional.<\/p>\n<p style=\"text-align: justify;\">Durante la jornada, los alumnos recorrieron las instalaciones, recibieron una charla del equipo t\u00e9cnico de la el\u00e9ctrica sobre los procesos de generaci\u00f3n y respaldo energ\u00e9tico, y resolvieron dudas sobre la operaci\u00f3n de los motores que permiten mantener la estabilidad del sistema local.<\/p>\n<p style=\"text-align: justify;\">De acuerdo con ello, Yasna Vera, ejecutiva de relacionamiento de Edelaysen quien realiza los acompa\u00f1amientos a cada jornada de aprendizaje de los estudiantes destac\u00f3: \u201cNos alegra recibir a estudiantes que quieren conocer c\u00f3mo funciona la energ\u00eda que llega a sus hogares. Este tipo de experiencias despiertan vocaciones y muestran el trabajo que realizamos d\u00eda a d\u00eda para entregar un servicio seguro y continuo a las familias de Ays\u00e9n\u201d.<\/p>\n<p style=\"text-align: justify;\">Cabe mencionar que esta es la\u00a0segunda visita educativa\u00a0del liceo, cuyos estudiantes anteriormente conocieron el funcionamiento de la\u00a0planta fotovoltaica El Blanco. La iniciativa forma parte del trabajo que impulsa\u00a0Edelaysen\u00a0para acercar la energ\u00eda a la comunidad y fomentar el inter\u00e9s de los j\u00f3venes por las \u00e1reas t\u00e9cnicas y cient\u00edficas.<\/p>\n<p style=\"text-align: justify;\">En ese sentido, el profesor Sergio Mora, valor\u00f3 la oportunidad de aprendizaje en terreno agregando que: \u201cPara nuestros estudiantes fue una experiencia muy significativa. Ellos pudieron ver de cerca lo que muchas veces estudiamos en teor\u00eda y entender la importancia que tiene la energ\u00eda en la conectividad y el desarrollo de nuestra regi\u00f3n\u201d.<\/p>\n<p style=\"text-align: justify;\">Aunque el establecimiento no cuenta con la especialidad de electricidad, las visitas se desarrollaron en el marco de su especialidad en\u00a0telecomunicaciones, reafirmando el compromiso de Edelaysen por\u00a0fortalecer la formaci\u00f3n pr\u00e1ctica, promover la educaci\u00f3n t\u00e9cnica y conectar a las nuevas generaciones con el futuro energ\u00e9tico de Ays\u00e9n.<\/p>\n<\/div><\/section><\/div><div  style='height:50px' class='hr hr-invisible   avia-builder-el-6  el_after_av_one_full  el_before_av_social_share '><span class='hr-inner ' ><span class='hr-inner-style'><\/span><\/span><\/div><\/p>\n<div  class='av-social-sharing-box  avia-builder-el-7  el_after_av_hr  el_before_av_hr  '><div class='av-share-box'><h5 class='av-share-link-description av-no-toc '>Compartir esta noticia<\/h5><ul class='av-share-box-list noLightbox'><li class='av-share-link av-social-link-facebook' ><a target=\"_blank\" aria-label=\"Compartir en Facebook\" href='https:\/\/www.facebook.com\/sharer.php?u=https:\/\/radiorevelacionfm.cl\/?p=61405&#038;t=Estudiantes%20del%20Liceo%20Juan%20Pablo%20II%20de%20Coyhaique%20visitan%20central%20t%C3%A9rmica%20Tehuelche%20de%20Edelaysen' aria-hidden='false' data-av_icon='\ue8f3' data-av_iconfont='entypo-fontello' title='' data-avia-related-tooltip='Compartir en Facebook' rel=\"noopener\"><span class='avia_hidden_link_text'>Compartir en Facebook<\/span><\/a><\/li><li class='av-share-link av-social-link-twitter' ><a target=\"_blank\" aria-label=\"Compartir en Twitter\" href='https:\/\/twitter.com\/share?text=Estudiantes%20del%20Liceo%20Juan%20Pablo%20II%20de%20Coyhaique%20visitan%20central%20t%C3%A9rmica%20Tehuelche%20de%20Edelaysen&#038;url=https:\/\/radiorevelacionfm.cl\/?p=61405' aria-hidden='false' data-av_icon='\ue8f1' data-av_iconfont='entypo-fontello' title='' data-avia-related-tooltip='Compartir en Twitter' rel=\"noopener\"><span class='avia_hidden_link_text'>Compartir en Twitter<\/span><\/a><\/li><li class='av-share-link av-social-link-whatsapp' ><a target=\"_blank\" aria-label=\"Compartir en Whatsapp\" href='https:\/\/api.whatsapp.com\/send?text=https:\/\/radiorevelacionfm.cl\/?p=61405' aria-hidden='false' data-av_icon='\uf232' data-av_iconfont='entypo-fontello' title='' data-avia-related-tooltip='Compartir en Whatsapp' rel=\"noopener\"><span class='avia_hidden_link_text'>Compartir en Whatsapp<\/span><\/a><\/li><li class='av-share-link av-social-link-linkedin' ><a target=\"_blank\" aria-label=\"Compartir en LinkedIn\" href='https:\/\/linkedin.com\/shareArticle?mini=true&#038;title=Estudiantes%20del%20Liceo%20Juan%20Pablo%20II%20de%20Coyhaique%20visitan%20central%20t%C3%A9rmica%20Tehuelche%20de%20Edelaysen&#038;url=https:\/\/radiorevelacionfm.cl\/?p=61405' aria-hidden='false' data-av_icon='\ue8fc' data-av_iconfont='entypo-fontello' title='' data-avia-related-tooltip='Compartir en LinkedIn' rel=\"noopener\"><span class='avia_hidden_link_text'>Compartir en LinkedIn<\/span><\/a><\/li><li class='av-share-link av-social-link-mail' ><a  aria-label=\"Compartir por correo\" href='mailto:?subject=Estudiantes%20del%20Liceo%20Juan%20Pablo%20II%20de%20Coyhaique%20visitan%20central%20t%C3%A9rmica%20Tehuelche%20de%20Edelaysen&#038;body=https:\/\/radiorevelacionfm.cl\/?p=61405' aria-hidden='false' data-av_icon='\ue805' data-av_iconfont='entypo-fontello' title='' data-avia-related-tooltip='Compartir por correo'><span class='avia_hidden_link_text'>Compartir por correo<\/span><\/a><\/li><\/ul><\/div><\/div>\n<div  style='height:50px' class='hr hr-invisible   avia-builder-el-8  el_after_av_social_share  el_before_av_comments_list '><span class='hr-inner ' ><span class='hr-inner-style'><\/span><\/span><\/div>\n<div  class='av-buildercomment  av-blog-meta-html-info-disabled av-blog-meta-tag-disabled  '><\/div>\n","protected":false},"excerpt":{"rendered":"","protected":false},"author":1,"featured_media":61406,"comment_status":"closed","ping_status":"closed","sticky":false,"template":"","format":"standard","meta":{"footnotes":""},"categories":[49],"tags":[],"class_list":["post-61405","post","type-post","status-publish","format-standard","has-post-thumbnail","hentry","category-educacion"],"jetpack_featured_media_url":"https:\/\/radiorevelacionfm.cl\/wp-content\/uploads\/2025\/11\/juan-pablo-2-1_optimized.jpeg","_links":{"self":[{"href":"https:\/\/radiorevelacionfm.cl\/index.php?rest_route=\/wp\/v2\/posts\/61405","targetHints":{"allow":["GET"]}}],"collection":[{"href":"https:\/\/radiorevelacionfm.cl\/index.php?rest_route=\/wp\/v2\/posts"}],"about":[{"href":"https:\/\/radiorevelacionfm.cl\/index.php?rest_route=\/wp\/v2\/types\/post"}],"author":[{"embeddable":true,"href":"https:\/\/radiorevelacionfm.cl\/index.php?rest_route=\/wp\/v2\/users\/1"}],"replies":[{"embeddable":true,"href":"https:\/\/radiorevelacionfm.cl\/index.php?rest_route=%2Fwp%2Fv2%2Fcomments&post=61405"}],"version-history":[{"count":2,"href":"https:\/\/radiorevelacionfm.cl\/index.php?rest_route=\/wp\/v2\/posts\/61405\/revisions"}],"predecessor-version":[{"id":61446,"href":"https:\/\/radiorevelacionfm.cl\/index.php?rest_route=\/wp\/v2\/posts\/61405\/revisions\/61446"}],"wp:featuredmedia":[{"embeddable":true,"href":"https:\/\/radiorevelacionfm.cl\/index.php?rest_route=\/wp\/v2\/media\/61406"}],"wp:attachment":[{"href":"https:\/\/radiorevelacionfm.cl\/index.php?rest_route=%2Fwp%2Fv2%2Fmedia&parent=61405"}],"wp:term":[{"taxonomy":"category","embeddable":true,"href":"https:\/\/radiorevelacionfm.cl\/index.php?rest_route=%2Fwp%2Fv2%2Fcategories&post=61405"},{"taxonomy":"post_tag","embeddable":true,"href":"https:\/\/radiorevelacionfm.cl\/index.php?rest_route=%2Fwp%2Fv2%2Ftags&post=61405"}],"curies":[{"name":"wp","href":"https:\/\/api.w.org\/{rel}","templated":true}]}}