{"id":61401,"date":"2025-11-14T12:28:19","date_gmt":"2025-11-14T15:28:19","guid":{"rendered":"https:\/\/radiorevelacionfm.cl\/?p=61401"},"modified":"2025-11-14T12:28:19","modified_gmt":"2025-11-14T15:28:19","slug":"carabineros-aysen-eleva-estandar-de-atencion-en-frontera-e-incorpora-nueve-modulos-de-control-migratorio","status":"publish","type":"post","link":"https:\/\/radiorevelacionfm.cl\/?p=61401","title":{"rendered":"Carabineros Ays\u00e9n eleva est\u00e1ndar de atenci\u00f3n en frontera e incorpora nueve m\u00f3dulos de control migratorio"},"content":{"rendered":"<div class=\"flex_column av_one_full  flex_column_div av-zero-column-padding first  avia-builder-el-0  el_before_av_one_full  avia-builder-el-first  \" style='border-radius:0px; '><div  class='avia-image-container  av-styling-    avia-builder-el-1  avia-builder-el-no-sibling  avia-align-center '  itemprop=\"image\" itemscope=\"itemscope\" itemtype=\"https:\/\/schema.org\/ImageObject\"  ><div class='avia-image-container-inner'><div class='avia-image-overlay-wrap'><img decoding=\"async\" class='wp-image-61402 avia-img-lazy-loading-not-61402 avia_image' src=\"https:\/\/radiorevelacionfm.cl\/wp-content\/uploads\/2025\/11\/1ed185d4-6b11-43fc-a438-e22007a60f0d-1_optimized.jpg\" alt='' title='1ed185d4-6b11-43fc-a438-e22007a60f0d-(1)_optimized' height=\"600\" width=\"899\"  itemprop=\"thumbnailUrl\" srcset=\"https:\/\/radiorevelacionfm.cl\/wp-content\/uploads\/2025\/11\/1ed185d4-6b11-43fc-a438-e22007a60f0d-1_optimized.jpg 899w, https:\/\/radiorevelacionfm.cl\/wp-content\/uploads\/2025\/11\/1ed185d4-6b11-43fc-a438-e22007a60f0d-1_optimized-300x200.jpg 300w, https:\/\/radiorevelacionfm.cl\/wp-content\/uploads\/2025\/11\/1ed185d4-6b11-43fc-a438-e22007a60f0d-1_optimized-768x513.jpg 768w, https:\/\/radiorevelacionfm.cl\/wp-content\/uploads\/2025\/11\/1ed185d4-6b11-43fc-a438-e22007a60f0d-1_optimized-705x471.jpg 705w, https:\/\/radiorevelacionfm.cl\/wp-content\/uploads\/2025\/11\/1ed185d4-6b11-43fc-a438-e22007a60f0d-1_optimized-450x300.jpg 450w, https:\/\/radiorevelacionfm.cl\/wp-content\/uploads\/2025\/11\/1ed185d4-6b11-43fc-a438-e22007a60f0d-1_optimized-600x400.jpg 600w\" sizes=\"(max-width: 899px) 100vw, 899px\" \/><\/div><\/div><\/div><\/div><div class=\"flex_column av_one_full  flex_column_div av-zero-column-padding first  avia-builder-el-2  el_after_av_one_full  el_before_av_one_full  column-top-margin\" style='border-radius:0px; '><section class=\"av_textblock_section \"  itemscope=\"itemscope\" itemtype=\"https:\/\/schema.org\/BlogPosting\" itemprop=\"blogPost\" ><div class='avia_textblock  '   itemprop=\"text\" ><p style=\"text-align: center;\"><strong><span style=\"font-size: 18pt;\">Carabineros Ays\u00e9n eleva est\u00e1ndar de atenci\u00f3n en frontera e incorpora nueve m\u00f3dulos de control migratorio<\/span><\/strong><\/p>\n<div id=\"gtx-trans\" style=\"position: absolute; left: -50px; top: 4.31534px;\">\n<div class=\"gtx-trans-icon\"><\/div>\n<\/div>\n<\/div><\/section><\/div><div class=\"flex_column av_one_full  flex_column_div av-zero-column-padding first  avia-builder-el-4  el_after_av_one_full  el_before_av_hr  column-top-margin\" style='border-radius:0px; '><section class=\"av_textblock_section \"  itemscope=\"itemscope\" itemtype=\"https:\/\/schema.org\/BlogPosting\" itemprop=\"blogPost\" ><div class='avia_textblock  '   itemprop=\"text\" ><p dir=\"ltr\" style=\"text-align: justify;\" role=\"presentation\"><em>Se trata de una iniciativa financiada por el Gobierno Regional y que permitir\u00e1 otorgar una mayor confortabilidad tanto para el personal que cumple funciones en frontera como para las personas que ingresan o salen del pa\u00eds a trav\u00e9s de los pasos internacionales controlados por la Instituci\u00f3n.<\/em><\/p>\n<p dir=\"ltr\" style=\"text-align: justify;\">Un total de nueve m\u00f3dulos de control migratorio fueron recientemente incorporados por Carabineros, como parte del proceso de modernizaci\u00f3n institucional, destinados a los cuarteles fronterizos de la Zona de Carabineros Ays\u00e9n.<\/p>\n<p dir=\"ltr\" style=\"text-align: justify;\">Se trata de una iniciativa financiada por el Gobierno Regional que fortalece la infraestructura institucional y que mejora las condiciones de atenci\u00f3n y control migratorio en los pasos fronterizos de nuestra regi\u00f3n.<\/p>\n<p dir=\"ltr\" style=\"text-align: justify;\">La reciente ceremonia de inauguraci\u00f3n y entrega se efectu\u00f3 en el sector del Ret\u00e9n Lago Castor (F) y cont\u00f3 con la presencia del Ministro de Seguridad P\u00fablica, Luis Cordero Vega; el General Director de Carabineros, Marcelo Araya Zapata; el Director General de la Polic\u00eda de Investigaciones de Chile, Eduardo Cerna Lozano; el Gobernador Regional de Ays\u00e9n, Macelo Santana Vargas; el Delegado Presidencial Regional de Ays\u00e9n, Jorge D\u00edaz Guzm\u00e1n; el Jefe de Zona Ays\u00e9n, General Eduardo Palma Fuentes, consejeros regionales e invitados especiales.<\/p>\n<p dir=\"ltr\" style=\"text-align: justify;\"><strong>Modernizaci\u00f3n<\/strong><\/p>\n<p dir=\"ltr\" style=\"text-align: justify;\">Dicha infraestructura corresponde a un total de nueve contenedores destinados a la atenci\u00f3n de p\u00fablico, dependencias modulares que ser\u00e1n destinados para su puesta en servicio en destacamentos fronterizos de la Zona de Carabineros Ays\u00e9n, instalaciones que responden a un proceso modernizador y de mayor confortabilidad tanto para el personal que cumple funciones en frontera como para quienes ingresan o salen del pa\u00eds a trav\u00e9s de estos pasos internacionales.<\/p>\n<p dir=\"ltr\" style=\"text-align: justify;\">\u201cEsto es gracias a un proyecto de cooperaci\u00f3n del Gobierno Regional -a trav\u00e9s de los consejeros regionales- quienes hicieron posible la adquisici\u00f3n de estos m\u00f3dulos de atenci\u00f3n de p\u00fablico tan necesarios para nuestra Instituci\u00f3n. Tenemos una larga frontera y efectuamos servicios de frontera y migraci\u00f3n en nueve puestos fronterizos. Hay varios de estos puestos donde la infraestructura era precaria para poder poder recibir a la cantidad de personas y turistas que ingresan o salen de la regi\u00f3n, sobre todo en el periodo estival\u201d, expres\u00f3 el Jefe de Zona de Carabineros Ays\u00e9n, General Eduardo Palma Fuentes.<\/p>\n<p dir=\"ltr\" style=\"text-align: justify;\">Por su parte el Gobernador Regional de Ays\u00e9n Macelo Santana Vargas, indic\u00f3 que \u201cjuntos al Ministro de Seguridad Luis Cordero, hemos hecho entrega de un equipamiento que el Consejo Regional aprob\u00f3 para Carabineros de Chile, equipamiento que consiste en mejorar la infraestructura de los cuarteles fronterizos. Hemos estado entregando nueve container cuyo hito simb\u00f3lico se realiz\u00f3 en el Paso Triana, para la atenci\u00f3n de p\u00fablico que tanto se requiere en esos pasos fronterizos\u201d, indic\u00f3.<\/p>\n<p dir=\"ltr\" style=\"text-align: justify;\">Se trata de m\u00f3dulos dotados de \u00e1reas de atenci\u00f3n de p\u00fablico, ba\u00f1o, permitiendo brindar una atenci\u00f3n moderna sobre la base de nuevos est\u00e1ndares de calidad a quienes cruzan la frontera y efect\u00faan tr\u00e1mites migratorios en estos lugares.<\/p>\n<p dir=\"ltr\" style=\"text-align: justify;\">Su incorporaci\u00f3n -indic\u00f3 el Jefe de Zona- va en pleno beneficio de la modernidad, de mejorar las condiciones laborales que poseen los carabineros que hacen patria en estas zonas m\u00e1s extremas, donde la rigurosidad de las condiciones clim\u00e1ticas, sumado a la antig\u00fcedad de las instalaciones, aceleran el proceso de deterioro de las instalaciones donde Carabineros cumple un rol subsidiario en materias de control migratorio y fitozoosanitario.<\/p>\n<div class=\"yj6qo\" style=\"text-align: justify;\"><\/div>\n<div class=\"adL\"><\/div>\n<\/div><\/section><\/div><div  style='height:50px' class='hr hr-invisible   avia-builder-el-6  el_after_av_one_full  el_before_av_social_share '><span class='hr-inner ' ><span class='hr-inner-style'><\/span><\/span><\/div><\/p>\n<div  class='av-social-sharing-box  avia-builder-el-7  el_after_av_hr  el_before_av_hr  '><div class='av-share-box'><h5 class='av-share-link-description av-no-toc '>Compartir esta noticia<\/h5><ul class='av-share-box-list noLightbox'><li class='av-share-link av-social-link-facebook' ><a target=\"_blank\" aria-label=\"Compartir en Facebook\" href='https:\/\/www.facebook.com\/sharer.php?u=https:\/\/radiorevelacionfm.cl\/?p=61401&#038;t=Carabineros%20Ays%C3%A9n%20eleva%20est%C3%A1ndar%20de%20atenci%C3%B3n%20en%20frontera%20e%20incorpora%20nueve%20m%C3%B3dulos%20de%20control%20migratorio' aria-hidden='false' data-av_icon='\ue8f3' data-av_iconfont='entypo-fontello' title='' data-avia-related-tooltip='Compartir en Facebook' rel=\"noopener\"><span class='avia_hidden_link_text'>Compartir en Facebook<\/span><\/a><\/li><li class='av-share-link av-social-link-twitter' ><a target=\"_blank\" aria-label=\"Compartir en Twitter\" href='https:\/\/twitter.com\/share?text=Carabineros%20Ays%C3%A9n%20eleva%20est%C3%A1ndar%20de%20atenci%C3%B3n%20en%20frontera%20e%20incorpora%20nueve%20m%C3%B3dulos%20de%20control%20migratorio&#038;url=https:\/\/radiorevelacionfm.cl\/?p=61401' aria-hidden='false' data-av_icon='\ue8f1' data-av_iconfont='entypo-fontello' title='' data-avia-related-tooltip='Compartir en Twitter' rel=\"noopener\"><span class='avia_hidden_link_text'>Compartir en Twitter<\/span><\/a><\/li><li class='av-share-link av-social-link-whatsapp' ><a target=\"_blank\" aria-label=\"Compartir en Whatsapp\" href='https:\/\/api.whatsapp.com\/send?text=https:\/\/radiorevelacionfm.cl\/?p=61401' aria-hidden='false' data-av_icon='\uf232' data-av_iconfont='entypo-fontello' title='' data-avia-related-tooltip='Compartir en Whatsapp' rel=\"noopener\"><span class='avia_hidden_link_text'>Compartir en Whatsapp<\/span><\/a><\/li><li class='av-share-link av-social-link-linkedin' ><a target=\"_blank\" aria-label=\"Compartir en LinkedIn\" href='https:\/\/linkedin.com\/shareArticle?mini=true&#038;title=Carabineros%20Ays%C3%A9n%20eleva%20est%C3%A1ndar%20de%20atenci%C3%B3n%20en%20frontera%20e%20incorpora%20nueve%20m%C3%B3dulos%20de%20control%20migratorio&#038;url=https:\/\/radiorevelacionfm.cl\/?p=61401' aria-hidden='false' data-av_icon='\ue8fc' data-av_iconfont='entypo-fontello' title='' data-avia-related-tooltip='Compartir en LinkedIn' rel=\"noopener\"><span class='avia_hidden_link_text'>Compartir en LinkedIn<\/span><\/a><\/li><li class='av-share-link av-social-link-mail' ><a  aria-label=\"Compartir por correo\" href='mailto:?subject=Carabineros%20Ays%C3%A9n%20eleva%20est%C3%A1ndar%20de%20atenci%C3%B3n%20en%20frontera%20e%20incorpora%20nueve%20m%C3%B3dulos%20de%20control%20migratorio&#038;body=https:\/\/radiorevelacionfm.cl\/?p=61401' aria-hidden='false' data-av_icon='\ue805' data-av_iconfont='entypo-fontello' title='' data-avia-related-tooltip='Compartir por correo'><span class='avia_hidden_link_text'>Compartir por correo<\/span><\/a><\/li><\/ul><\/div><\/div>\n<div  style='height:50px' class='hr hr-invisible   avia-builder-el-8  el_after_av_social_share  el_before_av_comments_list '><span class='hr-inner ' ><span class='hr-inner-style'><\/span><\/span><\/div>\n<div  class='av-buildercomment  av-blog-meta-html-info-disabled av-blog-meta-tag-disabled  '><\/div>\n","protected":false},"excerpt":{"rendered":"","protected":false},"author":1,"featured_media":61402,"comment_status":"closed","ping_status":"closed","sticky":false,"template":"","format":"standard","meta":{"footnotes":""},"categories":[36],"tags":[],"class_list":["post-61401","post","type-post","status-publish","format-standard","has-post-thumbnail","hentry","category-policial"],"jetpack_featured_media_url":"https:\/\/radiorevelacionfm.cl\/wp-content\/uploads\/2025\/11\/1ed185d4-6b11-43fc-a438-e22007a60f0d-1_optimized.jpg","_links":{"self":[{"href":"https:\/\/radiorevelacionfm.cl\/index.php?rest_route=\/wp\/v2\/posts\/61401","targetHints":{"allow":["GET"]}}],"collection":[{"href":"https:\/\/radiorevelacionfm.cl\/index.php?rest_route=\/wp\/v2\/posts"}],"about":[{"href":"https:\/\/radiorevelacionfm.cl\/index.php?rest_route=\/wp\/v2\/types\/post"}],"author":[{"embeddable":true,"href":"https:\/\/radiorevelacionfm.cl\/index.php?rest_route=\/wp\/v2\/users\/1"}],"replies":[{"embeddable":true,"href":"https:\/\/radiorevelacionfm.cl\/index.php?rest_route=%2Fwp%2Fv2%2Fcomments&post=61401"}],"version-history":[{"count":2,"href":"https:\/\/radiorevelacionfm.cl\/index.php?rest_route=\/wp\/v2\/posts\/61401\/revisions"}],"predecessor-version":[{"id":61428,"href":"https:\/\/radiorevelacionfm.cl\/index.php?rest_route=\/wp\/v2\/posts\/61401\/revisions\/61428"}],"wp:featuredmedia":[{"embeddable":true,"href":"https:\/\/radiorevelacionfm.cl\/index.php?rest_route=\/wp\/v2\/media\/61402"}],"wp:attachment":[{"href":"https:\/\/radiorevelacionfm.cl\/index.php?rest_route=%2Fwp%2Fv2%2Fmedia&parent=61401"}],"wp:term":[{"taxonomy":"category","embeddable":true,"href":"https:\/\/radiorevelacionfm.cl\/index.php?rest_route=%2Fwp%2Fv2%2Fcategories&post=61401"},{"taxonomy":"post_tag","embeddable":true,"href":"https:\/\/radiorevelacionfm.cl\/index.php?rest_route=%2Fwp%2Fv2%2Ftags&post=61401"}],"curies":[{"name":"wp","href":"https:\/\/api.w.org\/{rel}","templated":true}]}}