{"id":61396,"date":"2025-11-14T13:16:55","date_gmt":"2025-11-14T16:16:55","guid":{"rendered":"https:\/\/radiorevelacionfm.cl\/?p=61396"},"modified":"2025-11-14T13:16:55","modified_gmt":"2025-11-14T16:16:55","slug":"jovenes-rurales-de-aysen-fortalecen-redes-y-aprendizajes-en-encuentro-macrozonal-del-extremo-sur-con-apoyo-de-indap","status":"publish","type":"post","link":"https:\/\/radiorevelacionfm.cl\/?p=61396","title":{"rendered":"J\u00f3venes rurales de Ays\u00e9n fortalecen redes y aprendizajes en Encuentro Macrozonal del Extremo Sur con apoyo de INDAP"},"content":{"rendered":"<div class=\"flex_column av_one_full  flex_column_div av-zero-column-padding first  avia-builder-el-0  el_before_av_one_full  avia-builder-el-first  \" style='border-radius:0px; '><div  class='avia-image-container  av-styling-    avia-builder-el-1  avia-builder-el-no-sibling  avia-align-center '  itemprop=\"image\" itemscope=\"itemscope\" itemtype=\"https:\/\/schema.org\/ImageObject\"  ><div class='avia-image-container-inner'><div class='avia-image-overlay-wrap'><img decoding=\"async\" class='wp-image-61397 avia-img-lazy-loading-not-61397 avia_image' src=\"https:\/\/radiorevelacionfm.cl\/wp-content\/uploads\/2025\/11\/jovenes-rurales-extremo-sur-2-1_optimized.jpg\" alt='' title='jovenes-rurales-extremo-sur-2-(1)_optimized' height=\"600\" width=\"1067\"  itemprop=\"thumbnailUrl\" srcset=\"https:\/\/radiorevelacionfm.cl\/wp-content\/uploads\/2025\/11\/jovenes-rurales-extremo-sur-2-1_optimized.jpg 1067w, https:\/\/radiorevelacionfm.cl\/wp-content\/uploads\/2025\/11\/jovenes-rurales-extremo-sur-2-1_optimized-300x169.jpg 300w, https:\/\/radiorevelacionfm.cl\/wp-content\/uploads\/2025\/11\/jovenes-rurales-extremo-sur-2-1_optimized-1030x579.jpg 1030w, https:\/\/radiorevelacionfm.cl\/wp-content\/uploads\/2025\/11\/jovenes-rurales-extremo-sur-2-1_optimized-768x432.jpg 768w, https:\/\/radiorevelacionfm.cl\/wp-content\/uploads\/2025\/11\/jovenes-rurales-extremo-sur-2-1_optimized-705x396.jpg 705w, https:\/\/radiorevelacionfm.cl\/wp-content\/uploads\/2025\/11\/jovenes-rurales-extremo-sur-2-1_optimized-450x253.jpg 450w, https:\/\/radiorevelacionfm.cl\/wp-content\/uploads\/2025\/11\/jovenes-rurales-extremo-sur-2-1_optimized-600x337.jpg 600w\" sizes=\"(max-width: 1067px) 100vw, 1067px\" \/><\/div><\/div><\/div><\/div><div class=\"flex_column av_one_full  flex_column_div av-zero-column-padding first  avia-builder-el-2  el_after_av_one_full  el_before_av_one_full  column-top-margin\" style='border-radius:0px; '><section class=\"av_textblock_section \"  itemscope=\"itemscope\" itemtype=\"https:\/\/schema.org\/BlogPosting\" itemprop=\"blogPost\" ><div class='avia_textblock  '   itemprop=\"text\" ><p style=\"text-align: center;\"><strong><span style=\"font-size: 18pt;\">J\u00f3venes rurales de Ays\u00e9n fortalecen redes y aprendizajes en Encuentro Macrozonal del Extremo Sur con apoyo de INDAP<\/span><\/strong><\/p>\n<div id=\"gtx-trans\" style=\"position: absolute; left: -50px; top: 4.31534px;\">\n<div class=\"gtx-trans-icon\"><\/div>\n<\/div>\n<\/div><\/section><\/div><div class=\"flex_column av_one_full  flex_column_div av-zero-column-padding first  avia-builder-el-4  el_after_av_one_full  el_before_av_hr  column-top-margin\" style='border-radius:0px; '><section class=\"av_textblock_section \"  itemscope=\"itemscope\" itemtype=\"https:\/\/schema.org\/BlogPosting\" itemprop=\"blogPost\" ><div class='avia_textblock  '   itemprop=\"text\" ><p style=\"text-align: justify;\">J\u00f3venes agricultoras y agricultores de distintos puntos de la Regi\u00f3n de Ays\u00e9n; entre ellos Caleta Tortel, Puerto Tranquilo, Mall\u00edn Grande, Cochrane, Chile Chico y Cerro Castillo, participaron recientemente en el Encuentro Macrozonal de J\u00f3venes Rurales del Extremo Sur, una instancia formativa que reuni\u00f3 a delegaciones de Ays\u00e9n, Los Lagos y Magallanes para compartir experiencias y conocer iniciativas productivas adaptadas a territorios de clima extremo. La presencia de la regi\u00f3n fue posible gracias al apoyo t\u00e9cnico y log\u00edstico de INDAP Ays\u00e9n, que impulsa la participaci\u00f3n juvenil en espacios de articulaci\u00f3n interregional.<\/p>\n<p style=\"text-align: justify;\">\u201cEste encuentro refleja la fuerza de la juventud rural del sur de Chile, que pese a las distancias y las condiciones clim\u00e1ticas sigue innovando, asoci\u00e1ndose y creando futuro en sus territorios. Desde INDAP estamos cumpliendo el mandato del Presidente Gabriel Boric de abrir m\u00e1s espacios de formaci\u00f3n, intercambio y liderazgo para las y los j\u00f3venes que sostienen la ruralidad, y son el futuro del pa\u00eds y del campo aysenino\u201d, se\u00f1al\u00f3 Yessica Lagos C\u00e1rdenas, directora regional de INDAP Ays\u00e9n.<\/p>\n<p style=\"text-align: justify;\">Durante las jornadas, que contaron con la presencia de los equipos t\u00e9cnicos de INDAP y el representante de los liderazgos de la Mesa de Magallanes, se realizaron recorridos por experiencias productivas como la visita a INIA Campen Aike que han logrado consolidarse en zonas con condiciones clim\u00e1ticas complejas, abarcando horticultura bajo cubierta, manejo ganadero para periodos cr\u00edticos y emprendimientos vinculados al turismo rural. Las visitas permitieron observar distintas estrategias para prolongar las temporadas de cultivo, resguardar infraestructura de producci\u00f3n y mejorar la eficiencia h\u00eddrica, aprendizajes especialmente valiosos para las comunidades rurales del sur.<\/p>\n<p style=\"text-align: justify;\">Las actividades incluyeron espacios de di\u00e1logo juvenil, intercambio de saberes y an\u00e1lisis de pr\u00e1cticas sostenibles que permiten afrontar los efectos del cambio clim\u00e1tico en la agricultura familiar. Este componente colaborativo permiti\u00f3 a las delegaciones reflexionar sobre desaf\u00edos comunes y explorar formas de cooperaci\u00f3n entre regiones con realidades productivas y clim\u00e1ticas similares.<\/p>\n<p style=\"text-align: justify;\">Desde Puerto Tranquilo, Daniela Urrutia, participante de la Mesa Regional de J\u00f3venes Rurales valor\u00f3 especialmente la oportunidad de conocer experiencias innovadoras desarrolladas en Magallanes y de compartir las propias, junto con el apoyo de INDAP: \u201cfue super lindo estar compartiendo, hacer redes, creo personalmente que esa es la forma de trabajar, haciendo comunidad. Ojal\u00e1 el a\u00f1o que venga puedan ellos venir o nosotros recibir a los j\u00f3venes rurales. INDAP se port\u00f3 un 10, la mesa de j\u00f3venes tambi\u00e9n que fue armando esto con el apoyo de INDAP, que pudieron hacerlo posible. Fue realmente muy bonito y esperamos que se repita\u201d. Destaca, asimismo, como este tipo de encuentros permite una mirada macrozonal donde la juventud rural se reconoce como protagonista del desarrollo en territorios extremos.<\/p>\n<p style=\"text-align: justify;\">El encuentro se enmarca en los lineamientos de la Pol\u00edtica Nacional de Juventudes Rurales y la Estrategia INDAP 2023 -2030 y el compromiso permanente de INDAP por impulsar la formaci\u00f3n, el liderazgo y la asociatividad juvenil. Desde Ays\u00e9n, el servicio cumple con su misi\u00f3n de acompa\u00f1ar a las y los j\u00f3venes en su desarrollo productivo, ampliando redes de colaboraci\u00f3n y promoviendo una ruralidad viva, inclusiva y sostenible en todo el extremo sur del pa\u00eds.<\/p>\n<\/div><\/section><\/div><div  style='height:50px' class='hr hr-invisible   avia-builder-el-6  el_after_av_one_full  el_before_av_social_share '><span class='hr-inner ' ><span class='hr-inner-style'><\/span><\/span><\/div><\/p>\n<div  class='av-social-sharing-box  avia-builder-el-7  el_after_av_hr  el_before_av_hr  '><div class='av-share-box'><h5 class='av-share-link-description av-no-toc '>Compartir esta noticia<\/h5><ul class='av-share-box-list noLightbox'><li class='av-share-link av-social-link-facebook' ><a target=\"_blank\" aria-label=\"Compartir en Facebook\" href='https:\/\/www.facebook.com\/sharer.php?u=https:\/\/radiorevelacionfm.cl\/?p=61396&#038;t=J%C3%B3venes%20rurales%20de%20Ays%C3%A9n%20fortalecen%20redes%20y%20aprendizajes%20en%20Encuentro%20Macrozonal%20del%20Extremo%20Sur%20con%20apoyo%20de%20INDAP' aria-hidden='false' data-av_icon='\ue8f3' data-av_iconfont='entypo-fontello' title='' data-avia-related-tooltip='Compartir en Facebook' rel=\"noopener\"><span class='avia_hidden_link_text'>Compartir en Facebook<\/span><\/a><\/li><li class='av-share-link av-social-link-twitter' ><a target=\"_blank\" aria-label=\"Compartir en Twitter\" href='https:\/\/twitter.com\/share?text=J%C3%B3venes%20rurales%20de%20Ays%C3%A9n%20fortalecen%20redes%20y%20aprendizajes%20en%20Encuentro%20Macrozonal%20del%20Extremo%20Sur%20con%20apoyo%20de%20INDAP&#038;url=https:\/\/radiorevelacionfm.cl\/?p=61396' aria-hidden='false' data-av_icon='\ue8f1' data-av_iconfont='entypo-fontello' title='' data-avia-related-tooltip='Compartir en Twitter' rel=\"noopener\"><span class='avia_hidden_link_text'>Compartir en Twitter<\/span><\/a><\/li><li class='av-share-link av-social-link-whatsapp' ><a target=\"_blank\" aria-label=\"Compartir en Whatsapp\" href='https:\/\/api.whatsapp.com\/send?text=https:\/\/radiorevelacionfm.cl\/?p=61396' aria-hidden='false' data-av_icon='\uf232' data-av_iconfont='entypo-fontello' title='' data-avia-related-tooltip='Compartir en Whatsapp' rel=\"noopener\"><span class='avia_hidden_link_text'>Compartir en Whatsapp<\/span><\/a><\/li><li class='av-share-link av-social-link-linkedin' ><a target=\"_blank\" aria-label=\"Compartir en LinkedIn\" href='https:\/\/linkedin.com\/shareArticle?mini=true&#038;title=J%C3%B3venes%20rurales%20de%20Ays%C3%A9n%20fortalecen%20redes%20y%20aprendizajes%20en%20Encuentro%20Macrozonal%20del%20Extremo%20Sur%20con%20apoyo%20de%20INDAP&#038;url=https:\/\/radiorevelacionfm.cl\/?p=61396' aria-hidden='false' data-av_icon='\ue8fc' data-av_iconfont='entypo-fontello' title='' data-avia-related-tooltip='Compartir en LinkedIn' rel=\"noopener\"><span class='avia_hidden_link_text'>Compartir en LinkedIn<\/span><\/a><\/li><li class='av-share-link av-social-link-mail' ><a  aria-label=\"Compartir por correo\" href='mailto:?subject=J%C3%B3venes%20rurales%20de%20Ays%C3%A9n%20fortalecen%20redes%20y%20aprendizajes%20en%20Encuentro%20Macrozonal%20del%20Extremo%20Sur%20con%20apoyo%20de%20INDAP&#038;body=https:\/\/radiorevelacionfm.cl\/?p=61396' aria-hidden='false' data-av_icon='\ue805' data-av_iconfont='entypo-fontello' title='' data-avia-related-tooltip='Compartir por correo'><span class='avia_hidden_link_text'>Compartir por correo<\/span><\/a><\/li><\/ul><\/div><\/div>\n<div  style='height:50px' class='hr hr-invisible   avia-builder-el-8  el_after_av_social_share  el_before_av_comments_list '><span class='hr-inner ' ><span class='hr-inner-style'><\/span><\/span><\/div>\n<div  class='av-buildercomment  av-blog-meta-html-info-disabled av-blog-meta-tag-disabled  '><\/div>\n","protected":false},"excerpt":{"rendered":"","protected":false},"author":1,"featured_media":61397,"comment_status":"closed","ping_status":"closed","sticky":false,"template":"","format":"standard","meta":{"footnotes":""},"categories":[58],"tags":[],"class_list":["post-61396","post","type-post","status-publish","format-standard","has-post-thumbnail","hentry","category-agricultura"],"jetpack_featured_media_url":"https:\/\/radiorevelacionfm.cl\/wp-content\/uploads\/2025\/11\/jovenes-rurales-extremo-sur-2-1_optimized.jpg","_links":{"self":[{"href":"https:\/\/radiorevelacionfm.cl\/index.php?rest_route=\/wp\/v2\/posts\/61396","targetHints":{"allow":["GET"]}}],"collection":[{"href":"https:\/\/radiorevelacionfm.cl\/index.php?rest_route=\/wp\/v2\/posts"}],"about":[{"href":"https:\/\/radiorevelacionfm.cl\/index.php?rest_route=\/wp\/v2\/types\/post"}],"author":[{"embeddable":true,"href":"https:\/\/radiorevelacionfm.cl\/index.php?rest_route=\/wp\/v2\/users\/1"}],"replies":[{"embeddable":true,"href":"https:\/\/radiorevelacionfm.cl\/index.php?rest_route=%2Fwp%2Fv2%2Fcomments&post=61396"}],"version-history":[{"count":2,"href":"https:\/\/radiorevelacionfm.cl\/index.php?rest_route=\/wp\/v2\/posts\/61396\/revisions"}],"predecessor-version":[{"id":61430,"href":"https:\/\/radiorevelacionfm.cl\/index.php?rest_route=\/wp\/v2\/posts\/61396\/revisions\/61430"}],"wp:featuredmedia":[{"embeddable":true,"href":"https:\/\/radiorevelacionfm.cl\/index.php?rest_route=\/wp\/v2\/media\/61397"}],"wp:attachment":[{"href":"https:\/\/radiorevelacionfm.cl\/index.php?rest_route=%2Fwp%2Fv2%2Fmedia&parent=61396"}],"wp:term":[{"taxonomy":"category","embeddable":true,"href":"https:\/\/radiorevelacionfm.cl\/index.php?rest_route=%2Fwp%2Fv2%2Fcategories&post=61396"},{"taxonomy":"post_tag","embeddable":true,"href":"https:\/\/radiorevelacionfm.cl\/index.php?rest_route=%2Fwp%2Fv2%2Ftags&post=61396"}],"curies":[{"name":"wp","href":"https:\/\/api.w.org\/{rel}","templated":true}]}}