{"id":61392,"date":"2025-11-14T11:44:38","date_gmt":"2025-11-14T14:44:38","guid":{"rendered":"https:\/\/radiorevelacionfm.cl\/?p=61392"},"modified":"2025-11-14T11:44:38","modified_gmt":"2025-11-14T14:44:38","slug":"servicios-publicos-se-reunen-para-coordinar-acciones-preventivas-ante-contingencias-ambientales-de-pesca-y-acuicultura","status":"publish","type":"post","link":"https:\/\/radiorevelacionfm.cl\/?p=61392","title":{"rendered":"Servicios p\u00fablicos se re\u00fanen para coordinar acciones preventivas ante contingencias ambientales de pesca y acuicultura"},"content":{"rendered":"<div class=\"flex_column av_one_full  flex_column_div av-zero-column-padding first  avia-builder-el-0  el_before_av_one_full  avia-builder-el-first  \" style='border-radius:0px; '><div  class='avia-image-container  av-styling-    avia-builder-el-1  avia-builder-el-no-sibling  avia-align-center '  itemprop=\"image\" itemscope=\"itemscope\" itemtype=\"https:\/\/schema.org\/ImageObject\"  ><div class='avia-image-container-inner'><div class='avia-image-overlay-wrap'><img decoding=\"async\" class='wp-image-61393 avia-img-lazy-loading-not-61393 avia_image' src=\"https:\/\/radiorevelacionfm.cl\/wp-content\/uploads\/2025\/11\/reunion-ciica3-1-1.jpg\" alt='' title='reunion-ciica3 (1) (1)' height=\"600\" width=\"1067\"  itemprop=\"thumbnailUrl\" srcset=\"https:\/\/radiorevelacionfm.cl\/wp-content\/uploads\/2025\/11\/reunion-ciica3-1-1.jpg 1067w, https:\/\/radiorevelacionfm.cl\/wp-content\/uploads\/2025\/11\/reunion-ciica3-1-1-300x169.jpg 300w, https:\/\/radiorevelacionfm.cl\/wp-content\/uploads\/2025\/11\/reunion-ciica3-1-1-1030x579.jpg 1030w, https:\/\/radiorevelacionfm.cl\/wp-content\/uploads\/2025\/11\/reunion-ciica3-1-1-768x432.jpg 768w, https:\/\/radiorevelacionfm.cl\/wp-content\/uploads\/2025\/11\/reunion-ciica3-1-1-705x396.jpg 705w, https:\/\/radiorevelacionfm.cl\/wp-content\/uploads\/2025\/11\/reunion-ciica3-1-1-450x253.jpg 450w, https:\/\/radiorevelacionfm.cl\/wp-content\/uploads\/2025\/11\/reunion-ciica3-1-1-600x337.jpg 600w\" sizes=\"(max-width: 1067px) 100vw, 1067px\" \/><\/div><\/div><\/div><\/div><div class=\"flex_column av_one_full  flex_column_div av-zero-column-padding first  avia-builder-el-2  el_after_av_one_full  el_before_av_one_full  column-top-margin\" style='border-radius:0px; '><section class=\"av_textblock_section \"  itemscope=\"itemscope\" itemtype=\"https:\/\/schema.org\/BlogPosting\" itemprop=\"blogPost\" ><div class='avia_textblock  '   itemprop=\"text\" ><p style=\"text-align: center;\"><span style=\"font-size: 18pt;\"><b>Servicios p\u00fablicos se re\u00fanen para coordinar acciones preventivas ante contingencias ambientales de pesca y acuicultura<\/b><\/span><\/p>\n<div id=\"gtx-trans\" style=\"position: absolute; left: -50px; top: 4.31534px;\">\n<div class=\"gtx-trans-icon\"><\/div>\n<\/div>\n<\/div><\/section><\/div><div class=\"flex_column av_one_full  flex_column_div av-zero-column-padding first  avia-builder-el-4  el_after_av_one_full  el_before_av_hr  column-top-margin\" style='border-radius:0px; '><section class=\"av_textblock_section \"  itemscope=\"itemscope\" itemtype=\"https:\/\/schema.org\/BlogPosting\" itemprop=\"blogPost\" ><div class='avia_textblock  '   itemprop=\"text\" ><p style=\"font-weight: 400; text-align: justify;\">El Servicio Nacional de Pesca y Acuicultura (Sernapesca) convoc\u00f3 a los organismos p\u00fablicos con competencia en materia ambiental que integran el Comit\u00e9 Interinstitucional de Contingencias Ambientales (CIICA) para preparar la temporada primavera-verano 2025-2026.<\/p>\n<p style=\"font-weight: 400; text-align: justify;\">La instancia reuni\u00f3 a representantes del Ministerio del Interior, Ministerio de Medio Ambiente, Ministerio de Salud, Subsecretar\u00eda de Pesca y Acuicultura (Subpesca), Direcci\u00f3n General del Territorio Mar\u00edtimo y de Marina Mercante de la Armada de Chile, Superintendencia de Medio Ambiente (SMA), Servicio Nacional de Prevenci\u00f3n (Senapred) y del Instituto de Fomento Pesquero (IFOP).<\/p>\n<p style=\"font-weight: 400; text-align: justify;\">La directora nacional de Sernapesca, Soledad Tapia, recalc\u00f3 que \u201cEs clave que los servicios p\u00fablicos estemos coordinados para poder prepararnos y dar una respuesta efectiva y oportuna ante eventos de floraciones algales nocivas, mortalidades masivas de salm\u00f3nidos y varamientos, entre otros, que suelen registrarse con mayor probabilidad cuando existen anomal\u00edas de condiciones clim\u00e1ticas y oceanogr\u00e1ficas. Por esto es de suma relevancia contar con informaci\u00f3n cient\u00edfica para tomar decisiones, adecuar nuestros planes y mejorar nuestros procesos, haciendo un mejor uso de los recursos p\u00fablicos y dando tambi\u00e9n una mejor respuesta ante la ciudadan\u00eda y las entidades involucradas en estas contingencias.\u201d<\/p>\n<p style=\"font-weight: 400; text-align: justify;\">De acuerdo con la informaci\u00f3n de los sistemas de monitoreo oceanogr\u00e1fico de IFOP presentados en la instancia, en t\u00e9rminos generales actualmente las condiciones se consideran neutras asociadas a un evento de la Ni\u00f1a, sin que exista claridad respecto a la evoluci\u00f3n de las condiciones y su relaci\u00f3n con eventuales aumentos de temperaturas superficiales del mar y floraciones algales nocivas (FAN), por lo que resulta fundamental continuar con un monitoreo permanente de la zona.<\/p>\n<p style=\"font-weight: 400; text-align: justify;\">Ante este escenario se abord\u00f3 la revisi\u00f3n de la normativa vigente, as\u00ed como las acciones de coordinaci\u00f3n entre los SSPP, para enfrentar contingencias ambientales asociados a FAN y mortalidades masivas de salm\u00f3nidos en centros de cultivo de las zonas que presentan m\u00e1s riesgos de tener este tipo de eventos.<\/p>\n<p style=\"font-weight: 400; text-align: justify;\">Sernapesca present\u00f3 adem\u00e1s una nueva plataforma de visualizaci\u00f3n geoespacial con la informaci\u00f3n de par\u00e1metros ambientales que son reportados por las empresas salmonicultoras como temperatura, salinidad, ox\u00edgeno disuelto y clorofila, as\u00ed como la presencia y concentraci\u00f3n de microalgas, lo que contribuye a su an\u00e1lisis y la respectiva toma de decisiones. Se trata de una plataforma de acceso p\u00fablico que est\u00e1 disponible en\u00a0<a href=\"https:\/\/visormapasgrdsn.sernapesca.cl\/\" data-saferedirecturl=\"https:\/\/www.google.com\/url?q=https:\/\/visormapasgrdsn.sernapesca.cl\/&amp;source=gmail&amp;ust=1763152880841000&amp;usg=AOvVaw1VOUS-u_ykakVRaG8P7QlB\">https:\/\/visormapasgrdsn.sernapesca.cl\/<\/a><\/p>\n<p style=\"font-weight: 400; text-align: justify;\"><strong>Comit\u00e9s regionales\u00a0<\/strong><\/p>\n<p style=\"font-weight: 400; text-align: justify;\">Paralelamente, se retomar\u00e1n las reuniones de trabajo de los CIICA de las regiones de Los Lagos y Ays\u00e9n, que concentran gran parte de la actividad acu\u00edcola que est\u00e1 expuesta a las alertas y eventos ambientales, para que los organismos a nivel local tambi\u00e9n est\u00e9n coordinados y preparados.<\/p>\n<p style=\"font-weight: 400; text-align: justify;\">Asimismo, para reforzar la implementaci\u00f3n de las medidas de la prealerta ambiental y las acciones preventivas para enfrentar eventuales contingencias, se est\u00e1n realizando talleres en ambas regiones con la tem\u00e1tica \u201cPreparaci\u00f3n para enfrentar eventos de mortalidad masiva ante un escenario: cambio clim\u00e1tico \/ evento La Ni\u00f1a\u201d, organizados por Sernapesca y la industria, con la participaci\u00f3n de la Autoridad Mar\u00edtima e IFOP, y dirigidos a representantes de las distintas empresas.<\/p>\n<p style=\"font-weight: 400; text-align: justify;\">Al respecto, la directora nacional de Sernapesca indic\u00f3: \u201cEsta semana desarrollamos dos jornadas con las empresas, el martes en Ays\u00e9n y el viernes en Los Lagos, para abordar aspectos normativos as\u00ed como acciones preventivas, de manera que cuenten con toda la informaci\u00f3n necesaria para levantar o actualizar sus planes de acci\u00f3n ante contingencias, de modo de generar una respuesta efectiva y oportuna no solo desde la institucionalidad p\u00fablica sino tambi\u00e9n privada\u201d.<\/p>\n<\/div><\/section><\/div><div  style='height:50px' class='hr hr-invisible   avia-builder-el-6  el_after_av_one_full  el_before_av_social_share '><span class='hr-inner ' ><span class='hr-inner-style'><\/span><\/span><\/div><\/p>\n<div  class='av-social-sharing-box  avia-builder-el-7  el_after_av_hr  el_before_av_hr  '><div class='av-share-box'><h5 class='av-share-link-description av-no-toc '>Compartir esta noticia<\/h5><ul class='av-share-box-list noLightbox'><li class='av-share-link av-social-link-facebook' ><a target=\"_blank\" aria-label=\"Compartir en Facebook\" href='https:\/\/www.facebook.com\/sharer.php?u=https:\/\/radiorevelacionfm.cl\/?p=61392&#038;t=Servicios%20p%C3%BAblicos%20se%20re%C3%BAnen%20para%20coordinar%20acciones%20preventivas%20ante%20contingencias%20ambientales%20de%20pesca%20y%20acuicultura' aria-hidden='false' data-av_icon='\ue8f3' data-av_iconfont='entypo-fontello' title='' data-avia-related-tooltip='Compartir en Facebook' rel=\"noopener\"><span class='avia_hidden_link_text'>Compartir en Facebook<\/span><\/a><\/li><li class='av-share-link av-social-link-twitter' ><a target=\"_blank\" aria-label=\"Compartir en Twitter\" href='https:\/\/twitter.com\/share?text=Servicios%20p%C3%BAblicos%20se%20re%C3%BAnen%20para%20coordinar%20acciones%20preventivas%20ante%20contingencias%20ambientales%20de%20pesca%20y%20acuicultura&#038;url=https:\/\/radiorevelacionfm.cl\/?p=61392' aria-hidden='false' data-av_icon='\ue8f1' data-av_iconfont='entypo-fontello' title='' data-avia-related-tooltip='Compartir en Twitter' rel=\"noopener\"><span class='avia_hidden_link_text'>Compartir en Twitter<\/span><\/a><\/li><li class='av-share-link av-social-link-whatsapp' ><a target=\"_blank\" aria-label=\"Compartir en Whatsapp\" href='https:\/\/api.whatsapp.com\/send?text=https:\/\/radiorevelacionfm.cl\/?p=61392' aria-hidden='false' data-av_icon='\uf232' data-av_iconfont='entypo-fontello' title='' data-avia-related-tooltip='Compartir en Whatsapp' rel=\"noopener\"><span class='avia_hidden_link_text'>Compartir en Whatsapp<\/span><\/a><\/li><li class='av-share-link av-social-link-linkedin' ><a target=\"_blank\" aria-label=\"Compartir en LinkedIn\" href='https:\/\/linkedin.com\/shareArticle?mini=true&#038;title=Servicios%20p%C3%BAblicos%20se%20re%C3%BAnen%20para%20coordinar%20acciones%20preventivas%20ante%20contingencias%20ambientales%20de%20pesca%20y%20acuicultura&#038;url=https:\/\/radiorevelacionfm.cl\/?p=61392' aria-hidden='false' data-av_icon='\ue8fc' data-av_iconfont='entypo-fontello' title='' data-avia-related-tooltip='Compartir en LinkedIn' rel=\"noopener\"><span class='avia_hidden_link_text'>Compartir en LinkedIn<\/span><\/a><\/li><li class='av-share-link av-social-link-mail' ><a  aria-label=\"Compartir por correo\" href='mailto:?subject=Servicios%20p%C3%BAblicos%20se%20re%C3%BAnen%20para%20coordinar%20acciones%20preventivas%20ante%20contingencias%20ambientales%20de%20pesca%20y%20acuicultura&#038;body=https:\/\/radiorevelacionfm.cl\/?p=61392' aria-hidden='false' data-av_icon='\ue805' data-av_iconfont='entypo-fontello' title='' data-avia-related-tooltip='Compartir por correo'><span class='avia_hidden_link_text'>Compartir por correo<\/span><\/a><\/li><\/ul><\/div><\/div>\n<div  style='height:50px' class='hr hr-invisible   avia-builder-el-8  el_after_av_social_share  el_before_av_comments_list '><span class='hr-inner ' ><span class='hr-inner-style'><\/span><\/span><\/div>\n<div  class='av-buildercomment  av-blog-meta-html-info-disabled av-blog-meta-tag-disabled  '><\/div>\n","protected":false},"excerpt":{"rendered":"","protected":false},"author":1,"featured_media":61393,"comment_status":"closed","ping_status":"closed","sticky":false,"template":"","format":"standard","meta":{"footnotes":""},"categories":[60],"tags":[],"class_list":["post-61392","post","type-post","status-publish","format-standard","has-post-thumbnail","hentry","category-pesca"],"jetpack_featured_media_url":"https:\/\/radiorevelacionfm.cl\/wp-content\/uploads\/2025\/11\/reunion-ciica3-1-1.jpg","_links":{"self":[{"href":"https:\/\/radiorevelacionfm.cl\/index.php?rest_route=\/wp\/v2\/posts\/61392","targetHints":{"allow":["GET"]}}],"collection":[{"href":"https:\/\/radiorevelacionfm.cl\/index.php?rest_route=\/wp\/v2\/posts"}],"about":[{"href":"https:\/\/radiorevelacionfm.cl\/index.php?rest_route=\/wp\/v2\/types\/post"}],"author":[{"embeddable":true,"href":"https:\/\/radiorevelacionfm.cl\/index.php?rest_route=\/wp\/v2\/users\/1"}],"replies":[{"embeddable":true,"href":"https:\/\/radiorevelacionfm.cl\/index.php?rest_route=%2Fwp%2Fv2%2Fcomments&post=61392"}],"version-history":[{"count":2,"href":"https:\/\/radiorevelacionfm.cl\/index.php?rest_route=\/wp\/v2\/posts\/61392\/revisions"}],"predecessor-version":[{"id":61427,"href":"https:\/\/radiorevelacionfm.cl\/index.php?rest_route=\/wp\/v2\/posts\/61392\/revisions\/61427"}],"wp:featuredmedia":[{"embeddable":true,"href":"https:\/\/radiorevelacionfm.cl\/index.php?rest_route=\/wp\/v2\/media\/61393"}],"wp:attachment":[{"href":"https:\/\/radiorevelacionfm.cl\/index.php?rest_route=%2Fwp%2Fv2%2Fmedia&parent=61392"}],"wp:term":[{"taxonomy":"category","embeddable":true,"href":"https:\/\/radiorevelacionfm.cl\/index.php?rest_route=%2Fwp%2Fv2%2Fcategories&post=61392"},{"taxonomy":"post_tag","embeddable":true,"href":"https:\/\/radiorevelacionfm.cl\/index.php?rest_route=%2Fwp%2Fv2%2Ftags&post=61392"}],"curies":[{"name":"wp","href":"https:\/\/api.w.org\/{rel}","templated":true}]}}