{"id":6139,"date":"2021-07-10T15:20:03","date_gmt":"2021-07-10T18:20:03","guid":{"rendered":"https:\/\/radiorevelacionfm.cl\/?p=6139"},"modified":"2021-07-10T15:20:03","modified_gmt":"2021-07-10T18:20:03","slug":"corte-de-coyhaique-ordena-la-internacion-provisoria-de-3-adolescentes-imputados-por-robo-de-taxi","status":"publish","type":"post","link":"https:\/\/radiorevelacionfm.cl\/?p=6139","title":{"rendered":"Corte de Coyhaique ordena la internaci\u00f3n provisoria de 3 adolescentes imputados por robo de taxi"},"content":{"rendered":"<div class=\"flex_column av_one_full  flex_column_div av-zero-column-padding first  avia-builder-el-0  el_before_av_one_full  avia-builder-el-first  \" style='border-radius:0px; '><div  class='avia-image-container  av-styling-    avia-builder-el-1  avia-builder-el-no-sibling  avia-align-center '  itemprop=\"image\" itemscope=\"itemscope\" itemtype=\"https:\/\/schema.org\/ImageObject\"  ><div class='avia-image-container-inner'><div class='avia-image-overlay-wrap'><img decoding=\"async\" class='wp-image-6140 avia-img-lazy-loading-not-6140 avia_image' src=\"https:\/\/radiorevelacionfm.cl\/wp-content\/uploads\/2021\/07\/audiencia-agregada-sabado-1-1_optimized.jpg\" alt='' title='audiencia-agregada-sabado-1-(1)_optimized' height=\"600\" width=\"1446\"  itemprop=\"thumbnailUrl\" srcset=\"https:\/\/radiorevelacionfm.cl\/wp-content\/uploads\/2021\/07\/audiencia-agregada-sabado-1-1_optimized.jpg 1446w, https:\/\/radiorevelacionfm.cl\/wp-content\/uploads\/2021\/07\/audiencia-agregada-sabado-1-1_optimized-300x124.jpg 300w, https:\/\/radiorevelacionfm.cl\/wp-content\/uploads\/2021\/07\/audiencia-agregada-sabado-1-1_optimized-1030x427.jpg 1030w, https:\/\/radiorevelacionfm.cl\/wp-content\/uploads\/2021\/07\/audiencia-agregada-sabado-1-1_optimized-768x319.jpg 768w, https:\/\/radiorevelacionfm.cl\/wp-content\/uploads\/2021\/07\/audiencia-agregada-sabado-1-1_optimized-705x293.jpg 705w, https:\/\/radiorevelacionfm.cl\/wp-content\/uploads\/2021\/07\/audiencia-agregada-sabado-1-1_optimized-600x249.jpg 600w\" sizes=\"(max-width: 1446px) 100vw, 1446px\" \/><\/div><\/div><\/div><\/div><div class=\"flex_column av_one_full  flex_column_div av-zero-column-padding first  avia-builder-el-2  el_after_av_one_full  el_before_av_one_full  column-top-margin\" style='border-radius:0px; '><section class=\"av_textblock_section \"  itemscope=\"itemscope\" itemtype=\"https:\/\/schema.org\/BlogPosting\" itemprop=\"blogPost\" ><div class='avia_textblock  '   itemprop=\"text\" ><p style=\"text-align: center;\"><strong><span style=\"font-size: 18pt;\">Corte de Coyhaique ordena la internaci\u00f3n provisoria de 3 adolescentes imputados por robo de taxi <\/span><\/strong><\/p>\n<div id=\"gtx-trans\" style=\"position: absolute; left: -50px; top: 4.31534px;\">\n<div class=\"gtx-trans-icon\"><\/div>\n<\/div>\n<\/div><\/section><\/div><div class=\"flex_column av_one_full  flex_column_div av-zero-column-padding first  avia-builder-el-4  el_after_av_one_full  el_before_av_hr  column-top-margin\" style='border-radius:0px; '><section class=\"av_textblock_section \"  itemscope=\"itemscope\" itemtype=\"https:\/\/schema.org\/BlogPosting\" itemprop=\"blogPost\" ><div class='avia_textblock  '   itemprop=\"text\" ><p style=\"font-weight: 400; text-align: justify;\">La Corte de Coyhaique acogi\u00f3 hoy \u2013s\u00e1bado 10 de julio\u2013 el recurso de apelaci\u00f3n presentado por del Ministerio P\u00fablico y decret\u00f3 la medida cautelar de internaci\u00f3n provisoria de los adolescentes D.A.S.G., V.H.P.S. y J.C.M.D., imputados como autores del delito consumado de robo con intimidaci\u00f3n. Il\u00edcito perpetrado el pasado mi\u00e9rcoles, en la ciudad.<\/p>\n<p style=\"font-weight: 400; text-align: justify;\">En fallo un\u00e1nime (causa rol 187-2021), la Primera Sala del tribunal de alzada \u2013integrada por los ministros Natalia Rencoret, Jos\u00e9 Ignacio Mora Trujillo y el fiscal judicial Luis Contreras\u2013 revoc\u00f3 la resoluci\u00f3n apelada, dictada por el Juzgado de Garant\u00eda de Coyhaique, que hab\u00eda dejado a los adolescentes sujetos a la medida de arresto domiciliario total.<\/p>\n<p style=\"font-weight: 400; text-align: justify;\">\u201cAtendido el m\u00e9rito de los antecedentes que se conocen, alegaciones de los intervinientes, estim\u00e1ndose\u00a0que existen indicios que dan cuenta de la existencia del delito que se investiga y por el cual se le formaliz\u00f3 a los imputados adolescentes\u00a0D.A. S.G., V.H.P.S y J.C.M.D., as\u00ed como de la participaci\u00f3n que se les atribuye en \u00e9l; considerando que la libertad de estos\u00a0constituye un peligro para la seguridad de la sociedad, en raz\u00f3n de la gravedad de la pena asignada al delito, car\u00e1cter y forma de comisi\u00f3n del mismo; y en raz\u00f3n de lo dispuesto en los art\u00edculos 139 y 140 del C\u00f3digo Procesal Penal, y art\u00edculo 32 y siguientes de la Ley 20.084,\u00a0<strong>SE REVOCA<\/strong>, la resoluci\u00f3n apelada de fecha 9 de julio de 2021, por la cual se deneg\u00f3 la medida cautelar de internaci\u00f3n provisoria de los imputados\u00a0adolescentes\u00a0<strong>D.A.S.G.<\/strong>,\u00a0<strong>V.H.P.S.<\/strong>, y\u00a0<strong>J.C.M.D.<\/strong>,\u00a0y en su lugar se impone a los encartados la referida medida cautelar de internaci\u00f3n provisoria\u201d, consigna la resoluci\u00f3n.<\/p>\n<p style=\"font-weight: 400; text-align: justify;\">Seg\u00fan el ente persecutor, alrededor de las 22:40 horas del mi\u00e9rcoles 7 de julio de 2021, la v\u00edctima, el taxista Richard Argel Levic\u00e1n, concurri\u00f3 a prestar un servicio solicitado hasta las calles Alejandro Guti\u00e9rrez con Freire de la ciudad de Coyhaique, punto donde deb\u00eda recoger y trasladar a cuatro pasajeros. En el lugar, subieron al veh\u00edculo los tres imputados adolescentes y un adulto (en prisi\u00f3n preventiva), quienes le indicaron como destino el mirador Marchant.<\/p>\n<p style=\"font-weight: 400; text-align: justify;\">Una vez que arribaron al mirador, el sujeto que iba en el asiento del copiloto, procedi\u00f3 a sacar un arma blanca desde sus vestimentas, tipo cortapluma, la que coloc\u00f3 en el cuello del conductor, exigi\u00e9ndole bajarse y no decir nada; en tanto, los que ocupaban los asientos traseros del autom\u00f3vil de alquiler, amenazaban a la v\u00edctima con dispararle, por lo que Argel Levic\u00e1n descendi\u00f3 del veh\u00edculo.<\/p>\n<p style=\"font-weight: 400; text-align: justify;\">A bordo del taxi, los imputados escaparon en direcci\u00f3n a la localidad de Villa Ma\u00f1ihuales. Advertida la polic\u00eda del robo, se inici\u00f3 una persecuci\u00f3n del m\u00f3vil sustra\u00eddo por la Ruta X-50, la que culmin\u00f3 cuando los imputados perdieron el control del m\u00f3vil, cayendo de costado en una zanja, lugar donde fueron detenidos por el personal policial.<\/p>\n<\/div><\/section><\/div><div  style='height:50px' class='hr hr-invisible   avia-builder-el-6  el_after_av_one_full  el_before_av_social_share '><span class='hr-inner ' ><span class='hr-inner-style'><\/span><\/span><\/div><\/p>\n<div  class='av-social-sharing-box  avia-builder-el-7  el_after_av_hr  el_before_av_hr  '><div class='av-share-box'><h5 class='av-share-link-description av-no-toc '>Compartir esta noticia<\/h5><ul class='av-share-box-list noLightbox'><li class='av-share-link av-social-link-facebook' ><a target=\"_blank\" aria-label=\"Compartir en Facebook\" href='https:\/\/www.facebook.com\/sharer.php?u=https:\/\/radiorevelacionfm.cl\/?p=6139&#038;t=Corte%20de%20Coyhaique%20ordena%20la%20internaci%C3%B3n%20provisoria%20de%203%20adolescentes%20imputados%20por%20robo%20de%20taxi' aria-hidden='false' data-av_icon='\ue8f3' data-av_iconfont='entypo-fontello' title='' data-avia-related-tooltip='Compartir en Facebook' rel=\"noopener\"><span class='avia_hidden_link_text'>Compartir en Facebook<\/span><\/a><\/li><li class='av-share-link av-social-link-twitter' ><a target=\"_blank\" aria-label=\"Compartir en Twitter\" href='https:\/\/twitter.com\/share?text=Corte%20de%20Coyhaique%20ordena%20la%20internaci%C3%B3n%20provisoria%20de%203%20adolescentes%20imputados%20por%20robo%20de%20taxi&#038;url=https:\/\/radiorevelacionfm.cl\/?p=6139' aria-hidden='false' data-av_icon='\ue8f1' data-av_iconfont='entypo-fontello' title='' data-avia-related-tooltip='Compartir en Twitter' rel=\"noopener\"><span class='avia_hidden_link_text'>Compartir en Twitter<\/span><\/a><\/li><li class='av-share-link av-social-link-whatsapp' ><a target=\"_blank\" aria-label=\"Compartir en Whatsapp\" href='https:\/\/api.whatsapp.com\/send?text=https:\/\/radiorevelacionfm.cl\/?p=6139' aria-hidden='false' data-av_icon='\uf232' data-av_iconfont='entypo-fontello' title='' data-avia-related-tooltip='Compartir en Whatsapp' rel=\"noopener\"><span class='avia_hidden_link_text'>Compartir en Whatsapp<\/span><\/a><\/li><li class='av-share-link av-social-link-linkedin' ><a target=\"_blank\" aria-label=\"Compartir en LinkedIn\" href='https:\/\/linkedin.com\/shareArticle?mini=true&#038;title=Corte%20de%20Coyhaique%20ordena%20la%20internaci%C3%B3n%20provisoria%20de%203%20adolescentes%20imputados%20por%20robo%20de%20taxi&#038;url=https:\/\/radiorevelacionfm.cl\/?p=6139' aria-hidden='false' data-av_icon='\ue8fc' data-av_iconfont='entypo-fontello' title='' data-avia-related-tooltip='Compartir en LinkedIn' rel=\"noopener\"><span class='avia_hidden_link_text'>Compartir en LinkedIn<\/span><\/a><\/li><li class='av-share-link av-social-link-mail' ><a  aria-label=\"Compartir por correo\" href='mailto:?subject=Corte%20de%20Coyhaique%20ordena%20la%20internaci%C3%B3n%20provisoria%20de%203%20adolescentes%20imputados%20por%20robo%20de%20taxi&#038;body=https:\/\/radiorevelacionfm.cl\/?p=6139' aria-hidden='false' data-av_icon='\ue805' data-av_iconfont='entypo-fontello' title='' data-avia-related-tooltip='Compartir por correo'><span class='avia_hidden_link_text'>Compartir por correo<\/span><\/a><\/li><\/ul><\/div><\/div>\n<div  style='height:50px' class='hr hr-invisible   avia-builder-el-8  el_after_av_social_share  el_before_av_comments_list '><span class='hr-inner ' ><span class='hr-inner-style'><\/span><\/span><\/div>\n<div  class='av-buildercomment  av-blog-meta-html-info-disabled av-blog-meta-tag-disabled  '><\/div>\n","protected":false},"excerpt":{"rendered":"","protected":false},"author":1,"featured_media":6140,"comment_status":"open","ping_status":"open","sticky":false,"template":"","format":"standard","meta":{"footnotes":""},"categories":[55],"tags":[],"class_list":["post-6139","post","type-post","status-publish","format-standard","has-post-thumbnail","hentry","category-justicia"],"jetpack_featured_media_url":"https:\/\/radiorevelacionfm.cl\/wp-content\/uploads\/2021\/07\/audiencia-agregada-sabado-1-1_optimized.jpg","_links":{"self":[{"href":"https:\/\/radiorevelacionfm.cl\/index.php?rest_route=\/wp\/v2\/posts\/6139","targetHints":{"allow":["GET"]}}],"collection":[{"href":"https:\/\/radiorevelacionfm.cl\/index.php?rest_route=\/wp\/v2\/posts"}],"about":[{"href":"https:\/\/radiorevelacionfm.cl\/index.php?rest_route=\/wp\/v2\/types\/post"}],"author":[{"embeddable":true,"href":"https:\/\/radiorevelacionfm.cl\/index.php?rest_route=\/wp\/v2\/users\/1"}],"replies":[{"embeddable":true,"href":"https:\/\/radiorevelacionfm.cl\/index.php?rest_route=%2Fwp%2Fv2%2Fcomments&post=6139"}],"version-history":[{"count":1,"href":"https:\/\/radiorevelacionfm.cl\/index.php?rest_route=\/wp\/v2\/posts\/6139\/revisions"}],"predecessor-version":[{"id":6141,"href":"https:\/\/radiorevelacionfm.cl\/index.php?rest_route=\/wp\/v2\/posts\/6139\/revisions\/6141"}],"wp:featuredmedia":[{"embeddable":true,"href":"https:\/\/radiorevelacionfm.cl\/index.php?rest_route=\/wp\/v2\/media\/6140"}],"wp:attachment":[{"href":"https:\/\/radiorevelacionfm.cl\/index.php?rest_route=%2Fwp%2Fv2%2Fmedia&parent=6139"}],"wp:term":[{"taxonomy":"category","embeddable":true,"href":"https:\/\/radiorevelacionfm.cl\/index.php?rest_route=%2Fwp%2Fv2%2Fcategories&post=6139"},{"taxonomy":"post_tag","embeddable":true,"href":"https:\/\/radiorevelacionfm.cl\/index.php?rest_route=%2Fwp%2Fv2%2Ftags&post=6139"}],"curies":[{"name":"wp","href":"https:\/\/api.w.org\/{rel}","templated":true}]}}