{"id":61389,"date":"2025-11-14T19:18:47","date_gmt":"2025-11-14T22:18:47","guid":{"rendered":"https:\/\/radiorevelacionfm.cl\/?p=61389"},"modified":"2025-11-14T19:18:47","modified_gmt":"2025-11-14T22:18:47","slug":"89-servicios-de-transporte-conectaran-a-votantes-de-zonas-rurales-y-aisladas","status":"publish","type":"post","link":"https:\/\/radiorevelacionfm.cl\/?p=61389","title":{"rendered":"89 servicios de transporte conectar\u00e1n a votantes de zonas rurales y aisladas"},"content":{"rendered":"<div class=\"flex_column av_one_full  flex_column_div av-zero-column-padding first  avia-builder-el-0  el_before_av_one_full  avia-builder-el-first  \" style='border-radius:0px; '><div  class='avia-image-container  av-styling-    avia-builder-el-1  avia-builder-el-no-sibling  avia-align-center '  itemprop=\"image\" itemscope=\"itemscope\" itemtype=\"https:\/\/schema.org\/ImageObject\"  ><div class='avia-image-container-inner'><div class='avia-image-overlay-wrap'><img decoding=\"async\" class='wp-image-61390 avia-img-lazy-loading-not-61390 avia_image' src=\"https:\/\/radiorevelacionfm.cl\/wp-content\/uploads\/2025\/11\/IMG-20241027-WA0012-1-1.jpg\" alt='' title='IMG-20241027-WA0012 (1) (1)' height=\"600\" width=\"600\"  itemprop=\"thumbnailUrl\" srcset=\"https:\/\/radiorevelacionfm.cl\/wp-content\/uploads\/2025\/11\/IMG-20241027-WA0012-1-1.jpg 600w, https:\/\/radiorevelacionfm.cl\/wp-content\/uploads\/2025\/11\/IMG-20241027-WA0012-1-1-300x300.jpg 300w, https:\/\/radiorevelacionfm.cl\/wp-content\/uploads\/2025\/11\/IMG-20241027-WA0012-1-1-80x80.jpg 80w, https:\/\/radiorevelacionfm.cl\/wp-content\/uploads\/2025\/11\/IMG-20241027-WA0012-1-1-36x36.jpg 36w, https:\/\/radiorevelacionfm.cl\/wp-content\/uploads\/2025\/11\/IMG-20241027-WA0012-1-1-180x180.jpg 180w, https:\/\/radiorevelacionfm.cl\/wp-content\/uploads\/2025\/11\/IMG-20241027-WA0012-1-1-120x120.jpg 120w, https:\/\/radiorevelacionfm.cl\/wp-content\/uploads\/2025\/11\/IMG-20241027-WA0012-1-1-450x450.jpg 450w, https:\/\/radiorevelacionfm.cl\/wp-content\/uploads\/2025\/11\/IMG-20241027-WA0012-1-1-100x100.jpg 100w\" sizes=\"(max-width: 600px) 100vw, 600px\" \/><\/div><\/div><\/div><\/div><div class=\"flex_column av_one_full  flex_column_div av-zero-column-padding first  avia-builder-el-2  el_after_av_one_full  el_before_av_one_full  column-top-margin\" style='border-radius:0px; '><section class=\"av_textblock_section \"  itemscope=\"itemscope\" itemtype=\"https:\/\/schema.org\/BlogPosting\" itemprop=\"blogPost\" ><div class='avia_textblock  '   itemprop=\"text\" ><p style=\"text-align: center;\"><span style=\"font-size: 18pt;\"><b>89 servicios de transporte conectar\u00e1n a votantes de zonas rurales y aisladas<\/b><\/span><\/p>\n<div id=\"gtx-trans\" style=\"position: absolute; left: -50px; top: 4.31534px;\">\n<div class=\"gtx-trans-icon\"><\/div>\n<\/div>\n<\/div><\/section><\/div><div class=\"flex_column av_one_full  flex_column_div av-zero-column-padding first  avia-builder-el-4  el_after_av_one_full  el_before_av_hr  column-top-margin\" style='border-radius:0px; '><section class=\"av_textblock_section \"  itemscope=\"itemscope\" itemtype=\"https:\/\/schema.org\/BlogPosting\" itemprop=\"blogPost\" ><div class='avia_textblock  '   itemprop=\"text\" ><div>\n<p style=\"text-align: justify;\"><em>Este domingo 16 de noviembre, con medios de transporte terrestres, lacustres, mar\u00edtimos y fluviales el ministerio de Transportes y Telecomunicaciones har\u00e1 posible la conectividad para acercar a la ciudadan\u00eda a sus respectivos locales de votaci\u00f3n en centros poblados.\u00a0<\/em><\/p>\n<p style=\"text-align: justify;\">Este domingo 16 de noviembre miles de ayseninos se movilizar\u00e1n en toda la regi\u00f3n para poder asistir a sus locales de votaci\u00f3n para emitir el sufragio en las elecciones presidenciales y parlamentarias. Ante la obligatoriedad de participar en este proceso democr\u00e1tico, muchos habitantes de las zonas m\u00e1s remotas de Chile y de la regi\u00f3n requieren servicios de transportes especiales que les permita ejercer su deber c\u00edvico.<\/p>\n<p style=\"text-align: justify;\">Para este fin, y tal como en comicios anteriores, el ministerio de Transportes y Telecomunicaciones dispone de itinerarios especiales y tambi\u00e9n, se generan viajes con las rutas de transporte ya existentes. El seremiTT Hans Zimmermann detall\u00f3 que en esta oportunidad, 89 rutas terrestres, mar\u00edtimas, lacustres y fluviales cumplir\u00e1n el cometido de acercar a los habitantes de zonas rurales y aisladas de Ays\u00e9n a las m\u00e1s de 274 mesas electorales de la regi\u00f3n.<\/p>\n<p style=\"text-align: justify;\">\u201cEs importante que la gente sepa que no solamente se trata de los servicios regulares del ministerio, sino que en un esfuerzo conjunto que se hace con el ministerio del Interior se gestionan entre 25 y 30 servicios especiales para el d\u00eda de elecciones. Estos servicios en su mayor\u00eda son servicios gratuitos, particularmente los servicios terrestres tienen costo cero para los ciudadanos y esperamos que puedan ser bien utilizados por la comunidad para poder concurrir hacia los locales de votaci\u00f3n. La informaci\u00f3n y el detalle de cada uno de los itinerarios y horarios de operaci\u00f3n est\u00e1n disponibles en las redes sociales de la seremiTT Regi\u00f3n de Ays\u00e9n, plataformas del ministerio de Transportes, tambi\u00e9n de la Delegaci\u00f3n Presidencial Regional, la seremia de Gobierno y el SERVEL que tambi\u00e9n nos ha querido colaborar con la difusi\u00f3n de esta importante informaci\u00f3n\u201d.<\/p>\n<p style=\"text-align: justify;\">El delegado presidencial regional Jorge D\u00edaz, agreg\u00f3 que tambi\u00e9n habr\u00e1n recorridos especiales de transportes en las mesas de votaci\u00f3n implementadas recientemente en Puerto Gala y Puerto Bertrand. \u201cPor primera vez tenemos una mesa en Puerto Bertrand y tambi\u00e9n en el litoral, en Puerto Gala, frente a Puerto Cisnes, que ya se estren\u00f3 la elecci\u00f3n anterior. Nosotros hemos tenido cuatro elecciones como gobierno, por lo tanto estamos bien entrenados respecto de c\u00f3mo hacerlo. Tambi\u00e9n haremos una revisi\u00f3n final para que tengamos una buena jornada c\u00edvica donde toda la regi\u00f3n de Ays\u00e9n pueda concurrir\u201d.<\/p>\n<p style=\"text-align: justify;\">Respecto a la eventualidad de que las personas en distintos puntos de la regi\u00f3n no puedan concurrir a votar la seremi de Gobierno \u00darsula Mix inform\u00f3 de las opciones para presentar las excusas. \u201cNosotros estamos haciendo difusi\u00f3n de los distintos lugares tambi\u00e9n donde se tienen que excusar, van a ser las comisar\u00edas, los retenes y particularmente ac\u00e1 en Coyhaique va a estar el terminal de buses para que las personas vayan a hacer tambi\u00e9n su excusa por estar a m\u00e1s de 200 kil\u00f3metros de su lugar de votaci\u00f3n. As\u00ed que eso es s\u00faper importante para que cuando sean citados al juzgado de polic\u00eda local tengan este respaldo o certificados si tuvo una urgencia m\u00e9dica o su pasaje si est\u00e1 en el extranjero\u201d.<\/p>\n<p style=\"text-align: justify;\">Los recorridos de transporte tambi\u00e9n estar\u00e1n disponibles en la web en la p\u00e1gina\u00a0<a href=\"http:\/\/elecciones.dtpr.cl\/\" target=\"_blank\" rel=\"noopener\" data-saferedirecturl=\"https:\/\/www.google.com\/url?q=http:\/\/elecciones.dtpr.cl&amp;source=gmail&amp;ust=1763152510614000&amp;usg=AOvVaw3yesXFDYPYQqw99JBOe3YU\">elecciones.dtpr.cl<\/a>\u00a0para consulta de los votantes, as\u00ed como en redes sociales de la seremitt en Instagram: @mttaysen y Fan Page de Facebook: Seremitt Regi\u00f3n de Ays\u00e9n.<\/p>\n<\/div>\n<div style=\"text-align: justify;\"><\/div>\n<\/div><\/section><\/div><div  style='height:50px' class='hr hr-invisible   avia-builder-el-6  el_after_av_one_full  el_before_av_social_share '><span class='hr-inner ' ><span class='hr-inner-style'><\/span><\/span><\/div><\/p>\n<div  class='av-social-sharing-box  avia-builder-el-7  el_after_av_hr  el_before_av_hr  '><div class='av-share-box'><h5 class='av-share-link-description av-no-toc '>Compartir esta noticia<\/h5><ul class='av-share-box-list noLightbox'><li class='av-share-link av-social-link-facebook' ><a target=\"_blank\" aria-label=\"Compartir en Facebook\" href='https:\/\/www.facebook.com\/sharer.php?u=https:\/\/radiorevelacionfm.cl\/?p=61389&#038;t=89%20servicios%20de%20transporte%20conectar%C3%A1n%20a%20votantes%20de%20zonas%20rurales%20y%20aisladas' aria-hidden='false' data-av_icon='\ue8f3' data-av_iconfont='entypo-fontello' title='' data-avia-related-tooltip='Compartir en Facebook' rel=\"noopener\"><span class='avia_hidden_link_text'>Compartir en Facebook<\/span><\/a><\/li><li class='av-share-link av-social-link-twitter' ><a target=\"_blank\" aria-label=\"Compartir en Twitter\" href='https:\/\/twitter.com\/share?text=89%20servicios%20de%20transporte%20conectar%C3%A1n%20a%20votantes%20de%20zonas%20rurales%20y%20aisladas&#038;url=https:\/\/radiorevelacionfm.cl\/?p=61389' aria-hidden='false' data-av_icon='\ue8f1' data-av_iconfont='entypo-fontello' title='' data-avia-related-tooltip='Compartir en Twitter' rel=\"noopener\"><span class='avia_hidden_link_text'>Compartir en Twitter<\/span><\/a><\/li><li class='av-share-link av-social-link-whatsapp' ><a target=\"_blank\" aria-label=\"Compartir en Whatsapp\" href='https:\/\/api.whatsapp.com\/send?text=https:\/\/radiorevelacionfm.cl\/?p=61389' aria-hidden='false' data-av_icon='\uf232' data-av_iconfont='entypo-fontello' title='' data-avia-related-tooltip='Compartir en Whatsapp' rel=\"noopener\"><span class='avia_hidden_link_text'>Compartir en Whatsapp<\/span><\/a><\/li><li class='av-share-link av-social-link-linkedin' ><a target=\"_blank\" aria-label=\"Compartir en LinkedIn\" href='https:\/\/linkedin.com\/shareArticle?mini=true&#038;title=89%20servicios%20de%20transporte%20conectar%C3%A1n%20a%20votantes%20de%20zonas%20rurales%20y%20aisladas&#038;url=https:\/\/radiorevelacionfm.cl\/?p=61389' aria-hidden='false' data-av_icon='\ue8fc' data-av_iconfont='entypo-fontello' title='' data-avia-related-tooltip='Compartir en LinkedIn' rel=\"noopener\"><span class='avia_hidden_link_text'>Compartir en LinkedIn<\/span><\/a><\/li><li class='av-share-link av-social-link-mail' ><a  aria-label=\"Compartir por correo\" href='mailto:?subject=89%20servicios%20de%20transporte%20conectar%C3%A1n%20a%20votantes%20de%20zonas%20rurales%20y%20aisladas&#038;body=https:\/\/radiorevelacionfm.cl\/?p=61389' aria-hidden='false' data-av_icon='\ue805' data-av_iconfont='entypo-fontello' title='' data-avia-related-tooltip='Compartir por correo'><span class='avia_hidden_link_text'>Compartir por correo<\/span><\/a><\/li><\/ul><\/div><\/div>\n<div  style='height:50px' class='hr hr-invisible   avia-builder-el-8  el_after_av_social_share  el_before_av_comments_list '><span class='hr-inner ' ><span class='hr-inner-style'><\/span><\/span><\/div>\n<div  class='av-buildercomment  av-blog-meta-html-info-disabled av-blog-meta-tag-disabled  '><\/div>\n","protected":false},"excerpt":{"rendered":"","protected":false},"author":1,"featured_media":61390,"comment_status":"closed","ping_status":"closed","sticky":false,"template":"","format":"standard","meta":{"footnotes":""},"categories":[38],"tags":[],"class_list":["post-61389","post","type-post","status-publish","format-standard","has-post-thumbnail","hentry","category-regional"],"jetpack_featured_media_url":"https:\/\/radiorevelacionfm.cl\/wp-content\/uploads\/2025\/11\/IMG-20241027-WA0012-1-1.jpg","_links":{"self":[{"href":"https:\/\/radiorevelacionfm.cl\/index.php?rest_route=\/wp\/v2\/posts\/61389","targetHints":{"allow":["GET"]}}],"collection":[{"href":"https:\/\/radiorevelacionfm.cl\/index.php?rest_route=\/wp\/v2\/posts"}],"about":[{"href":"https:\/\/radiorevelacionfm.cl\/index.php?rest_route=\/wp\/v2\/types\/post"}],"author":[{"embeddable":true,"href":"https:\/\/radiorevelacionfm.cl\/index.php?rest_route=\/wp\/v2\/users\/1"}],"replies":[{"embeddable":true,"href":"https:\/\/radiorevelacionfm.cl\/index.php?rest_route=%2Fwp%2Fv2%2Fcomments&post=61389"}],"version-history":[{"count":2,"href":"https:\/\/radiorevelacionfm.cl\/index.php?rest_route=\/wp\/v2\/posts\/61389\/revisions"}],"predecessor-version":[{"id":61455,"href":"https:\/\/radiorevelacionfm.cl\/index.php?rest_route=\/wp\/v2\/posts\/61389\/revisions\/61455"}],"wp:featuredmedia":[{"embeddable":true,"href":"https:\/\/radiorevelacionfm.cl\/index.php?rest_route=\/wp\/v2\/media\/61390"}],"wp:attachment":[{"href":"https:\/\/radiorevelacionfm.cl\/index.php?rest_route=%2Fwp%2Fv2%2Fmedia&parent=61389"}],"wp:term":[{"taxonomy":"category","embeddable":true,"href":"https:\/\/radiorevelacionfm.cl\/index.php?rest_route=%2Fwp%2Fv2%2Fcategories&post=61389"},{"taxonomy":"post_tag","embeddable":true,"href":"https:\/\/radiorevelacionfm.cl\/index.php?rest_route=%2Fwp%2Fv2%2Ftags&post=61389"}],"curies":[{"name":"wp","href":"https:\/\/api.w.org\/{rel}","templated":true}]}}