{"id":61386,"date":"2025-11-14T11:19:25","date_gmt":"2025-11-14T14:19:25","guid":{"rendered":"https:\/\/radiorevelacionfm.cl\/?p=61386"},"modified":"2025-11-14T11:19:25","modified_gmt":"2025-11-14T14:19:25","slug":"delegado-presidencial-provincial-de-aysen-realizo-reunion-de-coordinacion-para-estas-elecciones-2025","status":"publish","type":"post","link":"https:\/\/radiorevelacionfm.cl\/?p=61386","title":{"rendered":"Delegado Presidencial Provincial de Ays\u00e9n realiz\u00f3 reuni\u00f3n de coordinaci\u00f3n para estas Elecciones 2025"},"content":{"rendered":"<div class=\"flex_column av_one_full  flex_column_div av-zero-column-padding first  avia-builder-el-0  el_before_av_one_full  avia-builder-el-first  \" style='border-radius:0px; '><div  class='avia-image-container  av-styling-    avia-builder-el-1  avia-builder-el-no-sibling  avia-align-center '  itemprop=\"image\" itemscope=\"itemscope\" itemtype=\"https:\/\/schema.org\/ImageObject\"  ><div class='avia-image-container-inner'><div class='avia-image-overlay-wrap'><img decoding=\"async\" class='wp-image-61387 avia-img-lazy-loading-not-61387 avia_image' src=\"https:\/\/radiorevelacionfm.cl\/wp-content\/uploads\/2025\/11\/WhatsApp-Image-2025-11-13-at-16.13.39-1-1.jpeg\" alt='' title='WhatsApp Image 2025-11-13 at 16.13.39 (1) (1)' height=\"600\" width=\"800\"  itemprop=\"thumbnailUrl\" srcset=\"https:\/\/radiorevelacionfm.cl\/wp-content\/uploads\/2025\/11\/WhatsApp-Image-2025-11-13-at-16.13.39-1-1.jpeg 800w, https:\/\/radiorevelacionfm.cl\/wp-content\/uploads\/2025\/11\/WhatsApp-Image-2025-11-13-at-16.13.39-1-1-300x225.jpeg 300w, https:\/\/radiorevelacionfm.cl\/wp-content\/uploads\/2025\/11\/WhatsApp-Image-2025-11-13-at-16.13.39-1-1-768x576.jpeg 768w, https:\/\/radiorevelacionfm.cl\/wp-content\/uploads\/2025\/11\/WhatsApp-Image-2025-11-13-at-16.13.39-1-1-705x529.jpeg 705w, https:\/\/radiorevelacionfm.cl\/wp-content\/uploads\/2025\/11\/WhatsApp-Image-2025-11-13-at-16.13.39-1-1-450x338.jpeg 450w, https:\/\/radiorevelacionfm.cl\/wp-content\/uploads\/2025\/11\/WhatsApp-Image-2025-11-13-at-16.13.39-1-1-600x450.jpeg 600w\" sizes=\"(max-width: 800px) 100vw, 800px\" \/><\/div><\/div><\/div><\/div><div class=\"flex_column av_one_full  flex_column_div av-zero-column-padding first  avia-builder-el-2  el_after_av_one_full  el_before_av_one_full  column-top-margin\" style='border-radius:0px; '><section class=\"av_textblock_section \"  itemscope=\"itemscope\" itemtype=\"https:\/\/schema.org\/BlogPosting\" itemprop=\"blogPost\" ><div class='avia_textblock  '   itemprop=\"text\" ><p style=\"text-align: center;\"><span style=\"font-size: 18pt;\"><strong>Delegado Presidencial Provincial de Ays\u00e9n realiz\u00f3 reuni\u00f3n de coordinaci\u00f3n para estas Elecciones 2025<\/strong><\/span><\/p>\n<div id=\"gtx-trans\" style=\"position: absolute; left: -50px; top: 4.31534px;\">\n<div class=\"gtx-trans-icon\"><\/div>\n<\/div>\n<\/div><\/section><\/div><div class=\"flex_column av_one_full  flex_column_div av-zero-column-padding first  avia-builder-el-4  el_after_av_one_full  el_before_av_hr  column-top-margin\" style='border-radius:0px; '><section class=\"av_textblock_section \"  itemscope=\"itemscope\" itemtype=\"https:\/\/schema.org\/BlogPosting\" itemprop=\"blogPost\" ><div class='avia_textblock  '   itemprop=\"text\" ><p style=\"text-align: justify;\">Esta semana el Delegado, Rodrigo Moreno Rivera, cito una reuni\u00f3n para coordinar entre las instituciones de gobierno, educaci\u00f3n y las fuerzas de orden p\u00fablico para tener un esquema claro de las funciones y acciones de cada uno para este fin de semana donde se vivir\u00e1 el proceso democr\u00e1tico para elegir a presidente y parlamentarios en cada regi\u00f3n.<\/p>\n<p style=\"text-align: justify;\">Durante la reuni\u00f3n se ajustaron diversas tareas a ejecutar durante estos d\u00edas, en el marco de la coordinaci\u00f3n log\u00edstica, operativa y en gesti\u00f3n.<\/p>\n<p style=\"text-align: justify;\">El Delegado, Rodrigo Moreno Rivera, se\u00f1al\u00f3 que, \u201cAcabamos de finalizar una reuni\u00f3n bastante ejecutiva, con las distintas instituciones que participan de este proceso eleccionario que se nos viene este 16 de noviembre, para que la ciudadan\u00eda pueda asistir de la manera m\u00e1s tranquila y c\u00f3moda posible, estuvimos con Carabineros, Slep, Servel, Armada, Ejercito, Ministerio de Transporte y adem\u00e1s participaron las 3\u00a0 municipalidades de la provincia, Guaitecas, Puerto Cisnes y Ays\u00e9n, pudimos realizar una coordinaci\u00f3n para que este domingo se pueda realizar un proceso transparente y en armon\u00eda\u201d.<\/p>\n<p style=\"text-align: justify;\">Por otro lado desde Servel, Miguel \u00c1ngel Ortiz, afirmo que, \u201choy junto al director regional hemos participado en la reuni\u00f3n de coordinaci\u00f3n junto al Delegado y los dem\u00e1s servicios e instituciones para poder dejar y entregar la voluntad de servicio para que este domingo se produzca un proceso exitoso. Existen algunos hitos esta semana que hemos procurado en difundir informaci\u00f3n respecto a lo que se viene este fin de semana, el primer hito se cumple el d\u00eda jueves donde termina la propaganda electoral, desde ese d\u00eda a las 00:00 horas no se puede pegar ninguna propaganda en espacio p\u00fablico ni privado, ni por supuesto en ning\u00fan tipo de medio ni radioemisora. Recordar que es una votaci\u00f3n la de este domingo de car\u00e1cter obligatorio, eso establece m\u00e1s flujo de votantes lo que puede generar aglomeraciones, as\u00ed que se organicen bien antes de ir a votar, revisar su mesa y local de votaci\u00f3n previamente\u201d.<\/p>\n<p style=\"text-align: justify;\">As\u00ed tambi\u00e9n por parte de Cu\u00f1a SLEP, Marco Rojas, Coordinador de la oficina local de SLEP, puntualiz\u00f3 que, \u00a0\u201cNosotros para la provincia tenemos 13 establecimientos dispuestos a ser entregados, \u00a0se realzara la entrega a partir e las 17 horas del d\u00eda viernes, a excepci\u00f3n de los colegios que pidieron suspensi\u00f3n de clases, con el municipio tambi\u00e9n estamos trabajando en conjunto para ver el tema de urnas y c\u00e1maras. Los establecimientos funcionan con normalidad el d\u00eda viernes, se hacen entrega a las 5 de la tarde y se entrega el d\u00eda lunes 8 de la ma\u00f1ana; cabe destacar que al menos en Puerto Ays\u00e9n, no hay suspensi\u00f3n de clases\u201d.<\/p>\n<p style=\"text-align: justify;\">Hans Zimmermann Seremi de Transporte y telecomunicaciones, afirm\u00f3 que, \u201cLo que respecta a la labor del Ministerio de Transporte durante el proceso de elecciones particularmente en la regi\u00f3n de Ays\u00e9n, vamos a poner a disposici\u00f3n 82 servicios de transporte, y en la provincia de Ays\u00e9n, 20 servicios terrestres y mar\u00edtimos, estos servicios son gratuitos y a partir del d\u00eda de hoy en nuestras plataformas estaremos informando el horario. La idea es que nadie se quede sin poder acudir a las urnas por no contar con un medio de transporte o movilizaci\u00f3n para poder ejercer el derecho de sufragio\u201d.<\/p>\n<p style=\"text-align: justify;\">Comandante Lorenzo Pannes, Sub Jefe de la comandancia de Guarnici\u00f3n Naval de Puerto Ays\u00e9n, se\u00f1al\u00f3 que,\u201cSomos parte de un grupo intersectorial, trabajamos de manera coordinada, acabamos de tener una reuni\u00f3n con nuestro Delegado Provincial para afinar los detalles. En lo que respecta a nosotros nuestros desplazamientos se efectuaran y daremos cobertura y seguridad a los locales de votaci\u00f3n que est\u00e1n ubicados en Melinka, Islas Huichas y Puerto Gala, ah\u00ed se constituye personal naval y a contar del viernes hasta el d\u00eda lunes. En esa labor estamos desplegados por unidades mar\u00edtimas y el personal de tierra que estar\u00e1n a disposici\u00f3n de recintos\u201d.<\/p>\n<\/div><\/section><\/div><div  style='height:50px' class='hr hr-invisible   avia-builder-el-6  el_after_av_one_full  el_before_av_social_share '><span class='hr-inner ' ><span class='hr-inner-style'><\/span><\/span><\/div><\/p>\n<div  class='av-social-sharing-box  avia-builder-el-7  el_after_av_hr  el_before_av_hr  '><div class='av-share-box'><h5 class='av-share-link-description av-no-toc '>Compartir esta noticia<\/h5><ul class='av-share-box-list noLightbox'><li class='av-share-link av-social-link-facebook' ><a target=\"_blank\" aria-label=\"Compartir en Facebook\" href='https:\/\/www.facebook.com\/sharer.php?u=https:\/\/radiorevelacionfm.cl\/?p=61386&#038;t=Delegado%20Presidencial%20Provincial%20de%20Ays%C3%A9n%20realiz%C3%B3%20reuni%C3%B3n%20de%20coordinaci%C3%B3n%20para%20estas%20Elecciones%202025' aria-hidden='false' data-av_icon='\ue8f3' data-av_iconfont='entypo-fontello' title='' data-avia-related-tooltip='Compartir en Facebook' rel=\"noopener\"><span class='avia_hidden_link_text'>Compartir en Facebook<\/span><\/a><\/li><li class='av-share-link av-social-link-twitter' ><a target=\"_blank\" aria-label=\"Compartir en Twitter\" href='https:\/\/twitter.com\/share?text=Delegado%20Presidencial%20Provincial%20de%20Ays%C3%A9n%20realiz%C3%B3%20reuni%C3%B3n%20de%20coordinaci%C3%B3n%20para%20estas%20Elecciones%202025&#038;url=https:\/\/radiorevelacionfm.cl\/?p=61386' aria-hidden='false' data-av_icon='\ue8f1' data-av_iconfont='entypo-fontello' title='' data-avia-related-tooltip='Compartir en Twitter' rel=\"noopener\"><span class='avia_hidden_link_text'>Compartir en Twitter<\/span><\/a><\/li><li class='av-share-link av-social-link-whatsapp' ><a target=\"_blank\" aria-label=\"Compartir en Whatsapp\" href='https:\/\/api.whatsapp.com\/send?text=https:\/\/radiorevelacionfm.cl\/?p=61386' aria-hidden='false' data-av_icon='\uf232' data-av_iconfont='entypo-fontello' title='' data-avia-related-tooltip='Compartir en Whatsapp' rel=\"noopener\"><span class='avia_hidden_link_text'>Compartir en Whatsapp<\/span><\/a><\/li><li class='av-share-link av-social-link-linkedin' ><a target=\"_blank\" aria-label=\"Compartir en LinkedIn\" href='https:\/\/linkedin.com\/shareArticle?mini=true&#038;title=Delegado%20Presidencial%20Provincial%20de%20Ays%C3%A9n%20realiz%C3%B3%20reuni%C3%B3n%20de%20coordinaci%C3%B3n%20para%20estas%20Elecciones%202025&#038;url=https:\/\/radiorevelacionfm.cl\/?p=61386' aria-hidden='false' data-av_icon='\ue8fc' data-av_iconfont='entypo-fontello' title='' data-avia-related-tooltip='Compartir en LinkedIn' rel=\"noopener\"><span class='avia_hidden_link_text'>Compartir en LinkedIn<\/span><\/a><\/li><li class='av-share-link av-social-link-mail' ><a  aria-label=\"Compartir por correo\" href='mailto:?subject=Delegado%20Presidencial%20Provincial%20de%20Ays%C3%A9n%20realiz%C3%B3%20reuni%C3%B3n%20de%20coordinaci%C3%B3n%20para%20estas%20Elecciones%202025&#038;body=https:\/\/radiorevelacionfm.cl\/?p=61386' aria-hidden='false' data-av_icon='\ue805' data-av_iconfont='entypo-fontello' title='' data-avia-related-tooltip='Compartir por correo'><span class='avia_hidden_link_text'>Compartir por correo<\/span><\/a><\/li><\/ul><\/div><\/div>\n<div  style='height:50px' class='hr hr-invisible   avia-builder-el-8  el_after_av_social_share  el_before_av_comments_list '><span class='hr-inner ' ><span class='hr-inner-style'><\/span><\/span><\/div>\n<div  class='av-buildercomment  av-blog-meta-html-info-disabled av-blog-meta-tag-disabled  '><\/div>\n","protected":false},"excerpt":{"rendered":"","protected":false},"author":1,"featured_media":61387,"comment_status":"closed","ping_status":"closed","sticky":false,"template":"","format":"standard","meta":{"footnotes":""},"categories":[38],"tags":[],"class_list":["post-61386","post","type-post","status-publish","format-standard","has-post-thumbnail","hentry","category-regional"],"jetpack_featured_media_url":"https:\/\/radiorevelacionfm.cl\/wp-content\/uploads\/2025\/11\/WhatsApp-Image-2025-11-13-at-16.13.39-1-1.jpeg","_links":{"self":[{"href":"https:\/\/radiorevelacionfm.cl\/index.php?rest_route=\/wp\/v2\/posts\/61386","targetHints":{"allow":["GET"]}}],"collection":[{"href":"https:\/\/radiorevelacionfm.cl\/index.php?rest_route=\/wp\/v2\/posts"}],"about":[{"href":"https:\/\/radiorevelacionfm.cl\/index.php?rest_route=\/wp\/v2\/types\/post"}],"author":[{"embeddable":true,"href":"https:\/\/radiorevelacionfm.cl\/index.php?rest_route=\/wp\/v2\/users\/1"}],"replies":[{"embeddable":true,"href":"https:\/\/radiorevelacionfm.cl\/index.php?rest_route=%2Fwp%2Fv2%2Fcomments&post=61386"}],"version-history":[{"count":2,"href":"https:\/\/radiorevelacionfm.cl\/index.php?rest_route=\/wp\/v2\/posts\/61386\/revisions"}],"predecessor-version":[{"id":61426,"href":"https:\/\/radiorevelacionfm.cl\/index.php?rest_route=\/wp\/v2\/posts\/61386\/revisions\/61426"}],"wp:featuredmedia":[{"embeddable":true,"href":"https:\/\/radiorevelacionfm.cl\/index.php?rest_route=\/wp\/v2\/media\/61387"}],"wp:attachment":[{"href":"https:\/\/radiorevelacionfm.cl\/index.php?rest_route=%2Fwp%2Fv2%2Fmedia&parent=61386"}],"wp:term":[{"taxonomy":"category","embeddable":true,"href":"https:\/\/radiorevelacionfm.cl\/index.php?rest_route=%2Fwp%2Fv2%2Fcategories&post=61386"},{"taxonomy":"post_tag","embeddable":true,"href":"https:\/\/radiorevelacionfm.cl\/index.php?rest_route=%2Fwp%2Fv2%2Ftags&post=61386"}],"curies":[{"name":"wp","href":"https:\/\/api.w.org\/{rel}","templated":true}]}}